{"id":7585,"date":"2024-06-14T11:00:00","date_gmt":"2024-06-14T14:00:00","guid":{"rendered":"https:\/\/sgvaimudar.com.br\/?p=7585"},"modified":"2024-06-14T09:59:00","modified_gmt":"2024-06-14T12:59:00","slug":"sao-goncalo-define-datas-para-conferencia-municipal-das-cidades","status":"publish","type":"post","link":"https:\/\/sgvaimudar.com.br\/index.php\/2024\/06\/14\/sao-goncalo-define-datas-para-conferencia-municipal-das-cidades\/","title":{"rendered":"Habita\u00e7\u00e3o define datas para Confer\u00eancia Municipal das Cidades"},"content":{"rendered":"\n<p><em>Sexto encontro ser\u00e1 realizado nos dias 2 e 3 de julho<\/em><\/p>\n\n\n\n<p>A Secretaria de Habita\u00e7\u00e3o da Prefeitura de S\u00e3o Gon\u00e7alo vai realizar, entre os dias dois e tr\u00eas de julho, a 6\u00aa Confer\u00eancia Municipal das Cidades, na unidade do Sest\/Senat, do bairro Tribob\u00f3. O tema central da Confer\u00eancia ser\u00e1 \u201cConstruindo a Pol\u00edtica Nacional de Desenvolvimento Urbano: Caminhos para cidades inclusivas, democr\u00e1ticas, sustent\u00e1veis e com justi\u00e7a social\u201d.<\/p>\n\n\n\n<p>A reuni\u00e3o ser\u00e1 uma etapa preparat\u00f3ria para a 6\u00aa Confer\u00eancia Estadual da Cidade do Rio de Janeiro e a 6\u00aa Confer\u00eancia Nacional das Cidades.&nbsp;<\/p>\n\n\n\n<p>O objetivo da confer\u00eancia \u00e9 fortalecer a participa\u00e7\u00e3o social na formula\u00e7\u00e3o de pol\u00edticas p\u00fablicas efetivas, destinadas ao desenvolvimento urbano, \u00e0 habita\u00e7\u00e3o, aos territ\u00f3rios perif\u00e9ricos, \u00e0 mobilidade urbana e ao saneamento b\u00e1sico, voltada \u00e0 elabora\u00e7\u00e3o de propostas locais que ser\u00e3o aprimoradas sob a perspectiva de v\u00e1rias escalas, de comunit\u00e1ria \u00e0 nacional.<\/p>\n\n\n\n<p>No dia 2 de julho, a Confer\u00eancia vai acontecer das 13h \u00e0s 19h e, no dia 3, das 8h \u00e0s 19h. A Confer\u00eancia Municipal da Cidade ser\u00e1 regida pelo regimento interno elaborado e aprovado pela comiss\u00e3o organizadora, que \u00e9 formada por lideran\u00e7as comunit\u00e1rias, servidores p\u00fablicos, empresariado, entidades profissionais, sindicatos, entre outros, demonstrando car\u00e1ter plural e democr\u00e1tico da constru\u00e7\u00e3o da iniciativa.&nbsp;<\/p>\n\n\n\n<p>A 6\u00aa Confer\u00eancia Municipal das Cidades de S\u00e3o Gon\u00e7alo ter\u00e1 tr\u00eas eixos de debate: Eixo 1: Articula\u00e7\u00e3o entre os principais setores urbanos e com o planejamento das pol\u00edticas p\u00fablicas; Eixo 2: Gest\u00e3o estrat\u00e9gica e financiamento; e Eixo 3: Grandes temas transversais.<\/p>\n\n\n\n<p>A expectativa \u00e9 de que, durante a confer\u00eancia, tamb\u00e9m ocorra a aprova\u00e7\u00e3o de quatro a oito propostas que impactem diretamente na transforma\u00e7\u00e3o positiva da realidade local. Estas propostas ser\u00e3o encaminhadas \u00e0 Confer\u00eancia Estadual, com vistas \u00e0 Confer\u00eancia Nacional.<\/p>\n\n\n\n<p>A 6\u00aa Confer\u00eancia Municipal das Cidades ser\u00e1 aberta ao p\u00fablico mediante credenciamento, que deve ser feito atrav\u00e9s de um link que ser\u00e1 divulgado na pr\u00f3xima segunda-feira (17), no site da Prefeitura.&nbsp;<\/p>\n","protected":false},"excerpt":{"rendered":"<p>Sexto encontro ser\u00e1 realizado nos dias 2 e 3 de julho A Secretaria de Habita\u00e7\u00e3o da Prefeitura de S\u00e3o Gon\u00e7alo&hellip;<\/p>\n","protected":false},"author":5,"featured_media":7586,"comment_status":"open","ping_status":"open","sticky":false,"template":"","format":"standard","meta":{"fifu_image_url":"","fifu_image_alt":"","footnotes":""},"categories":[3],"tags":[],"class_list":["post-7585","post","type-post","status-publish","format-standard","has-post-thumbnail","hentry","category-sao-goncalo"],"_links":{"self":[{"href":"https:\/\/sgvaimudar.com.br\/index.php\/wp-json\/wp\/v2\/posts\/7585","targetHints":{"allow":["GET"]}}],"collection":[{"href":"https:\/\/sgvaimudar.com.br\/index.php\/wp-json\/wp\/v2\/posts"}],"about":[{"href":"https:\/\/sgvaimudar.com.br\/index.php\/wp-json\/wp\/v2\/types\/post"}],"author":[{"embeddable":true,"href":"https:\/\/sgvaimudar.com.br\/index.php\/wp-json\/wp\/v2\/users\/5"}],"replies":[{"embeddable":true,"href":"https:\/\/sgvaimudar.com.br\/index.php\/wp-json\/wp\/v2\/comments?post=7585"}],"version-history":[{"count":2,"href":"https:\/\/sgvaimudar.com.br\/index.php\/wp-json\/wp\/v2\/posts\/7585\/revisions"}],"predecessor-version":[{"id":7588,"href":"https:\/\/sgvaimudar.com.br\/index.php\/wp-json\/wp\/v2\/posts\/7585\/revisions\/7588"}],"wp:featuredmedia":[{"embeddable":true,"href":"https:\/\/sgvaimudar.com.br\/index.php\/wp-json\/wp\/v2\/media\/7586"}],"wp:attachment":[{"href":"https:\/\/sgvaimudar.com.br\/index.php\/wp-json\/wp\/v2\/media?parent=7585"}],"wp:term":[{"taxonomy":"category","embeddable":true,"href":"https:\/\/sgvaimudar.com.br\/index.php\/wp-json\/wp\/v2\/categories?post=7585"},{"taxonomy":"post_tag","embeddable":true,"href":"https:\/\/sgvaimudar.com.br\/index.php\/wp-json\/wp\/v2\/tags?post=7585"}],"curies":[{"name":"wp","href":"https:\/\/api.w.org\/{rel}","templated":true}]}}