{"id":7555,"date":"2024-06-13T18:00:00","date_gmt":"2024-06-13T21:00:00","guid":{"rendered":"https:\/\/sgvaimudar.com.br\/?p=7555"},"modified":"2024-06-13T10:50:01","modified_gmt":"2024-06-13T13:50:01","slug":"prefeitura-de-sao-goncalo-alerta-para-importancia-da-vacinacao","status":"publish","type":"post","link":"https:\/\/sgvaimudar.com.br\/index.php\/2024\/06\/13\/prefeitura-de-sao-goncalo-alerta-para-importancia-da-vacinacao\/","title":{"rendered":"Prefeitura de S\u00e3o Gon\u00e7alo alerta para import\u00e2ncia da vacina\u00e7\u00e3o"},"content":{"rendered":"\n<p><em>Munic\u00edpio oferece 25 tipos de imunizantes nos postos de sa\u00fade<\/em><\/p>\n\n\n\n<p>O Dia Mundial da Imuniza\u00e7\u00e3o continua sendo lembrado em S\u00e3o Gon\u00e7alo pela Secretaria de Sa\u00fade que oferece nas salas de vacina\u00e7\u00e3o dos postos de sa\u00fade, polos sanit\u00e1rios e cl\u00ednicas gon\u00e7alenses, 20 vacinas de rotina para os beb\u00eas, crian\u00e7as e adolescentes. Para os adultos s\u00e3o cinco vacinas (confira as vacinas e idades abaixo).<\/p>\n\n\n\n<p>As unidades de sa\u00fade funcionam de segunda a sexta, das 8h \u00e0s 17h. O gon\u00e7alense deve chegar at\u00e9 \u00e0s 16h30 para garantir que a imuniza\u00e7\u00e3o seja realizada. A atualiza\u00e7\u00e3o da caderneta de vacina\u00e7\u00e3o pode ser feita em qualquer sala de vacina\u00e7\u00e3o. As cadernetas s\u00e3o avaliadas pela equipe, assim como a condi\u00e7\u00e3o cl\u00ednica do paciente para a aplica\u00e7\u00e3o das mesmas.<\/p>\n\n\n\n<p>Ap\u00f3s a avalia\u00e7\u00e3o, os gon\u00e7alenses podem tomar mais de uma vacina no mesmo dia. S\u00f3 o imunizante da febre amarela que n\u00e3o pode ser realizado, simultaneamente, com a vacina tr\u00edplice viral ou tetra viral para crian\u00e7as com menos de dois anos de idade. Nesse caso, deve-se respeitar o intervalo de 30 dias entre as doses. O adiamento da aplica\u00e7\u00e3o dos imunizantes acontece apenas nos casos de vig\u00eancia de febre.<\/p>\n\n\n\n<p>\u201cNos \u00faltimos anos, temos observado uma queda nos percentuais de vacina\u00e7\u00e3o. Nas crian\u00e7as at\u00e9 7 anos, os \u00edndices n\u00e3o chegam a 50% do p\u00fablico-alvo, o que \u00e9 preocupante. Essa cobertura vacinal deveria ser de, no m\u00ednimo, 95%. As vacinas evitam que as doen\u00e7as que est\u00e3o sob controle voltem a circular. Com a queda nas vacina\u00e7\u00f5es, corremos o risco de muitas voltarem. Por isso, a gente orienta a popula\u00e7\u00e3o para que procure as unidades de sa\u00fade para colocar a caderneta de vacina\u00e7\u00e3o em dia. A vacina\u00e7\u00e3o \u00e9 um ato de amor com o seu filho e para toda a sa\u00fade coletiva. Todas as vacinas s\u00e3o seguras\u201d, disse o secret\u00e1rio de Sa\u00fade, Dr. Gleison Rocha.<\/p>\n\n\n\n<p><strong>Diferen\u00e7a entre vacina\u00e7\u00e3o e imuniza\u00e7\u00e3o<\/strong><\/p>\n\n\n\n<p>Para ser imunizado, \u00e9 importante completar todas as doses recomendadas do esquema vacinal. Logo, quando a vacina \u00e9 de dose \u00fanica, a primeira dose j\u00e1 imuniza. Quando a vacina necessita da aplica\u00e7\u00e3o de mais doses, a imuniza\u00e7\u00e3o s\u00f3 acontece quando todas s\u00e3o aplicadas no indiv\u00edduo no per\u00edodo previsto. A imuniza\u00e7\u00e3o \u00e9 o desenvolvimento da prote\u00e7\u00e3o para a doen\u00e7a para a qual a pessoa foi vacinada. Significa que a pessoa produziu anticorpos contra a doen\u00e7a.<\/p>\n\n\n\n<p><strong>Vacinas dispon\u00edveis para crian\u00e7as at\u00e9 5 anos<\/strong><\/p>\n\n\n\n<p>BCG (formas graves de tuberculose) &#8211; ao nascer<\/p>\n\n\n\n<p>Hepatite B &#8211; ao nascer<\/p>\n\n\n\n<p>Rotav\u00edrus humano oral (diarreia por Rotavirus) &#8211; 2 e 4 meses<\/p>\n\n\n\n<p>Pentavalente (difteria, t\u00e9tano, coqueluche, hepatite B e Haemophilus influenzae b) &#8211; 2, 4 e 6 meses<\/p>\n\n\n\n<p>VIP (poliomielite injet\u00e1vel) &#8211; 2, 4 e 6 meses<\/p>\n\n\n\n<p>Pneumoc\u00f3cica 10-valente (pneumonia, meningite e otite) &#8211; 2 e 4 meses e um refor\u00e7o aos 12 meses<\/p>\n\n\n\n<p>Meningoc\u00f3cica C (meningite meningoc\u00f3cica sorogrupos C) &#8211; 3 e 5 meses e um refor\u00e7o aos 12 meses<\/p>\n\n\n\n<p>Covid-19 &#8211; 6, 7 e 9 meses<\/p>\n\n\n\n<p>Influenza &#8211; uma dose anual a partir dos seis meses e at\u00e9 5 anos, 11 meses e 29 dias<\/p>\n\n\n\n<p>Febre Amarela &#8211; 9 meses e 4 anos<\/p>\n\n\n\n<p>Tr\u00edplice Viral (sarampo, caxumba e rub\u00e9ola) &#8211; 12 meses<\/p>\n\n\n\n<p>VOPb (poliomielite oral &#8211; gotinha) &#8211; 15 meses e 4 anos<\/p>\n\n\n\n<p>Tetra viral (tr\u00edplice viral e varicela &#8211; sarampo, caxumba, rub\u00e9ola e catapora) &#8211; 15 meses<\/p>\n\n\n\n<p>Hepatite A &#8211; 15 meses<\/p>\n\n\n\n<p>DTP (difteria, t\u00e9tano e coqueluche) &#8211; 15 meses e 4 anos<\/p>\n\n\n\n<p>Varicela (catapora) &#8211; 4 anos<\/p>\n\n\n\n<p><strong>Vacinas dispon\u00edveis para crian\u00e7as com mais de 7 anos e adolescentes<\/strong><\/p>\n\n\n\n<p>Hepatite B &#8211; A partir de 7 anos de idade<\/p>\n\n\n\n<p>Dupla Adulto \u2013 dT (difteria, t\u00e9tano) \u2013 1 dose a cada 10 anos a partir de 7 anos considerando doses anteriores de Pentavalente e DTP. Em caso de ferimentos graves, o refor\u00e7o \u00e9 antecipado para o intervalo de 5 anos<\/p>\n\n\n\n<p>Febre Amarela \u2013 refor\u00e7o caso a pessoa tenha recebido uma dose antes de completar 5 anos e dose \u00fanica para pessoas que nunca foram vacinadas ou sem comprova\u00e7\u00e3o de vacina\u00e7\u00e3o<\/p>\n\n\n\n<p>Tr\u00edplice Viral (sarampo, caxumba e rub\u00e9ola) &#8211; iniciar ou completar duas doses de acordo com situa\u00e7\u00e3o vacinal<\/p>\n\n\n\n<p>HPV quadrivalente &#8211; de 9 a 14 anos e resgate de adolescentes at\u00e9 19 anos, 11 meses e 29 dias<\/p>\n\n\n\n<p>dTpa (difteria, t\u00e9tano e coqueluche acelular) &#8211; a partir da 20\u00aa semana de gesta\u00e7\u00e3o<\/p>\n\n\n\n<p>Meningoc\u00f3cica ACWY conjugada (meningite meningoc\u00f3cica sorogrupos A, C, W, Y) &#8211; uma dose de 11 a 14 anos<\/p>\n\n\n\n<p><strong>Vacinas dispon\u00edveis para adultos<\/strong><\/p>\n\n\n\n<p>Dupla Adulto \u2013 dT (difteria, t\u00e9tano) \u2013 1 dose a cada 10 anos. Em caso de ferimentos graves, o refor\u00e7o \u00e9 antecipado para o intervalo de 5 anos<\/p>\n\n\n\n<p>Febre Amarela &#8211; dose \u00fanica para pessoas que nunca foram vacinadas ou sem comprova\u00e7\u00e3o de vacina\u00e7\u00e3o at\u00e9 59 anos<\/p>\n\n\n\n<p>Hepatite B &#8211; Sem comprova\u00e7\u00e3o vacinal: 3 doses<\/p>\n\n\n\n<p>Tr\u00edplice Viral (sarampo, caxumba e rub\u00e9ola) &#8211; 2 doses at\u00e9 29 anos e profissionais de sa\u00fade. E 1 dose de 30 a 59 anos<\/p>\n\n\n\n<p>dTpa (difteria, t\u00e9tano e coqueluche acelular) &#8211; a partir da 20\u00aa semana de gesta\u00e7\u00e3o.<\/p>\n","protected":false},"excerpt":{"rendered":"<p>Munic\u00edpio oferece 25 tipos de imunizantes nos postos de sa\u00fade O Dia Mundial da Imuniza\u00e7\u00e3o continua sendo lembrado em S\u00e3o&hellip;<\/p>\n","protected":false},"author":5,"featured_media":7556,"comment_status":"open","ping_status":"open","sticky":false,"template":"","format":"standard","meta":{"fifu_image_url":"","fifu_image_alt":"","footnotes":""},"categories":[7],"tags":[],"class_list":["post-7555","post","type-post","status-publish","format-standard","has-post-thumbnail","hentry","category-saude"],"_links":{"self":[{"href":"https:\/\/sgvaimudar.com.br\/index.php\/wp-json\/wp\/v2\/posts\/7555","targetHints":{"allow":["GET"]}}],"collection":[{"href":"https:\/\/sgvaimudar.com.br\/index.php\/wp-json\/wp\/v2\/posts"}],"about":[{"href":"https:\/\/sgvaimudar.com.br\/index.php\/wp-json\/wp\/v2\/types\/post"}],"author":[{"embeddable":true,"href":"https:\/\/sgvaimudar.com.br\/index.php\/wp-json\/wp\/v2\/users\/5"}],"replies":[{"embeddable":true,"href":"https:\/\/sgvaimudar.com.br\/index.php\/wp-json\/wp\/v2\/comments?post=7555"}],"version-history":[{"count":1,"href":"https:\/\/sgvaimudar.com.br\/index.php\/wp-json\/wp\/v2\/posts\/7555\/revisions"}],"predecessor-version":[{"id":7557,"href":"https:\/\/sgvaimudar.com.br\/index.php\/wp-json\/wp\/v2\/posts\/7555\/revisions\/7557"}],"wp:featuredmedia":[{"embeddable":true,"href":"https:\/\/sgvaimudar.com.br\/index.php\/wp-json\/wp\/v2\/media\/7556"}],"wp:attachment":[{"href":"https:\/\/sgvaimudar.com.br\/index.php\/wp-json\/wp\/v2\/media?parent=7555"}],"wp:term":[{"taxonomy":"category","embeddable":true,"href":"https:\/\/sgvaimudar.com.br\/index.php\/wp-json\/wp\/v2\/categories?post=7555"},{"taxonomy":"post_tag","embeddable":true,"href":"https:\/\/sgvaimudar.com.br\/index.php\/wp-json\/wp\/v2\/tags?post=7555"}],"curies":[{"name":"wp","href":"https:\/\/api.w.org\/{rel}","templated":true}]}}