{"id":7551,"date":"2024-06-13T16:00:00","date_gmt":"2024-06-13T19:00:00","guid":{"rendered":"https:\/\/sgvaimudar.com.br\/?p=7551"},"modified":"2024-06-13T10:45:41","modified_gmt":"2024-06-13T13:45:41","slug":"em-sg-usf-de-santa-catarina-vai-aumentar-oferta-de-servicos","status":"publish","type":"post","link":"https:\/\/sgvaimudar.com.br\/index.php\/2024\/06\/13\/em-sg-usf-de-santa-catarina-vai-aumentar-oferta-de-servicos\/","title":{"rendered":"Em SG, USF de Santa Catarina vai aumentar oferta de servi\u00e7os"},"content":{"rendered":"\n<p><em>Mais dois programas estar\u00e3o dispon\u00edveis para pacientes\u00a0\u00a0\u00a0<\/em><\/p>\n\n\n\n<p>A nova Unidade de Sa\u00fade da Fam\u00edlia (USF) Luiz Carlos Prestes, em Santa Catarina, com p\u00fablico de 12 mil usu\u00e1rios, foi o 26\u00ba posto revitalizado entregue pela gest\u00e3o do prefeito Capit\u00e3o Nelson Ruas em agosto de 2023. Al\u00e9m da revitaliza\u00e7\u00e3o, o posto tamb\u00e9m foi ampliado para melhor atender os pacientes.\u00a0<\/p>\n\n\n\n<figure class=\"wp-block-image size-full\"><img fetchpriority=\"high\" decoding=\"async\" width=\"1024\" height=\"683\" src=\"https:\/\/sgvaimudar.com.br\/wp-content\/uploads\/2024\/06\/unnamed-1-11.jpg\" alt=\"\" class=\"wp-image-7552\" srcset=\"https:\/\/sgvaimudar.com.br\/wp-content\/uploads\/2024\/06\/unnamed-1-11.jpg 1024w, https:\/\/sgvaimudar.com.br\/wp-content\/uploads\/2024\/06\/unnamed-1-11-300x200.jpg 300w, https:\/\/sgvaimudar.com.br\/wp-content\/uploads\/2024\/06\/unnamed-1-11-768x512.jpg 768w\" sizes=\"(max-width: 1024px) 100vw, 1024px\" \/><\/figure>\n\n\n\n<p>\u201c\u00c9 uma satisfa\u00e7\u00e3o enorme saber que a popula\u00e7\u00e3o est\u00e1 aprovando as benfeitorias. N\u00f3s sabemos que a nossa popula\u00e7\u00e3o merece e vamos continuar fazendo. Mas mais do que a estrutura f\u00edsica, o atendimento humanizado dos profissionais \u00e9 fundamental. Por isso, sempre pe\u00e7o que os funcion\u00e1rios acolham e ofere\u00e7am atendimento digno para os moradores\u201d, disse o secret\u00e1rio de Sa\u00fade, Dr. Gleison Rocha.\u00a0<\/p>\n\n\n\n<p>Segundo a Prefeitura, os usu\u00e1rios do local ainda v\u00e3o ganhar mais benef\u00edcios: farm\u00e1cia com rem\u00e9dios distribu\u00eddos pela aten\u00e7\u00e3o b\u00e1sica e mais dois programas: Hiperdia \u2013 para diab\u00e9ticos e hipertensos; e de controle ao tabagismo \u2013 para aqueles que desejam deixar o v\u00edcio em qualquer tipo de fumo. <\/p>\n\n\n\n<p>&#8220;Os funcion\u00e1rios poder\u00e3o se cuidar atrav\u00e9s do projeto \u201cCuidando de Quem Cuida\u201d, que vai disponibilizar sess\u00f5es com psic\u00f3logos para os servidores.\u00a0\u00a0As melhorias estruturais d\u00e3o mais dignidade \u00e0 popula\u00e7\u00e3o. E o atendimento mais humanizado e os servi\u00e7os s\u00e3o exig\u00eancias do prefeito&#8221;, disse o poder p\u00fablico na nota. <\/p>\n\n\n\n<p>A dedica\u00e7\u00e3o dos servidores e as mudan\u00e7as s\u00e3o observadas e confirmadas pelos pacientes. \u201cJ\u00e1 fui atendida no antigo posto e agora, estou sendo no novo. Tudo melhorou: o ambiente e o atendimento. Est\u00e1 tudo melhor\u201d, disse a aposentada Rosane Mara de Souza, de 69 anos, que foi \u00e0 consulta com o cl\u00ednico geral e j\u00e1 saiu com agendamento para o psic\u00f3logo.<\/p>\n\n\n\n<p>Para atender os 12 mil usu\u00e1rios, o Luiz Carlos Prestes tem tr\u00eas equipes de Estrat\u00e9gia de Sa\u00fade da Fam\u00edlia (ESF) com m\u00e9dicos generalistas, enfermeiros, t\u00e9cnicos de enfermagem e&nbsp;agentes comunit\u00e1rios de sa\u00fade. O espa\u00e7o conta, ainda, com profissionais da equipe do e-Multi, formada por nutricionista, fisioterapeuta, educador f\u00edsico, assistente social, psic\u00f3logo e fonoaudi\u00f3logo.&nbsp;<\/p>\n\n\n\n<p>Tamb\u00e9m tem atendimento odontol\u00f3gico e oferece os programas da Aten\u00e7\u00e3o B\u00e1sica com diferentes servi\u00e7os como pr\u00e9-natal, planejamento familiar, combate \u00e0 tuberculose e hansen\u00edase e grupo de apoio \u00e0 amamenta\u00e7\u00e3o. Exames laboratoriais de sangue, urina e fezes est\u00e3o dispon\u00edveis para a popula\u00e7\u00e3o.<\/p>\n\n\n\n<p>Aline Silva, aut\u00f4noma de 39 anos, levou a m\u00e3e, a dona de casa Marilene Silva, 62, ao m\u00e9dico. Era a primeira vez delas na USF. \u201c\u00c9 a nossa primeira vez aqui. Por enquanto, o que j\u00e1 conheci, estou achando que \u00e9 o melhor que tem. O atendimento dos profissionais por onde j\u00e1 passamos, foi maravilhoso. E j\u00e1 sei que os m\u00e9dicos s\u00e3o bons. N\u00e3o imaginava que o posto de sa\u00fade era assim. Gostei muito daqui. Tomara que continue desse jeito\u201d, disse.\u00a0<\/p>\n\n\n\n<p>De acordo com a Sa\u00fade, a unidade segue todas as normas de ambientes (RDC 50) e de acessibilidade (NBR 9050 &#8211; rampa, piso t\u00e1til, barras, banheiros adaptados para pessoas com defici\u00eancia) exigidos pela Ag\u00eancia Nacional de Vigil\u00e2ncia Sanit\u00e1ria (Anvisa) e o Minist\u00e9rio da Sa\u00fade. &#8220;A USF tem sete consult\u00f3rios, incluindo odontol\u00f3gico e um ginecol\u00f3gico, farm\u00e1cia, sala de vacina, curativo, procedimentos, coleta de exames, estoque, administra\u00e7\u00e3o e recep\u00e7\u00e3o&#8221;, disse a pasta no texto.<\/p>\n\n\n\n<p><em>Fotos: Fabio Guimar\u00e3es<\/em><\/p>\n","protected":false},"excerpt":{"rendered":"<p>Mais dois programas estar\u00e3o dispon\u00edveis para pacientes\u00a0\u00a0\u00a0 A nova Unidade de Sa\u00fade da Fam\u00edlia (USF) Luiz Carlos Prestes, em Santa&hellip;<\/p>\n","protected":false},"author":5,"featured_media":7553,"comment_status":"open","ping_status":"open","sticky":false,"template":"","format":"standard","meta":{"fifu_image_url":"","fifu_image_alt":"","footnotes":""},"categories":[7],"tags":[],"class_list":["post-7551","post","type-post","status-publish","format-standard","has-post-thumbnail","hentry","category-saude"],"_links":{"self":[{"href":"https:\/\/sgvaimudar.com.br\/index.php\/wp-json\/wp\/v2\/posts\/7551","targetHints":{"allow":["GET"]}}],"collection":[{"href":"https:\/\/sgvaimudar.com.br\/index.php\/wp-json\/wp\/v2\/posts"}],"about":[{"href":"https:\/\/sgvaimudar.com.br\/index.php\/wp-json\/wp\/v2\/types\/post"}],"author":[{"embeddable":true,"href":"https:\/\/sgvaimudar.com.br\/index.php\/wp-json\/wp\/v2\/users\/5"}],"replies":[{"embeddable":true,"href":"https:\/\/sgvaimudar.com.br\/index.php\/wp-json\/wp\/v2\/comments?post=7551"}],"version-history":[{"count":1,"href":"https:\/\/sgvaimudar.com.br\/index.php\/wp-json\/wp\/v2\/posts\/7551\/revisions"}],"predecessor-version":[{"id":7554,"href":"https:\/\/sgvaimudar.com.br\/index.php\/wp-json\/wp\/v2\/posts\/7551\/revisions\/7554"}],"wp:featuredmedia":[{"embeddable":true,"href":"https:\/\/sgvaimudar.com.br\/index.php\/wp-json\/wp\/v2\/media\/7553"}],"wp:attachment":[{"href":"https:\/\/sgvaimudar.com.br\/index.php\/wp-json\/wp\/v2\/media?parent=7551"}],"wp:term":[{"taxonomy":"category","embeddable":true,"href":"https:\/\/sgvaimudar.com.br\/index.php\/wp-json\/wp\/v2\/categories?post=7551"},{"taxonomy":"post_tag","embeddable":true,"href":"https:\/\/sgvaimudar.com.br\/index.php\/wp-json\/wp\/v2\/tags?post=7551"}],"curies":[{"name":"wp","href":"https:\/\/api.w.org\/{rel}","templated":true}]}}