{"id":7540,"date":"2024-06-13T11:00:00","date_gmt":"2024-06-13T14:00:00","guid":{"rendered":"https:\/\/sgvaimudar.com.br\/?p=7540"},"modified":"2024-06-13T10:24:01","modified_gmt":"2024-06-13T13:24:01","slug":"subsecretaria-de-infancia-e-adolescencia-conscientiza-contra-o-trabalho-de-criancas","status":"publish","type":"post","link":"https:\/\/sgvaimudar.com.br\/index.php\/2024\/06\/13\/subsecretaria-de-infancia-e-adolescencia-conscientiza-contra-o-trabalho-de-criancas\/","title":{"rendered":"Subsecretaria de Inf\u00e2ncia e Adolesc\u00eancia conscientiza contra o trabalho de crian\u00e7as"},"content":{"rendered":"\n<p><em>Equipes fizeram panfletagem no cal\u00e7ad\u00e3o do Alc\u00e2ntara<\/em><\/p>\n\n\n\n<p>Em alus\u00e3o ao Dia Mundial Contra o Trabalho Infantil, celebrado nesta quarta-feira (12), A Secretaria de Assist\u00eancia Social da Prefeitura de S\u00e3o Gon\u00e7alo, em alus\u00e3o ao Dia Mundial Contra o Trabalho Infantil, celebrado nesta quarta-feira (12), realizou uma a\u00e7\u00e3o de sensibiliza\u00e7\u00e3o pela manh\u00e3, no cal\u00e7ad\u00e3o do Alc\u00e2ntara.\u00a0\u00a0<\/p>\n\n\n\n<figure class=\"wp-block-image size-large\"><img fetchpriority=\"high\" decoding=\"async\" width=\"1024\" height=\"883\" src=\"https:\/\/sgvaimudar.com.br\/wp-content\/uploads\/2024\/06\/unnamed-8-5-1024x883.jpg\" alt=\"\" class=\"wp-image-7541\" srcset=\"https:\/\/sgvaimudar.com.br\/wp-content\/uploads\/2024\/06\/unnamed-8-5-1024x883.jpg 1024w, https:\/\/sgvaimudar.com.br\/wp-content\/uploads\/2024\/06\/unnamed-8-5-300x259.jpg 300w, https:\/\/sgvaimudar.com.br\/wp-content\/uploads\/2024\/06\/unnamed-8-5-768x662.jpg 768w, https:\/\/sgvaimudar.com.br\/wp-content\/uploads\/2024\/06\/unnamed-8-5.jpg 1252w\" sizes=\"(max-width: 1024px) 100vw, 1024px\" \/><\/figure>\n\n\n\n<p>Segundo dados do IBGE, mais de 1,9 milh\u00e3o de crian\u00e7as e adolescentes entre 5 e 17 anos est\u00e3o em situa\u00e7\u00e3o de trabalho infantil no Brasil, o que representa 4,9% da popula\u00e7\u00e3o nessa faixa et\u00e1ria.&nbsp;<\/p>\n\n\n\n<p>Durante a atividade, foram realizadas a\u00e7\u00f5es de panfletagem e orienta\u00e7\u00f5es sobre os servi\u00e7os de aux\u00edlio \u00e0s v\u00edtimas de trabalho infantil no munic\u00edpio.&nbsp;<\/p>\n\n\n\n<p>\u201cRealizamos durante o ano inteiro um servi\u00e7o de mapeamento em pontos estrat\u00e9gicos do munic\u00edpio, como Alc\u00e2ntara, Neves, Coluband\u00ea, Rocha e Centro, que s\u00e3o as \u00e1reas mais cr\u00edticas da cidade, em que crian\u00e7as est\u00e3o em situa\u00e7\u00e3o de trabalho infantil. Al\u00e9m da abordagem, realizamos o encaminhamento para as redes do munic\u00edpio, como Sa\u00fade e Educa\u00e7\u00e3o\u201d, disse a subsecret\u00e1ria Mariana Frizieiro.&nbsp;<\/p>\n\n\n\n<p>\u00c9 importante destacar que a proibi\u00e7\u00e3o do trabalho infantil no Brasil varia de acordo com a faixa et\u00e1ria e com os tipos de atividades ou condi\u00e7\u00f5es em que \u00e9 exercido. At\u00e9 os 13 anos a proibi\u00e7\u00e3o \u00e9 total; entre 14 e 16 anos, admite-se uma exce\u00e7\u00e3o: trabalho na condi\u00e7\u00e3o de aprendiz; e entre 16 e 17 anos, a permiss\u00e3o \u00e9 parcial, onde s\u00e3o proibidas as atividades noturnas, insalubres, perigosas e penosas.&nbsp;<\/p>\n\n\n\n<p>A Subsecretaria de Inf\u00e2ncia e Adolesc\u00eancia disponibiliza o Servi\u00e7o Especializado de Abordagem Social com Crian\u00e7as e Adolescentes (Seaca), cujo objetivo \u00e9 identificar as demandas das crian\u00e7as em vulnerabilidade e encaminh\u00e1-las aos servi\u00e7os pertinentes. O Seaca conta com dois canais de comunica\u00e7\u00e3o para den\u00fancias que s\u00e3o:\u00a0<a rel=\"noreferrer noopener\" href=\"mailto:seacasg@gmail.com\" target=\"_blank\"><u>seacasg@gmail.com<\/u><\/a>\u00a0e (21) 99240-8009, este \u00faltimo funciona 24 horas por dia.\u00a0\u00a0\u00a0<\/p>\n\n\n\n<p>A atividade desta quarta-feira (12) contou com a participa\u00e7\u00e3o de equipes do Seaca, do Programa de Erradica\u00e7\u00e3o do Trabalho Infantil (Peti), do Programa Crian\u00e7a Feliz, representantes dos Conselhos Tutelares e do N\u00facleo Especial de Atendimento \u00e0 Crian\u00e7as e Adolescentes V\u00edtimas de Viol\u00eancia Dom\u00e9stica e\/ou Sexual (Neaca).\u00a0<\/p>\n\n\n\n<p><em>Fotos: Luiz Carvalho<\/em><\/p>\n","protected":false},"excerpt":{"rendered":"<p>Equipes fizeram panfletagem no cal\u00e7ad\u00e3o do Alc\u00e2ntara Em alus\u00e3o ao Dia Mundial Contra o Trabalho Infantil, celebrado nesta quarta-feira (12),&hellip;<\/p>\n","protected":false},"author":5,"featured_media":7542,"comment_status":"open","ping_status":"open","sticky":false,"template":"","format":"standard","meta":{"fifu_image_url":"","fifu_image_alt":"","footnotes":""},"categories":[3],"tags":[],"class_list":["post-7540","post","type-post","status-publish","format-standard","has-post-thumbnail","hentry","category-sao-goncalo"],"_links":{"self":[{"href":"https:\/\/sgvaimudar.com.br\/index.php\/wp-json\/wp\/v2\/posts\/7540","targetHints":{"allow":["GET"]}}],"collection":[{"href":"https:\/\/sgvaimudar.com.br\/index.php\/wp-json\/wp\/v2\/posts"}],"about":[{"href":"https:\/\/sgvaimudar.com.br\/index.php\/wp-json\/wp\/v2\/types\/post"}],"author":[{"embeddable":true,"href":"https:\/\/sgvaimudar.com.br\/index.php\/wp-json\/wp\/v2\/users\/5"}],"replies":[{"embeddable":true,"href":"https:\/\/sgvaimudar.com.br\/index.php\/wp-json\/wp\/v2\/comments?post=7540"}],"version-history":[{"count":1,"href":"https:\/\/sgvaimudar.com.br\/index.php\/wp-json\/wp\/v2\/posts\/7540\/revisions"}],"predecessor-version":[{"id":7543,"href":"https:\/\/sgvaimudar.com.br\/index.php\/wp-json\/wp\/v2\/posts\/7540\/revisions\/7543"}],"wp:featuredmedia":[{"embeddable":true,"href":"https:\/\/sgvaimudar.com.br\/index.php\/wp-json\/wp\/v2\/media\/7542"}],"wp:attachment":[{"href":"https:\/\/sgvaimudar.com.br\/index.php\/wp-json\/wp\/v2\/media?parent=7540"}],"wp:term":[{"taxonomy":"category","embeddable":true,"href":"https:\/\/sgvaimudar.com.br\/index.php\/wp-json\/wp\/v2\/categories?post=7540"},{"taxonomy":"post_tag","embeddable":true,"href":"https:\/\/sgvaimudar.com.br\/index.php\/wp-json\/wp\/v2\/tags?post=7540"}],"curies":[{"name":"wp","href":"https:\/\/api.w.org\/{rel}","templated":true}]}}