{"id":7514,"date":"2024-06-12T20:00:00","date_gmt":"2024-06-12T23:00:00","guid":{"rendered":"https:\/\/sgvaimudar.com.br\/?p=7514"},"modified":"2024-06-12T10:53:41","modified_gmt":"2024-06-12T13:53:41","slug":"andre-balada-legaliza-musica-da-torcida-e-comemora-fase-no-america-pareco-o-mickey-na-disney","status":"publish","type":"post","link":"https:\/\/sgvaimudar.com.br\/index.php\/2024\/06\/12\/andre-balada-legaliza-musica-da-torcida-e-comemora-fase-no-america-pareco-o-mickey-na-disney\/","title":{"rendered":"Andr\u00e9 Balada &#8216;legaliza&#8217; m\u00fasica da torcida e comemora fase no Am\u00e9rica: &#8216;Pare\u00e7o o Mickey na Disney&#8217;"},"content":{"rendered":"\n<p><em>Atacante vive momento artilheiro ao cair nas gra\u00e7as do torcedor com can\u00e7\u00e3o que virou &#8216;hit&#8217;<\/em><\/p>\n\n\n\n<p>O atacante Andr\u00e9 Balada, de 33 anos, \u00e9 um personagem que sempre chamou aten\u00e7\u00e3o fora de campo \u2014 n\u00e3o \u00e9 \u00e0 toa que recebeu tal apelido. Perto do fim de carreira, o jogador aceitou o convite do presidente-jogador Rom\u00e1rio para atuar no Am\u00e9rica e deixou as pol\u00eamicas de lado para balan\u00e7ar as redes pela S\u00e9rie A2 do Campeonato Carioca. <\/p>\n\n\n\n<figure class=\"wp-block-embed is-type-rich is-provider-twitter wp-block-embed-twitter\"><div class=\"wp-block-embed__wrapper\">\n<blockquote class=\"twitter-tweet\" data-width=\"550\" data-dnt=\"true\"><p lang=\"pt\" dir=\"ltr\">OB\u00c1 OB\u00c1 <br><br>MAIS UM GOL DO BALADA! \ud83c\udfb6 <a href=\"https:\/\/t.co\/cmFVYBy8lC\">pic.twitter.com\/cmFVYBy8lC<\/a><\/p>&mdash; America Football Club (@AmericaRJ) <a href=\"https:\/\/twitter.com\/AmericaRJ\/status\/1797332286112756049?ref_src=twsrc%5Etfw\">June 2, 2024<\/a><\/blockquote><script async src=\"https:\/\/platform.twitter.com\/widgets.js\" charset=\"utf-8\"><\/script>\n<\/div><\/figure>\n\n\n\n<p>Com cinco gols em quatro jogos at\u00e9 o momento, ele j\u00e1 virou xod\u00f3 da torcida, que o abra\u00e7ou de vez com m\u00fasica &#8216;chiclete&#8217;. <\/p>\n\n\n\n<p>A boa fase de Andr\u00e9 ganhou ainda mais evid\u00eancia com a can\u00e7\u00e3o que faz refer\u00eancia ao apelido dele. O sucesso foi tanto que viralizou recentemente nas redes sociais e caiu na boca do povo. Com tamanha repercuss\u00e3o, o atleta passou a comemorar com a torcida e viu o auge da fama voltar na carreira.<\/p>\n\n\n\n<p>\u2014 Eu n\u00e3o consigo sair mais, pare\u00e7o o Mickey na Disney. A galera me v\u00ea na noite e j\u00e1 vem me parar&#8230; n\u00e3o tem como passar batido, j\u00e1 legalizei a m\u00fasica \u2014 brincou o atacante, em entrevista ao jornalista Igor Rodrigues.<\/p>\n\n\n\n<p>Um dos motivos que levaram Andr\u00e9 ao America \u00e9 a amizade com Romarinho, filho do her\u00f3i do tetra. Inclusive, a primeira conversa sobre uma poss\u00edvel transfer\u00eancia aconteceu despretensiosamente na casa do Baixinho. \u2014 O Rom\u00e1rio me enquadrou em uma conversa e acabei apertando a m\u00e3o dele (promessa de jogar no Am\u00e9rica).<\/p>\n\n\n\n<p>O atacante lembrou que, no dia seguinte, Romarinho o ligou assim que soube do cumprimento de m\u00e3o, j\u00e1 que &#8220;o pai leva a s\u00e9rio os momentos de promessa&#8221;. Brincadeiras \u00e0 parte, ele j\u00e1 pensava em um fim de carreira nos gramados, o que serviu como mais um incentivo.<\/p>\n\n\n\n<p>\u2014 Eu queria parar jogando. Eles (Rom\u00e1rio e filho) foram me &#8216;namorando&#8217; e, como eu ia treinar perto de casa, fui sendo convencido. At\u00e9 que eu realmente aceitei, mas pedi ao Rom\u00e1rio que montasse um time forte para competir de verdade \u2014 disse Andr\u00e9.<\/p>\n\n\n\n<p>Apesar de certo &#8216;folclore&#8217; no apelido Balada, o jogador destacou que \u00e9 bastante competitivo e &#8220;n\u00e3o veio para passar vergonha&#8221; no Am\u00e9rica. Artilheiro da segunda divis\u00e3o do Carioca, Andr\u00e9 se surpreendeu com tudo que est\u00e1 vivendo em pouco tempo de clube.<\/p>\n\n\n\n<p>\u2014 N\u00e3o imaginei que tomaria essa propor\u00e7\u00e3o. Quando comecei a treinar, percebi que teria que levar a s\u00e9rio e me dedicar para sobressair, tanto que emagreci 4 kg desde que cheguei \u2014 comentou \u2014 \u00c9 muito maneiro ouvir do Rom\u00e1rio, que \u00e9 meu \u00eddolo e presidente, que est\u00e1 feliz em me ver assim.<\/p>\n\n\n\n<p>O pr\u00f3ximo jogo do Am\u00e9rica \u00e9, neste s\u00e1bado, contra o Araruama, pela quinta rodada da S\u00e9rie A2 do Campeonato Carioca, no Giulite Coutinho. A equipe est\u00e1 na lideran\u00e7a da competi\u00e7\u00e3o com dez pontos em quatro partidas. Recuperado de les\u00e3o nas costas,\u00a0Rom\u00e1rio voltou a treinar, na \u00faltima segunda-feira, e deve estrear como presidente-jogador nesse confronto.<\/p>\n\n\n\n<p><em>Fonte: Extra<\/em><\/p>\n","protected":false},"excerpt":{"rendered":"<p>Atacante vive momento artilheiro ao cair nas gra\u00e7as do torcedor com can\u00e7\u00e3o que virou &#8216;hit&#8217; O atacante Andr\u00e9 Balada, de&hellip;<\/p>\n","protected":false},"author":5,"featured_media":7515,"comment_status":"open","ping_status":"open","sticky":false,"template":"","format":"standard","meta":{"fifu_image_url":"","fifu_image_alt":"","footnotes":""},"categories":[5],"tags":[],"class_list":["post-7514","post","type-post","status-publish","format-standard","has-post-thumbnail","hentry","category-esportes"],"_links":{"self":[{"href":"https:\/\/sgvaimudar.com.br\/index.php\/wp-json\/wp\/v2\/posts\/7514","targetHints":{"allow":["GET"]}}],"collection":[{"href":"https:\/\/sgvaimudar.com.br\/index.php\/wp-json\/wp\/v2\/posts"}],"about":[{"href":"https:\/\/sgvaimudar.com.br\/index.php\/wp-json\/wp\/v2\/types\/post"}],"author":[{"embeddable":true,"href":"https:\/\/sgvaimudar.com.br\/index.php\/wp-json\/wp\/v2\/users\/5"}],"replies":[{"embeddable":true,"href":"https:\/\/sgvaimudar.com.br\/index.php\/wp-json\/wp\/v2\/comments?post=7514"}],"version-history":[{"count":4,"href":"https:\/\/sgvaimudar.com.br\/index.php\/wp-json\/wp\/v2\/posts\/7514\/revisions"}],"predecessor-version":[{"id":7521,"href":"https:\/\/sgvaimudar.com.br\/index.php\/wp-json\/wp\/v2\/posts\/7514\/revisions\/7521"}],"wp:featuredmedia":[{"embeddable":true,"href":"https:\/\/sgvaimudar.com.br\/index.php\/wp-json\/wp\/v2\/media\/7515"}],"wp:attachment":[{"href":"https:\/\/sgvaimudar.com.br\/index.php\/wp-json\/wp\/v2\/media?parent=7514"}],"wp:term":[{"taxonomy":"category","embeddable":true,"href":"https:\/\/sgvaimudar.com.br\/index.php\/wp-json\/wp\/v2\/categories?post=7514"},{"taxonomy":"post_tag","embeddable":true,"href":"https:\/\/sgvaimudar.com.br\/index.php\/wp-json\/wp\/v2\/tags?post=7514"}],"curies":[{"name":"wp","href":"https:\/\/api.w.org\/{rel}","templated":true}]}}