{"id":7510,"date":"2024-06-12T18:00:00","date_gmt":"2024-06-12T21:00:00","guid":{"rendered":"https:\/\/sgvaimudar.com.br\/?p=7510"},"modified":"2024-06-12T10:28:29","modified_gmt":"2024-06-12T13:28:29","slug":"claudio-castro-sanciona-lei-para-ampliar-politicas-de-inclusao-no-rio-de-janeiro","status":"publish","type":"post","link":"https:\/\/sgvaimudar.com.br\/index.php\/2024\/06\/12\/claudio-castro-sanciona-lei-para-ampliar-politicas-de-inclusao-no-rio-de-janeiro\/","title":{"rendered":"Cl\u00e1udio Castro sanciona lei para ampliar pol\u00edticas de inclus\u00e3o no Rio de Janeiro"},"content":{"rendered":"\n<p><em>Texto, que ainda passar\u00e1 por regulamenta\u00e7\u00e3o, prev\u00ea cart\u00e3o gratuito de identifica\u00e7\u00e3o a pessoas com dist\u00farbio neuropsiqui\u00e1trico<\/em><\/p>\n\n\n\n<p>O governador Cl\u00e1udio Castro, para ampliar o rol de a\u00e7\u00f5es inclusivas no Estado do Rio, sancionou uma lei que garante \u00e0s pessoas com dist\u00farbio neuropsiqui\u00e1trico<br>um cart\u00e3o de identifica\u00e7\u00e3o emitido gratuitamente pelo Departamento de Tr\u00e2nsito do Estado do Rio (Detran.RJ). <\/p>\n\n\n\n<p>A Lei Lei 10.420\/24, publicada nesta quarta-feira (12.06) no Di\u00e1rio Oficial, a medida, que ainda ser\u00e1 regulamentada, busca dar maior alcance \u00e0 legisla\u00e7\u00e3o de 2019 (Lei 8.574), que criou o cart\u00e3o da pessoa com defici\u00eancia &#8211; tamb\u00e9m disponibilizado pelo \u00f3rg\u00e3o.<\/p>\n\n\n\n<p>&#8220;Todas as medidas que puderem garantir mais inclus\u00e3o e prote\u00e7\u00e3o da popula\u00e7\u00e3o fluminense n\u00f3s tiraremos do papel. Trabalhamos por um Rio de Janeiro cada vez mais inclusivo e iniciativas como essa s\u00e3o muito bem-vindas&#8221;, afirmou Cl\u00e1udio Castro.<\/p>\n\n\n\n<p>Na pr\u00e1tica, a medida tem como objetivo conscientizar a popula\u00e7\u00e3o e trazer maior seguran\u00e7a em casos emergenciais a pessoas com dist\u00farbio neuropsiqui\u00e1trico, como por exemplo S\u00edndrome de Tourette &#8211; condi\u00e7\u00e3o caracterizada por tiques motores e vocais.<\/p>\n\n\n\n<p><strong>Laudo dever\u00e1 ser apresentado<\/strong><\/p>\n\n\n\n<p>De acordo com o texto, o documento dever\u00e1 ser concedido pelo Detran.RJ mediante apresenta\u00e7\u00e3o de laudo m\u00e9dico que ateste a condi\u00e7\u00e3o do assistido, carteira de identidade, CPF e comprovante de resid\u00eancia.<\/p>\n\n\n\n<p>A proposta \u00e9 de autoria dos deputados Vin\u00edcius Cozzolino e Munir Neto.<\/p>\n","protected":false},"excerpt":{"rendered":"<p>Texto, que ainda passar\u00e1 por regulamenta\u00e7\u00e3o, prev\u00ea cart\u00e3o gratuito de identifica\u00e7\u00e3o a pessoas com dist\u00farbio neuropsiqui\u00e1trico O governador Cl\u00e1udio Castro,&hellip;<\/p>\n","protected":false},"author":5,"featured_media":7511,"comment_status":"open","ping_status":"open","sticky":false,"template":"","format":"standard","meta":{"fifu_image_url":"","fifu_image_alt":"","footnotes":""},"categories":[4],"tags":[],"class_list":["post-7510","post","type-post","status-publish","format-standard","has-post-thumbnail","hentry","category-brasil"],"_links":{"self":[{"href":"https:\/\/sgvaimudar.com.br\/index.php\/wp-json\/wp\/v2\/posts\/7510","targetHints":{"allow":["GET"]}}],"collection":[{"href":"https:\/\/sgvaimudar.com.br\/index.php\/wp-json\/wp\/v2\/posts"}],"about":[{"href":"https:\/\/sgvaimudar.com.br\/index.php\/wp-json\/wp\/v2\/types\/post"}],"author":[{"embeddable":true,"href":"https:\/\/sgvaimudar.com.br\/index.php\/wp-json\/wp\/v2\/users\/5"}],"replies":[{"embeddable":true,"href":"https:\/\/sgvaimudar.com.br\/index.php\/wp-json\/wp\/v2\/comments?post=7510"}],"version-history":[{"count":1,"href":"https:\/\/sgvaimudar.com.br\/index.php\/wp-json\/wp\/v2\/posts\/7510\/revisions"}],"predecessor-version":[{"id":7512,"href":"https:\/\/sgvaimudar.com.br\/index.php\/wp-json\/wp\/v2\/posts\/7510\/revisions\/7512"}],"wp:featuredmedia":[{"embeddable":true,"href":"https:\/\/sgvaimudar.com.br\/index.php\/wp-json\/wp\/v2\/media\/7511"}],"wp:attachment":[{"href":"https:\/\/sgvaimudar.com.br\/index.php\/wp-json\/wp\/v2\/media?parent=7510"}],"wp:term":[{"taxonomy":"category","embeddable":true,"href":"https:\/\/sgvaimudar.com.br\/index.php\/wp-json\/wp\/v2\/categories?post=7510"},{"taxonomy":"post_tag","embeddable":true,"href":"https:\/\/sgvaimudar.com.br\/index.php\/wp-json\/wp\/v2\/tags?post=7510"}],"curies":[{"name":"wp","href":"https:\/\/api.w.org\/{rel}","templated":true}]}}