{"id":7502,"date":"2024-06-12T14:00:00","date_gmt":"2024-06-12T17:00:00","guid":{"rendered":"https:\/\/sgvaimudar.com.br\/?p=7502"},"modified":"2024-06-12T10:09:54","modified_gmt":"2024-06-12T13:09:54","slug":"prefeito-capitao-nelson-acompanha-obras-em-creche-e-em-area-de-lazer","status":"publish","type":"post","link":"https:\/\/sgvaimudar.com.br\/index.php\/2024\/06\/12\/prefeito-capitao-nelson-acompanha-obras-em-creche-e-em-area-de-lazer\/","title":{"rendered":"Prefeito Capit\u00e3o Nelson acompanha obras em creche e em \u00e1rea de lazer"},"content":{"rendered":"\n<p><em>Unidade de educa\u00e7\u00e3o infantil est\u00e1 sendo erguida no Porto do Rosa<\/em><\/p>\n\n\n\n<p>O prefeito de S\u00e3o Gon\u00e7alo, Capit\u00e3o Nelson, esteve no Porto do Rosa, na manh\u00e3 desta quarta-feira, acompanhando o avan\u00e7o das obras de constru\u00e7\u00e3o da nova Unidade Municipal de Educa\u00e7\u00e3o Infantil (Umei), que ir\u00e1 garantir a oferta de 100 vagas em hor\u00e1rio integral. Ele tamb\u00e9m visitou as obras do projeto Pra\u00e7a Renovada no Porto Velho, mais especificamente na localidade conhecida como Campo da Brahma.<\/p>\n\n\n\n<figure class=\"wp-block-image size-large\"><img fetchpriority=\"high\" decoding=\"async\" width=\"1024\" height=\"684\" src=\"https:\/\/sgvaimudar.com.br\/wp-content\/uploads\/2024\/06\/unnamed-5-7-1024x684.jpg\" alt=\"\" class=\"wp-image-7503\" srcset=\"https:\/\/sgvaimudar.com.br\/wp-content\/uploads\/2024\/06\/unnamed-5-7-1024x684.jpg 1024w, https:\/\/sgvaimudar.com.br\/wp-content\/uploads\/2024\/06\/unnamed-5-7-300x200.jpg 300w, https:\/\/sgvaimudar.com.br\/wp-content\/uploads\/2024\/06\/unnamed-5-7-768x513.jpg 768w, https:\/\/sgvaimudar.com.br\/wp-content\/uploads\/2024\/06\/unnamed-5-7-1536x1027.jpg 1536w, https:\/\/sgvaimudar.com.br\/wp-content\/uploads\/2024\/06\/unnamed-5-7.jpg 1616w\" sizes=\"(max-width: 1024px) 100vw, 1024px\" \/><\/figure>\n\n\n\n<p>A nova creche est\u00e1 sendo constru\u00edda nos padr\u00f5es das outras novas unidades de educa\u00e7\u00e3o infantil no munic\u00edpio: oito salas de aula com banheiros adaptados infantis, frald\u00e1rio, cozinha, refeit\u00f3rio, salas para espa\u00e7os alternativos e toda a estrutura para atender aos alunos. A nova creche ter\u00e1 vaga para 100 crian\u00e7as no per\u00edodo integral.<\/p>\n\n\n\n<p>Para o prefeito Capit\u00e3o Nelson, a nova creche \u00e9 mais um motivo de satisfa\u00e7\u00e3o. &#8220;\u00c9 uma creche que vai melhorar a vida de diversas fam\u00edlias aqui no Porto do Rosa. Nosso objetivo \u00e9 entregar essa creche o mais r\u00e1pido poss\u00edvel para que a popula\u00e7\u00e3o gon\u00e7alense consiga usufruir desse novo equipamento. Queremos dar mais educa\u00e7\u00e3o para as crian\u00e7as e qualidade de vida para os gon\u00e7alenses num geral&#8221;, disse.<\/p>\n\n\n\n<p>Essa \u00e9 a quinta creche feita na gest\u00e3o do Capit\u00e3o Nelson no munic\u00edpio: a primeira foi entregue ano passado &#8211; Umei Professora Silviane Moraes de Oliveira Martins, em Marambaia; al\u00e9m da constru\u00e7\u00e3o da creche no Jardim Miriambi; e das creches do Jardim Bom Retiro e do bairro Almerinda, que j\u00e1 est\u00e3o praticamente conclu\u00eddas.<\/p>\n\n\n\n<p>As constru\u00e7\u00f5es cumprem uma das metas do Plano Estrat\u00e9gico Novos Rumos e s\u00e3o fruto de um projeto de capta\u00e7\u00e3o de recursos da Secretaria de Gest\u00e3o Integrada e Projetos Especiais (Semgipe), em parceria com a Secretaria de Educa\u00e7\u00e3o da Prefeitura de S\u00e3o Gon\u00e7alo.<\/p>\n\n\n\n<p><strong>Campo no Porto Velho<\/strong>&nbsp;&#8211; Al\u00e9m da creche, o prefeito Capit\u00e3o Nelson tamb\u00e9m esteve no Campo da Brahma para verificar o andamento das obras. No momento, est\u00e3o sendo feitos a drenagem externa e o nivelamento do campo. Al\u00e9m disso, o local receber\u00e1 uma drenagem interna, dentre outros procedimentos para evitar alagamentos, e ser\u00e1 plantada grama natural. O local continuar\u00e1 sendo um campo de futebol, mas a \u00e1rea ser\u00e1 revitalizada para que a popula\u00e7\u00e3o consiga aproveitar ainda mais o espa\u00e7o.<\/p>\n\n\n\n<p>As obras est\u00e3o sendo feitas pela Secretaria de Conserva\u00e7\u00e3o atrav\u00e9s do projeto Pra\u00e7a Renovada. As interven\u00e7\u00f5es no espa\u00e7o devem ser conclu\u00eddas at\u00e9 o m\u00eas de julho.<\/p>\n\n\n\n<p>&#8220;Queremos que todos se divirtam aqui no novo Campo da Brahma quando ele estiver pronto. No bairro, fizemos uma conten\u00e7\u00e3o na Rua Piau\u00ed, restabelecemos a estabilidade da rua, e todas as vias ao redor do Campo da Brahma, que est\u00e3o sendo pavimentadas. E estamos fazendo um projeto para a pavimenta\u00e7\u00e3o da Rua Manoel Duarte, que \u00e9 uma rua complicada, mas vamos em frente! Estamos melhorando S\u00e3o Gon\u00e7alo&#8221;, disse.<\/p>\n\n\n\n<p>Irenio Gon\u00e7alves, de 75 anos, jogou bola no antigo campo. Ele est\u00e1 ansioso para ver como ficar\u00e1 a nova \u00e1rea de lazer. &#8220;Antes, quando chovia, ningu\u00e9m jogava aqui. N\u00e3o tinha mais grama, s\u00f3 pedra. Vai ter drenagem e at\u00e9 posso voltar a jogar bola agora&#8221;, brincou o aposentado, que mora no bairro h\u00e1 55 anos.<\/p>\n\n\n\n<p>&#8220;O projeto Pra\u00e7a Renovada j\u00e1 foi conclu\u00eddo em 11 pra\u00e7as, sendo duas no Jardim Catarina, uma no Boa\u00e7u, uma no Coroado, uma no Laranjal, uma no Vila Tr\u00eas, uma no Gradim, uma no Rocha, uma no J\u00f3quei, uma em Ita\u00fana e a Pra\u00e7a Chico Mendes. Tamb\u00e9m est\u00e3o em andamento interven\u00e7\u00f5es na Pra\u00e7a do Coluband\u00ea (feita pela Secretaria de Transportes), Pontal, Porto do Rosa, Bairro Almerinda e Lagoinha&#8221;, disse a Prefeitura na nota.<\/p>\n\n\n\n<p><em>Fotos: Renan Otto<\/em><\/p>\n","protected":false},"excerpt":{"rendered":"<p>Unidade de educa\u00e7\u00e3o infantil est\u00e1 sendo erguida no Porto do Rosa O prefeito de S\u00e3o Gon\u00e7alo, Capit\u00e3o Nelson, esteve no&hellip;<\/p>\n","protected":false},"author":5,"featured_media":7504,"comment_status":"open","ping_status":"open","sticky":false,"template":"","format":"standard","meta":{"fifu_image_url":"","fifu_image_alt":"","footnotes":""},"categories":[3],"tags":[],"class_list":["post-7502","post","type-post","status-publish","format-standard","has-post-thumbnail","hentry","category-sao-goncalo"],"_links":{"self":[{"href":"https:\/\/sgvaimudar.com.br\/index.php\/wp-json\/wp\/v2\/posts\/7502","targetHints":{"allow":["GET"]}}],"collection":[{"href":"https:\/\/sgvaimudar.com.br\/index.php\/wp-json\/wp\/v2\/posts"}],"about":[{"href":"https:\/\/sgvaimudar.com.br\/index.php\/wp-json\/wp\/v2\/types\/post"}],"author":[{"embeddable":true,"href":"https:\/\/sgvaimudar.com.br\/index.php\/wp-json\/wp\/v2\/users\/5"}],"replies":[{"embeddable":true,"href":"https:\/\/sgvaimudar.com.br\/index.php\/wp-json\/wp\/v2\/comments?post=7502"}],"version-history":[{"count":1,"href":"https:\/\/sgvaimudar.com.br\/index.php\/wp-json\/wp\/v2\/posts\/7502\/revisions"}],"predecessor-version":[{"id":7505,"href":"https:\/\/sgvaimudar.com.br\/index.php\/wp-json\/wp\/v2\/posts\/7502\/revisions\/7505"}],"wp:featuredmedia":[{"embeddable":true,"href":"https:\/\/sgvaimudar.com.br\/index.php\/wp-json\/wp\/v2\/media\/7504"}],"wp:attachment":[{"href":"https:\/\/sgvaimudar.com.br\/index.php\/wp-json\/wp\/v2\/media?parent=7502"}],"wp:term":[{"taxonomy":"category","embeddable":true,"href":"https:\/\/sgvaimudar.com.br\/index.php\/wp-json\/wp\/v2\/categories?post=7502"},{"taxonomy":"post_tag","embeddable":true,"href":"https:\/\/sgvaimudar.com.br\/index.php\/wp-json\/wp\/v2\/tags?post=7502"}],"curies":[{"name":"wp","href":"https:\/\/api.w.org\/{rel}","templated":true}]}}