{"id":7419,"date":"2024-06-10T10:37:39","date_gmt":"2024-06-10T13:37:39","guid":{"rendered":"https:\/\/sgvaimudar.com.br\/?p=7419"},"modified":"2024-06-11T10:01:19","modified_gmt":"2024-06-11T13:01:19","slug":"segue-em-estado-grave-rapaz-baleado-na-cabeca-noite-de-domingo-na-praia-das-pedrinhas","status":"publish","type":"post","link":"https:\/\/sgvaimudar.com.br\/index.php\/2024\/06\/10\/segue-em-estado-grave-rapaz-baleado-na-cabeca-noite-de-domingo-na-praia-das-pedrinhas\/","title":{"rendered":"Segue em estado grave rapaz baleado na cabe\u00e7a, noite de domingo, na Praia das Pedrinhas"},"content":{"rendered":"\n<p>O rapaz, de 22 anos, identificado como Breno Silva dos Santos, que foi baleado na cabe\u00e7a dentro de um bar na Praia das Pedrinhas, em S\u00e3o Gon\u00e7alo, na noite deste domingo (9\/6)<a href=\"https:\/\/infonet.com.br\/noticias\/cidade\/mulher-trans-e-baleada-apos-tentativa-de-homicidio-em-aracaju\/\">,<\/a>&nbsp;continua em estado grave no Hospital Estadual Alberto Torres (Heat).&nbsp;<\/p>\n\n\n\n<figure class=\"wp-block-image size-large\"><img fetchpriority=\"high\" decoding=\"async\" width=\"472\" height=\"1024\" src=\"https:\/\/sgvaimudar.com.br\/wp-content\/uploads\/2024\/06\/WhatsApp-Image-2024-06-10-at-10.09.28-472x1024.jpeg\" alt=\"\" class=\"wp-image-7420\" srcset=\"https:\/\/sgvaimudar.com.br\/wp-content\/uploads\/2024\/06\/WhatsApp-Image-2024-06-10-at-10.09.28-472x1024.jpeg 472w, https:\/\/sgvaimudar.com.br\/wp-content\/uploads\/2024\/06\/WhatsApp-Image-2024-06-10-at-10.09.28-138x300.jpeg 138w, https:\/\/sgvaimudar.com.br\/wp-content\/uploads\/2024\/06\/WhatsApp-Image-2024-06-10-at-10.09.28-708x1536.jpeg 708w, https:\/\/sgvaimudar.com.br\/wp-content\/uploads\/2024\/06\/WhatsApp-Image-2024-06-10-at-10.09.28.jpeg 738w\" sizes=\"(max-width: 472px) 100vw, 472px\" \/><\/figure>\n\n\n\n<p>O fato ocorreu na noite deste domingo (9\/6) e ainda n\u00e3o se sabe a motiva\u00e7\u00e3o do crime. Segundo populares, o Corpo de Bombeiros foi acionado e rapidamente socorreu  a v\u00edtima na Rua Professora Maria Joaquina.<\/p>\n\n\n\n<p>O caso foi registrado na 73\u00aa DP (Neves) e dilig\u00eancias est\u00e3o em andamento para apurar a autoria do disparo que atingiu a v\u00edtima.<\/p>\n\n\n\n<p><em>Em apura\u00e7\u00e3o&#8230;<\/em><\/p>\n","protected":false},"excerpt":{"rendered":"<p>O rapaz, de 22 anos, identificado como Breno Silva dos Santos, que foi baleado na cabe\u00e7a dentro de um bar&hellip;<\/p>\n","protected":false},"author":5,"featured_media":7421,"comment_status":"open","ping_status":"open","sticky":false,"template":"","format":"standard","meta":{"fifu_image_url":"","fifu_image_alt":"","footnotes":""},"categories":[32],"tags":[],"class_list":["post-7419","post","type-post","status-publish","format-standard","has-post-thumbnail","hentry","category-casos-de-policia"],"_links":{"self":[{"href":"https:\/\/sgvaimudar.com.br\/index.php\/wp-json\/wp\/v2\/posts\/7419","targetHints":{"allow":["GET"]}}],"collection":[{"href":"https:\/\/sgvaimudar.com.br\/index.php\/wp-json\/wp\/v2\/posts"}],"about":[{"href":"https:\/\/sgvaimudar.com.br\/index.php\/wp-json\/wp\/v2\/types\/post"}],"author":[{"embeddable":true,"href":"https:\/\/sgvaimudar.com.br\/index.php\/wp-json\/wp\/v2\/users\/5"}],"replies":[{"embeddable":true,"href":"https:\/\/sgvaimudar.com.br\/index.php\/wp-json\/wp\/v2\/comments?post=7419"}],"version-history":[{"count":2,"href":"https:\/\/sgvaimudar.com.br\/index.php\/wp-json\/wp\/v2\/posts\/7419\/revisions"}],"predecessor-version":[{"id":7461,"href":"https:\/\/sgvaimudar.com.br\/index.php\/wp-json\/wp\/v2\/posts\/7419\/revisions\/7461"}],"wp:featuredmedia":[{"embeddable":true,"href":"https:\/\/sgvaimudar.com.br\/index.php\/wp-json\/wp\/v2\/media\/7421"}],"wp:attachment":[{"href":"https:\/\/sgvaimudar.com.br\/index.php\/wp-json\/wp\/v2\/media?parent=7419"}],"wp:term":[{"taxonomy":"category","embeddable":true,"href":"https:\/\/sgvaimudar.com.br\/index.php\/wp-json\/wp\/v2\/categories?post=7419"},{"taxonomy":"post_tag","embeddable":true,"href":"https:\/\/sgvaimudar.com.br\/index.php\/wp-json\/wp\/v2\/tags?post=7419"}],"curies":[{"name":"wp","href":"https:\/\/api.w.org\/{rel}","templated":true}]}}