{"id":7415,"date":"2024-06-10T20:00:00","date_gmt":"2024-06-10T23:00:00","guid":{"rendered":"https:\/\/sgvaimudar.com.br\/?p=7415"},"modified":"2024-06-10T09:54:52","modified_gmt":"2024-06-10T12:54:52","slug":"laboratorio-municipal-no-barro-vermelho-ganha-melhorias-sem-interromper-servicos","status":"publish","type":"post","link":"https:\/\/sgvaimudar.com.br\/index.php\/2024\/06\/10\/laboratorio-municipal-no-barro-vermelho-ganha-melhorias-sem-interromper-servicos\/","title":{"rendered":"Laborat\u00f3rio municipal no Barro Vermelho ganha melhorias sem interromper servi\u00e7os"},"content":{"rendered":"\n<p><em>Unidade realiza, em m\u00e9dia, 3 mil an\u00e1lises cl\u00ednicas por m\u00eas\u00a0<\/em><\/p>\n\n\n\n<p>A Secretaria de Sa\u00fade da Prefeitura de S\u00e3o Gon\u00e7alo informou que o Laborat\u00f3rio Municipal Dr. Armando Gueiros, no Barro Vermelho, passou por uma transforma\u00e7\u00e3o, nas \u00faltimas semanas, sem que os servi\u00e7os fossem interrompidos.<\/p>\n\n\n\n<figure class=\"wp-block-image size-full\"><img fetchpriority=\"high\" decoding=\"async\" width=\"1024\" height=\"683\" src=\"https:\/\/sgvaimudar.com.br\/wp-content\/uploads\/2024\/06\/unnamed-7-4.jpg\" alt=\"\" class=\"wp-image-7416\" srcset=\"https:\/\/sgvaimudar.com.br\/wp-content\/uploads\/2024\/06\/unnamed-7-4.jpg 1024w, https:\/\/sgvaimudar.com.br\/wp-content\/uploads\/2024\/06\/unnamed-7-4-300x200.jpg 300w, https:\/\/sgvaimudar.com.br\/wp-content\/uploads\/2024\/06\/unnamed-7-4-768x512.jpg 768w\" sizes=\"(max-width: 1024px) 100vw, 1024px\" \/><\/figure>\n\n\n\n<p>Segundo o Executivo, n\u00e3o s\u00f3 os equipamentos de sa\u00fade de atendimento direto ao p\u00fablico recebem melhorias e reformas em S\u00e3o Gon\u00e7alo. &#8220;O resultado j\u00e1 est\u00e1 bem aparente: ambientes mais claros e limpos e fachada com caracter\u00edsticas do governo do prefeito Capit\u00e3o Nelson&#8221;, disse o poder p\u00fablico na nota.<\/p>\n\n\n\n<p>De acordo com o coordenador geral do laborat\u00f3rio municipal, Dilcimar de Assis Martins, logo na entrada, j\u00e1 \u00e9 percept\u00edvel a diferen\u00e7a. &#8220;Toda a unidade recebeu nova pintura interna e externa, revis\u00f5es el\u00e9trica, hidr\u00e1ulica e do telhado e manuten\u00e7\u00e3o de forma geral com troca de l\u00e2mpadas e torneiras, por exemplo&#8221;, disse Martins.<\/p>\n\n\n\n<p>Segundo o secret\u00e1rio de Sa\u00fade, Dr. Gleison Rocha, uma avalia\u00e7\u00e3o geral e todas as manuten\u00e7\u00f5es necess\u00e1rias foram feiras. &#8220;O laborat\u00f3rio ainda n\u00e3o tinha as caracter\u00edsticas do governo Capit\u00e3o Nelson. Agora, ele ganhou a identidade visual e ambientes mais confort\u00e1veis para os servidores que l\u00e1 trabalham\u201d, disse o secret\u00e1rio.<\/p>\n\n\n\n<p>O laborat\u00f3rio n\u00e3o atende o p\u00fablico diretamente. O local realiza as an\u00e1lises dos exames de tuberculose colhidos em unidades do munic\u00edpio: o teste Baar e o Teste R\u00e1pido Molecular (TRM). As an\u00e1lises das microbiologias (estudo das bact\u00e9rias) nos exames de urina, coprocultura, secre\u00e7\u00f5es, fragmentos e sangue tamb\u00e9m s\u00e3o realizadas no espa\u00e7o.<\/p>\n\n\n\n<p>\u201cEstamos em uma mudan\u00e7a constante para melhorar os servi\u00e7os prestados \u00e0 popula\u00e7\u00e3o. Hoje, liberamos todos os resultados em dia todos os dias. N\u00e3o h\u00e1 atrasos. Implantamos o sistema com o laudo online. Assim que os respons\u00e1veis t\u00e9cnicos assinam os laudos, eles s\u00e3o enviados para as respectivas unidades de origem, agilizando as entregas. Estamos no aux\u00edlio ao diagn\u00f3stico com bastante rapidez e solidez sem perder a qualidade\u201d, explicou o coordenador geral do laborat\u00f3rio municipal.<\/p>\n\n\n\n<p>&#8220;O laborat\u00f3rio Dr. Armando Gueiros realiza, mensalmente, uma m\u00e9dia de 3 mil an\u00e1lises. A cidade tamb\u00e9m conta com laborat\u00f3rios particulares conveniados com o Sistema \u00danico de Sa\u00fade (SUS) para atender algumas unidades e o tempo de entrega dos resultados pode ser diferenciado&#8221;, afirmou o pasta da Sa\u00fade no texto.<\/p>\n\n\n\n<p><em>Fotos: Fabio Guimar\u00e3es<\/em><\/p>\n","protected":false},"excerpt":{"rendered":"<p>Unidade realiza, em m\u00e9dia, 3 mil an\u00e1lises cl\u00ednicas por m\u00eas\u00a0 A Secretaria de Sa\u00fade da Prefeitura de S\u00e3o Gon\u00e7alo informou&hellip;<\/p>\n","protected":false},"author":5,"featured_media":7417,"comment_status":"open","ping_status":"open","sticky":false,"template":"","format":"standard","meta":{"fifu_image_url":"","fifu_image_alt":"","footnotes":""},"categories":[7],"tags":[],"class_list":["post-7415","post","type-post","status-publish","format-standard","has-post-thumbnail","hentry","category-saude"],"_links":{"self":[{"href":"https:\/\/sgvaimudar.com.br\/index.php\/wp-json\/wp\/v2\/posts\/7415","targetHints":{"allow":["GET"]}}],"collection":[{"href":"https:\/\/sgvaimudar.com.br\/index.php\/wp-json\/wp\/v2\/posts"}],"about":[{"href":"https:\/\/sgvaimudar.com.br\/index.php\/wp-json\/wp\/v2\/types\/post"}],"author":[{"embeddable":true,"href":"https:\/\/sgvaimudar.com.br\/index.php\/wp-json\/wp\/v2\/users\/5"}],"replies":[{"embeddable":true,"href":"https:\/\/sgvaimudar.com.br\/index.php\/wp-json\/wp\/v2\/comments?post=7415"}],"version-history":[{"count":1,"href":"https:\/\/sgvaimudar.com.br\/index.php\/wp-json\/wp\/v2\/posts\/7415\/revisions"}],"predecessor-version":[{"id":7418,"href":"https:\/\/sgvaimudar.com.br\/index.php\/wp-json\/wp\/v2\/posts\/7415\/revisions\/7418"}],"wp:featuredmedia":[{"embeddable":true,"href":"https:\/\/sgvaimudar.com.br\/index.php\/wp-json\/wp\/v2\/media\/7417"}],"wp:attachment":[{"href":"https:\/\/sgvaimudar.com.br\/index.php\/wp-json\/wp\/v2\/media?parent=7415"}],"wp:term":[{"taxonomy":"category","embeddable":true,"href":"https:\/\/sgvaimudar.com.br\/index.php\/wp-json\/wp\/v2\/categories?post=7415"},{"taxonomy":"post_tag","embeddable":true,"href":"https:\/\/sgvaimudar.com.br\/index.php\/wp-json\/wp\/v2\/tags?post=7415"}],"curies":[{"name":"wp","href":"https:\/\/api.w.org\/{rel}","templated":true}]}}