{"id":7395,"date":"2024-06-10T11:00:00","date_gmt":"2024-06-10T14:00:00","guid":{"rendered":"https:\/\/sgvaimudar.com.br\/?p=7395"},"modified":"2024-06-10T09:23:44","modified_gmt":"2024-06-10T12:23:44","slug":"unidade-reaberta-facilita-acesso-de-moradores-aos-servicos-de-saude","status":"publish","type":"post","link":"https:\/\/sgvaimudar.com.br\/index.php\/2024\/06\/10\/unidade-reaberta-facilita-acesso-de-moradores-aos-servicos-de-saude\/","title":{"rendered":"Unidade reaberta facilita acesso de moradores aos servi\u00e7os de sa\u00fade"},"content":{"rendered":"\n<p><em>USF no Arsenal ficou fechada durante seis anos e foi revitalizada ano passado<\/em><\/p>\n\n\n\n<p>A Unidade de Sa\u00fade da Fam\u00edlia (USF) do Anaia Pequeno, no Arsenal, depois de ficar fechada por seis anos sem oferecer servi\u00e7os e atendimentos para a popula\u00e7\u00e3o, foi reaberta pela gest\u00e3o do prefeito Capit\u00e3o Nelson em maio do ano passado. <\/p>\n\n\n\n<p>Um ano depois, a unidade atende os pacientes com excel\u00eancia e celeridade nos diversos atendimentos e servi\u00e7os com capacidade para receber 8 mil pacientes.\u00a0\u00a0<\/p>\n\n\n\n<figure class=\"wp-block-image size-full\"><img fetchpriority=\"high\" decoding=\"async\" width=\"1024\" height=\"683\" src=\"https:\/\/sgvaimudar.com.br\/wp-content\/uploads\/2024\/06\/unnamed-1-8.jpg\" alt=\"\" class=\"wp-image-7396\" srcset=\"https:\/\/sgvaimudar.com.br\/wp-content\/uploads\/2024\/06\/unnamed-1-8.jpg 1024w, https:\/\/sgvaimudar.com.br\/wp-content\/uploads\/2024\/06\/unnamed-1-8-300x200.jpg 300w, https:\/\/sgvaimudar.com.br\/wp-content\/uploads\/2024\/06\/unnamed-1-8-768x512.jpg 768w\" sizes=\"(max-width: 1024px) 100vw, 1024px\" \/><\/figure>\n\n\n\n<p>Com novos equipamentos, consult\u00f3rios revitalizados e uma estrutura de qualidade, a USF voltou a facilitar a vida dos moradores que, no per\u00edodo em que esteve fechada, tinham que seguir para a Cl\u00ednica Municipal da Fam\u00edlia Dr. Zerbini, tamb\u00e9m no Arsenal. A cl\u00ednica fica do outro lado da rodovia RJ-104, dificultando o acesso para muitos e sobrecarregando a unidade.<\/p>\n\n\n\n<p>Esse era o caso da aposentada Ilce Xavier, de 73 anos, que realiza curativo \u2013 todos os dias \u2013 no calcanhar devido a uma ferida aberta pelo diabetes. \u201cEu conheci e frequentava o posto antigo. A diferen\u00e7a \u00e9 grande. A marca\u00e7\u00e3o est\u00e1 \u00f3tima e o atendimento r\u00e1pido. Est\u00e1 tudo mais bonito, melhorou muito. Antigamente, tudo era mais lento. E, quando ficou sem funcionar, tinha que ir para o Zerbini. Meus parentes ficavam preocupados por conta de ter que atravessar a pista\u201d, contou Ilce.&nbsp;&nbsp;<\/p>\n\n\n\n<p>A unidade tem dois m\u00e9dicos, dentistas, enfermeiros, t\u00e9cnicos de enfermagem e agentes comunit\u00e1rios de sa\u00fade. O posto tamb\u00e9m conta com profissionais do e-Multi com nutricionista, fisioterapeuta, educador f\u00edsico, assistente social, psic\u00f3logo e fonoaudi\u00f3logo. Os programas da Aten\u00e7\u00e3o B\u00e1sica est\u00e3o dispon\u00edveis com servi\u00e7os de pr\u00e9-natal, preventivo, puericultura, medi\u00e7\u00e3o da press\u00e3o arterial e da glicose. H\u00e1 tamb\u00e9m vacina\u00e7\u00e3o, servi\u00e7o de curativo e exames laboratoriais de sangue, urina e fezes.&nbsp;<\/p>\n\n\n\n<p>Professora de 47 anos, Andreia Cunha Pereira, foi buscar informa\u00e7\u00e3o sobre o atendimento da unidade de sa\u00fade e saiu com o filho Carlos Andr\u00e9 Cunha Pereira Rosa, de 4 anos, com a caderneta de vacina\u00e7\u00e3o atualizada. \u201cEstou morando no Anaia h\u00e1 oito meses. \u00c9 a primeira vez que frequento a rede de sa\u00fade do munic\u00edpio de S\u00e3o Gon\u00e7alo. Conheci, usei e estou saindo satisfeita. Est\u00e1 muito bonito, organizado e limpo. E o principal destaque \u00e9 a educa\u00e7\u00e3o dos profissionais. S\u00e3o muito atenciosos\u201d, elogiou.&nbsp;<\/p>\n\n\n\n<p>Entregue revitalizada para a popula\u00e7\u00e3o, a unidade est\u00e1 adequada conforme as normas da Anvisa: a RDC 50, que diz respeito aos ambientes; e a NBR 9050, sobre acessibilidade, para melhor atender a popula\u00e7\u00e3o. A obra conta com ambientes climatizados e acess\u00edveis (rampa, piso t\u00e1til, barras e banheiros adaptados para pessoas com defici\u00eancia).<\/p>\n\n\n\n<p>\u201cEssa unidade estava abandonada. E o prefeito Capit\u00e3o Nelson deu a ordem para reabrir nos moldes das demais unidades revitalizadas. O objetivo \u00e9 entregar servi\u00e7os e atendimentos mais humanizados e com qualidade para os moradores, que n\u00e3o precisam mais se deslocar para o outro lado do bairro para atendimentos da rede b\u00e1sica. \u00c9 um ganho enorme para todos os usu\u00e1rios. Unidade com qualidade e atendimento humanizado perto de casa\u201d, defendeu o secret\u00e1rio de Sa\u00fade Dr. Gleison Rocha.&nbsp;<\/p>\n\n\n\n<p><em>Fotos: Fabio Guimar\u00e3es<\/em><\/p>\n","protected":false},"excerpt":{"rendered":"<p>USF no Arsenal ficou fechada durante seis anos e foi revitalizada ano passado A Unidade de Sa\u00fade da Fam\u00edlia (USF)&hellip;<\/p>\n","protected":false},"author":5,"featured_media":7397,"comment_status":"open","ping_status":"open","sticky":false,"template":"","format":"standard","meta":{"fifu_image_url":"","fifu_image_alt":"","footnotes":""},"categories":[7],"tags":[],"class_list":["post-7395","post","type-post","status-publish","format-standard","has-post-thumbnail","hentry","category-saude"],"_links":{"self":[{"href":"https:\/\/sgvaimudar.com.br\/index.php\/wp-json\/wp\/v2\/posts\/7395","targetHints":{"allow":["GET"]}}],"collection":[{"href":"https:\/\/sgvaimudar.com.br\/index.php\/wp-json\/wp\/v2\/posts"}],"about":[{"href":"https:\/\/sgvaimudar.com.br\/index.php\/wp-json\/wp\/v2\/types\/post"}],"author":[{"embeddable":true,"href":"https:\/\/sgvaimudar.com.br\/index.php\/wp-json\/wp\/v2\/users\/5"}],"replies":[{"embeddable":true,"href":"https:\/\/sgvaimudar.com.br\/index.php\/wp-json\/wp\/v2\/comments?post=7395"}],"version-history":[{"count":1,"href":"https:\/\/sgvaimudar.com.br\/index.php\/wp-json\/wp\/v2\/posts\/7395\/revisions"}],"predecessor-version":[{"id":7398,"href":"https:\/\/sgvaimudar.com.br\/index.php\/wp-json\/wp\/v2\/posts\/7395\/revisions\/7398"}],"wp:featuredmedia":[{"embeddable":true,"href":"https:\/\/sgvaimudar.com.br\/index.php\/wp-json\/wp\/v2\/media\/7397"}],"wp:attachment":[{"href":"https:\/\/sgvaimudar.com.br\/index.php\/wp-json\/wp\/v2\/media?parent=7395"}],"wp:term":[{"taxonomy":"category","embeddable":true,"href":"https:\/\/sgvaimudar.com.br\/index.php\/wp-json\/wp\/v2\/categories?post=7395"},{"taxonomy":"post_tag","embeddable":true,"href":"https:\/\/sgvaimudar.com.br\/index.php\/wp-json\/wp\/v2\/tags?post=7395"}],"curies":[{"name":"wp","href":"https:\/\/api.w.org\/{rel}","templated":true}]}}