{"id":7392,"date":"2024-06-10T09:05:22","date_gmt":"2024-06-10T12:05:22","guid":{"rendered":"https:\/\/sgvaimudar.com.br\/?p=7392"},"modified":"2024-06-10T09:05:54","modified_gmt":"2024-06-10T12:05:54","slug":"imprensa-espanhola-exalta-vini-jr-e-endrick-real-madrid-lambe-os-beicos","status":"publish","type":"post","link":"https:\/\/sgvaimudar.com.br\/index.php\/2024\/06\/10\/imprensa-espanhola-exalta-vini-jr-e-endrick-real-madrid-lambe-os-beicos\/","title":{"rendered":"Imprensa espanhola exalta Vini Jr. e Endrick: \u201cReal Madrid lambe os bei\u00e7os\u201d"},"content":{"rendered":"\n<p><em>Show da dupla na vit\u00f3ria da sele\u00e7\u00e3o brasileira sobre o M\u00e9xico \u201cd\u00e1 um gostinho do que vem por a\u00ed\u201d para os torcedores do clube merengue, afirma portal espanhol<\/em><\/p>\n\n\n\n<p>A parceria entre Vini Jr. e Endrick na vit\u00f3ria da sele\u00e7\u00e3o brasileira sobre o M\u00e9xico, no \u00faltimo s\u00e1bado, por 3 a 2, foi exaltada pela imprensa espanhola. Os dois jogadores atuar\u00e3o juntos no Real Madrid\u00a0na pr\u00f3xima temporada.<\/p>\n\n\n\n<p>\u201cO Real Madrid lambe os bei\u00e7os: Vinicius d\u00e1 assist\u00eancia, Endrick marca o gol da vit\u00f3ria e comemora como Messi no Bernab\u00e9u\u201d,\u00a0escreveu o di\u00e1rio Marca, de Madri, salientando a celebra\u00e7\u00e3o mostrando a camisa, assim como o argentino fez em 2017 quando atuava pelo Barcelona ao marcar nos minutos finais diante do Real.<\/p>\n\n\n\n<p>Tamb\u00e9m da capital espanhola, o jornal As destacou o ex-palmeirense Endrick.<\/p>\n\n\n\n<p>\u201cO escolhido\u201d, diz a manchete da publica\u00e7\u00e3o.<\/p>\n\n\n\n<p>\u201cUm gostinho do que vem por a\u00ed: parceria de Vini Jr. e Endrick garante vit\u00f3ria do Brasil aos 96 minutos\u201d, publicou o portal \u201cFootball Espa\u00f1a\u201d.<\/p>\n\n\n\n<p>Depois de vencer o M\u00e9xico, o Brasil ainda tem mais um amistoso antes da estreia na Copa Am\u00e9rica. Na quarta-feira, a sele\u00e7\u00e3o brasileira encara os Estados Unidos, \u00e0s 20h (hor\u00e1rio de Bras\u00edlia), Camping World Stadium, em Orlando, na Fl\u00f3rida.<\/p>\n\n\n\n<p><em>Fonte GE<\/em><\/p>\n","protected":false},"excerpt":{"rendered":"<p>Show da dupla na vit\u00f3ria da sele\u00e7\u00e3o brasileira sobre o M\u00e9xico \u201cd\u00e1 um gostinho do que vem por a\u00ed\u201d para&hellip;<\/p>\n","protected":false},"author":5,"featured_media":7393,"comment_status":"open","ping_status":"open","sticky":false,"template":"","format":"standard","meta":{"fifu_image_url":"","fifu_image_alt":"","footnotes":""},"categories":[5],"tags":[],"class_list":["post-7392","post","type-post","status-publish","format-standard","has-post-thumbnail","hentry","category-esportes"],"_links":{"self":[{"href":"https:\/\/sgvaimudar.com.br\/index.php\/wp-json\/wp\/v2\/posts\/7392","targetHints":{"allow":["GET"]}}],"collection":[{"href":"https:\/\/sgvaimudar.com.br\/index.php\/wp-json\/wp\/v2\/posts"}],"about":[{"href":"https:\/\/sgvaimudar.com.br\/index.php\/wp-json\/wp\/v2\/types\/post"}],"author":[{"embeddable":true,"href":"https:\/\/sgvaimudar.com.br\/index.php\/wp-json\/wp\/v2\/users\/5"}],"replies":[{"embeddable":true,"href":"https:\/\/sgvaimudar.com.br\/index.php\/wp-json\/wp\/v2\/comments?post=7392"}],"version-history":[{"count":1,"href":"https:\/\/sgvaimudar.com.br\/index.php\/wp-json\/wp\/v2\/posts\/7392\/revisions"}],"predecessor-version":[{"id":7394,"href":"https:\/\/sgvaimudar.com.br\/index.php\/wp-json\/wp\/v2\/posts\/7392\/revisions\/7394"}],"wp:featuredmedia":[{"embeddable":true,"href":"https:\/\/sgvaimudar.com.br\/index.php\/wp-json\/wp\/v2\/media\/7393"}],"wp:attachment":[{"href":"https:\/\/sgvaimudar.com.br\/index.php\/wp-json\/wp\/v2\/media?parent=7392"}],"wp:term":[{"taxonomy":"category","embeddable":true,"href":"https:\/\/sgvaimudar.com.br\/index.php\/wp-json\/wp\/v2\/categories?post=7392"},{"taxonomy":"post_tag","embeddable":true,"href":"https:\/\/sgvaimudar.com.br\/index.php\/wp-json\/wp\/v2\/tags?post=7392"}],"curies":[{"name":"wp","href":"https:\/\/api.w.org\/{rel}","templated":true}]}}