{"id":7378,"date":"2024-06-10T08:24:13","date_gmt":"2024-06-10T11:24:13","guid":{"rendered":"https:\/\/sgvaimudar.com.br\/?p=7378"},"modified":"2024-06-10T08:24:13","modified_gmt":"2024-06-10T11:24:13","slug":"habitacao-promove-conferencia-das-cidades-em-julho","status":"publish","type":"post","link":"https:\/\/sgvaimudar.com.br\/index.php\/2024\/06\/10\/habitacao-promove-conferencia-das-cidades-em-julho\/","title":{"rendered":"Habita\u00e7\u00e3o promove confer\u00eancia das Cidades em julho"},"content":{"rendered":"\n<p><em>Evento vai fortalecer participa\u00e7\u00e3o social na constru\u00e7\u00e3o de pol\u00edticas p\u00fablicas<\/em><\/p>\n\n\n\n<p>A Secretaria de Habita\u00e7\u00e3o da Prefeitura de S\u00e3o Gon\u00e7alo vai promover, no m\u00eas de julho, a&nbsp;6\u00aa Confer\u00eancia Municipal das Cidades, que ter\u00e1 como tema &#8220;Construindo a Pol\u00edtica Nacional de Desenvolvimento Urbano: Caminhos para cidades inclusivas, democr\u00e1ticas, sustent\u00e1veis e com justi\u00e7a social\u201d.<\/p>\n\n\n\n<p>Segundo a Prefeitura, o objetivo da confer\u00eancia \u00e9 o de fortalecer a participa\u00e7\u00e3o social na formula\u00e7\u00e3o de pol\u00edticas p\u00fablicas efetivas, destinadas ao desenvolvimento urbano, \u00e0 habita\u00e7\u00e3o, aos territ\u00f3rios perif\u00e9ricos, \u00e0 mobilidade urbana e ao saneamento b\u00e1sico, voltada \u00e0 elabora\u00e7\u00e3o de propostas locais que ser\u00e3o aprimoradas sob a perspectiva de v\u00e1rias escalas, de comunit\u00e1ria \u00e0 nacional.<\/p>\n\n\n\n<p>&#8220;Participam da comiss\u00e3o organizadora da 6\u00aa Confer\u00eancia Municipal das Cidades lideran\u00e7as comunit\u00e1rias, servidores p\u00fablicos, empresariado, entidades profissionais, sindicatos, entre outros, demonstrando car\u00e1ter plural e democr\u00e1tico da constru\u00e7\u00e3o da iniciativa. A lista da comiss\u00e3o organizadora foi publicada no Di\u00e1rio Oficial do Munic\u00edpio desta quarta-feira (5)&#8221;, informou o Executivo na nota.<\/p>\n\n\n\n<p>\u201cAp\u00f3s 10 anos de espera, as Confer\u00eancias Municipais das Cidades dever\u00e3o ser retomadas em todos os munic\u00edpios brasileiros. Neste sentido, S\u00e3o Gon\u00e7alo destaca-se dentre os munic\u00edpios do Estado do Rio de Janeiro por conter representantes de diversos segmentos sociais na Comiss\u00e3o Organizadora da 6\u00aa Confer\u00eancia Municipal das Cidades\u201d, enfatizou a secret\u00e1ria de Habita\u00e7\u00e3o, Rafaela Santana.&nbsp;<\/p>\n\n\n\n<p>&nbsp;A 6\u00aa Confer\u00eancia Municipal das Cidades de S\u00e3o Gon\u00e7alo ter\u00e1 tr\u00eas eixos de debate: Eixo 1: Articula\u00e7\u00e3o entre os principais setores urbanos e com o planejamento das pol\u00edticas p\u00fablicas; Eixo 2: Gest\u00e3o estrat\u00e9gica e financiamento; e Eixo 3: Grandes temas transversais.<\/p>\n\n\n\n<p>A expectativa \u00e9 de que, durante a confer\u00eancia, tamb\u00e9m ocorra a aprova\u00e7\u00e3o de quatro a oito propostas que impactem diretamente na transforma\u00e7\u00e3o positiva da realidade local. Estas propostas ser\u00e3o encaminhadas \u00e0 Confer\u00eancia Estadual, com vistas \u00e0 Confer\u00eancia Nacional.<\/p>\n\n\n\n<p><em>Foto: Henrique Maciel<\/em><\/p>\n","protected":false},"excerpt":{"rendered":"<p>Evento vai fortalecer participa\u00e7\u00e3o social na constru\u00e7\u00e3o de pol\u00edticas p\u00fablicas A Secretaria de Habita\u00e7\u00e3o da Prefeitura de S\u00e3o Gon\u00e7alo vai&hellip;<\/p>\n","protected":false},"author":5,"featured_media":7379,"comment_status":"open","ping_status":"open","sticky":false,"template":"","format":"standard","meta":{"fifu_image_url":"","fifu_image_alt":"","footnotes":""},"categories":[3],"tags":[],"class_list":["post-7378","post","type-post","status-publish","format-standard","has-post-thumbnail","hentry","category-sao-goncalo"],"_links":{"self":[{"href":"https:\/\/sgvaimudar.com.br\/index.php\/wp-json\/wp\/v2\/posts\/7378","targetHints":{"allow":["GET"]}}],"collection":[{"href":"https:\/\/sgvaimudar.com.br\/index.php\/wp-json\/wp\/v2\/posts"}],"about":[{"href":"https:\/\/sgvaimudar.com.br\/index.php\/wp-json\/wp\/v2\/types\/post"}],"author":[{"embeddable":true,"href":"https:\/\/sgvaimudar.com.br\/index.php\/wp-json\/wp\/v2\/users\/5"}],"replies":[{"embeddable":true,"href":"https:\/\/sgvaimudar.com.br\/index.php\/wp-json\/wp\/v2\/comments?post=7378"}],"version-history":[{"count":1,"href":"https:\/\/sgvaimudar.com.br\/index.php\/wp-json\/wp\/v2\/posts\/7378\/revisions"}],"predecessor-version":[{"id":7380,"href":"https:\/\/sgvaimudar.com.br\/index.php\/wp-json\/wp\/v2\/posts\/7378\/revisions\/7380"}],"wp:featuredmedia":[{"embeddable":true,"href":"https:\/\/sgvaimudar.com.br\/index.php\/wp-json\/wp\/v2\/media\/7379"}],"wp:attachment":[{"href":"https:\/\/sgvaimudar.com.br\/index.php\/wp-json\/wp\/v2\/media?parent=7378"}],"wp:term":[{"taxonomy":"category","embeddable":true,"href":"https:\/\/sgvaimudar.com.br\/index.php\/wp-json\/wp\/v2\/categories?post=7378"},{"taxonomy":"post_tag","embeddable":true,"href":"https:\/\/sgvaimudar.com.br\/index.php\/wp-json\/wp\/v2\/tags?post=7378"}],"curies":[{"name":"wp","href":"https:\/\/api.w.org\/{rel}","templated":true}]}}