{"id":7305,"date":"2024-06-08T11:00:00","date_gmt":"2024-06-08T14:00:00","guid":{"rendered":"https:\/\/sgvaimudar.com.br\/?p=7305"},"modified":"2024-06-08T09:02:51","modified_gmt":"2024-06-08T12:02:51","slug":"usf-e-referencia-em-atendimento-na-area-rural-de-sao-goncalo","status":"publish","type":"post","link":"https:\/\/sgvaimudar.com.br\/index.php\/2024\/06\/08\/usf-e-referencia-em-atendimento-na-area-rural-de-sao-goncalo\/","title":{"rendered":"USF \u00e9 refer\u00eancia em atendimento na \u00e1rea rural de S\u00e3o Gon\u00e7alo"},"content":{"rendered":"\n<p><em>Unidade de sa\u00fade revitalizada recebe elogios dos moradores\u00a0<\/em><\/p>\n\n\n\n<p>O posto Jos\u00e9 Jorge Cortes Freitas, em Itaitindiba, que \u00e9 a nona unidade de sa\u00fade da fam\u00edlia (USF) revitalizada entregue pela gest\u00e3o do prefeito Capit\u00e3o Nelson, acumula elogios dos usu\u00e1rios. Com ambientes mais humanizados e melhor distribui\u00e7\u00e3o do espa\u00e7o, a unidade de sa\u00fade tem capacidade para atender mais de 4 mil moradores.\u00a0\u00a0<\/p>\n\n\n\n<figure class=\"wp-block-image size-full\"><img fetchpriority=\"high\" decoding=\"async\" width=\"1024\" height=\"683\" src=\"https:\/\/sgvaimudar.com.br\/wp-content\/uploads\/2024\/06\/unnamed-20.jpg\" alt=\"\" class=\"wp-image-7306\" srcset=\"https:\/\/sgvaimudar.com.br\/wp-content\/uploads\/2024\/06\/unnamed-20.jpg 1024w, https:\/\/sgvaimudar.com.br\/wp-content\/uploads\/2024\/06\/unnamed-20-300x200.jpg 300w, https:\/\/sgvaimudar.com.br\/wp-content\/uploads\/2024\/06\/unnamed-20-768x512.jpg 768w\" sizes=\"(max-width: 1024px) 100vw, 1024px\" \/><\/figure>\n\n\n\n<p>Refer\u00eancia na regi\u00e3o, a USF da \u00e1rea rural de S\u00e3o Gon\u00e7alo oferece equipe do e-Multi: psic\u00f3logo, nutricionista, educador f\u00edsico, fisioterapia e assistente social; al\u00e9m de dentista e cl\u00ednico geral. <\/p>\n\n\n\n<p>Segundo o secret\u00e1rio de Sa\u00fade, Dr. Gleison Rocha, o objetivo dessas revitaliza\u00e7\u00f5es \u00e9 dar mais dignidade para os pacientes nos atendimentos de sa\u00fade e para os funcion\u00e1rios. &#8220;Muitas unidades estavam insalubres tanto para os trabalhadores quanto para a popula\u00e7\u00e3o. Agora, os servi\u00e7os podem ser prestados com mais humaniza\u00e7\u00e3o, o que \u00e9 sempre pedido pelo nosso prefeito Capit\u00e3o Nelson\u201d, explicou o secret\u00e1rio. <\/p>\n\n\n\n<p>O eletricista Armando Luiz Gomes da Silva, de 51 anos, foi \u00e0 unidade para se vacinar contra a gripe, mas \u00e9 usu\u00e1rio ass\u00edduo dos outros servi\u00e7os.\u00a0\u201cSou paciente do posto desde que abriu. Sempre gostei dos atendimentos daqui. Mas a obra melhorou tudo em 100%. Est\u00e1 melhor do que o atendimento particular. Eu uso tudo aqui: m\u00e9dico, dentista, fa\u00e7o exame de sangue e vacina\u00e7\u00e3o\u201d, contou o eletricista.\u00a0<\/p>\n\n\n\n<p>Com a mudan\u00e7a na estrutura f\u00edsica, os atendimentos ficaram mais humanizados. As melhorias foram sentidas pelo aut\u00f4nomo Robson Carvalho, 45. \u201cEst\u00e1 tudo muito diferente, est\u00e1 tudo perfeito, o ambiente melhorou muito. As pessoas que trabalham aqui s\u00e3o maravilhosas, perfeitas e atenciosas: desde os atendentes ao m\u00e9dico. Os atendimentos j\u00e1 eram bons, mas com a estrutura boa, ficaram muito melhores\u201d.&nbsp;<\/p>\n\n\n\n<p>A USF tamb\u00e9m tem os servi\u00e7os de laborat\u00f3rio para os exames de sangue, urina e fezes; realiza vacina\u00e7\u00e3o, preventivo, puericultura, pr\u00e9-natal, aferi\u00e7\u00e3o de press\u00e3o e de diabetes e tem os programas da Aten\u00e7\u00e3o B\u00e1sica.&nbsp;<\/p>\n\n\n\n<p>A Jos\u00e9 Jorge Cortes Freitas recebeu pisos novos, pintura, climatiza\u00e7\u00e3o, adequa\u00e7\u00f5es gerais e de acessibilidade (rampa, piso t\u00e1til, barras, banheiros adaptados), al\u00e9m da revitaliza\u00e7\u00e3o da fachada e revis\u00e3o el\u00e9trica, tudo dentro das normas da Ag\u00eancia Nacional de Vigil\u00e2ncia Sanit\u00e1ria (Anvisa).<\/p>\n\n\n\n<p><em>Texto: Ascom PMSG<\/em><\/p>\n\n\n\n<p><em>Fotos: Fabio Guimar\u00e3es<\/em><\/p>\n","protected":false},"excerpt":{"rendered":"<p>Unidade de sa\u00fade revitalizada recebe elogios dos moradores\u00a0 O posto Jos\u00e9 Jorge Cortes Freitas, em Itaitindiba, que \u00e9 a nona&hellip;<\/p>\n","protected":false},"author":5,"featured_media":7307,"comment_status":"open","ping_status":"open","sticky":false,"template":"","format":"standard","meta":{"fifu_image_url":"","fifu_image_alt":"","footnotes":""},"categories":[7],"tags":[],"class_list":["post-7305","post","type-post","status-publish","format-standard","has-post-thumbnail","hentry","category-saude"],"_links":{"self":[{"href":"https:\/\/sgvaimudar.com.br\/index.php\/wp-json\/wp\/v2\/posts\/7305","targetHints":{"allow":["GET"]}}],"collection":[{"href":"https:\/\/sgvaimudar.com.br\/index.php\/wp-json\/wp\/v2\/posts"}],"about":[{"href":"https:\/\/sgvaimudar.com.br\/index.php\/wp-json\/wp\/v2\/types\/post"}],"author":[{"embeddable":true,"href":"https:\/\/sgvaimudar.com.br\/index.php\/wp-json\/wp\/v2\/users\/5"}],"replies":[{"embeddable":true,"href":"https:\/\/sgvaimudar.com.br\/index.php\/wp-json\/wp\/v2\/comments?post=7305"}],"version-history":[{"count":2,"href":"https:\/\/sgvaimudar.com.br\/index.php\/wp-json\/wp\/v2\/posts\/7305\/revisions"}],"predecessor-version":[{"id":7310,"href":"https:\/\/sgvaimudar.com.br\/index.php\/wp-json\/wp\/v2\/posts\/7305\/revisions\/7310"}],"wp:featuredmedia":[{"embeddable":true,"href":"https:\/\/sgvaimudar.com.br\/index.php\/wp-json\/wp\/v2\/media\/7307"}],"wp:attachment":[{"href":"https:\/\/sgvaimudar.com.br\/index.php\/wp-json\/wp\/v2\/media?parent=7305"}],"wp:term":[{"taxonomy":"category","embeddable":true,"href":"https:\/\/sgvaimudar.com.br\/index.php\/wp-json\/wp\/v2\/categories?post=7305"},{"taxonomy":"post_tag","embeddable":true,"href":"https:\/\/sgvaimudar.com.br\/index.php\/wp-json\/wp\/v2\/tags?post=7305"}],"curies":[{"name":"wp","href":"https:\/\/api.w.org\/{rel}","templated":true}]}}