{"id":7185,"date":"2024-06-05T20:00:00","date_gmt":"2024-06-05T23:00:00","guid":{"rendered":"https:\/\/sgvaimudar.com.br\/?p=7185"},"modified":"2024-06-05T11:06:04","modified_gmt":"2024-06-05T14:06:04","slug":"populacao-define-painel-decorativo-que-sera-grafitado-na-praca-da-lagoinha","status":"publish","type":"post","link":"https:\/\/sgvaimudar.com.br\/index.php\/2024\/06\/05\/populacao-define-painel-decorativo-que-sera-grafitado-na-praca-da-lagoinha\/","title":{"rendered":"Popula\u00e7\u00e3o define painel decorativo que ser\u00e1 grafitado na Pra\u00e7a da Lagoinha\u00a0"},"content":{"rendered":"\n<p><em>Arte ser\u00e1 desenvolvida pelo artista Marcelo Eco, curador do projeto Cidade Ilustrada<\/em><\/p>\n\n\n\n<p>O painel decorativo escolhido pela popula\u00e7\u00e3o de S\u00e3o Gon\u00e7alo, com 136 votos, para ser grafitado na nova Pra\u00e7a Vereador Josias dos Santos Muniz, mais conhecida como Pra\u00e7a da Lagoinha, \u00e9 o painel B, que explora brincadeiras de ruas muito comuns antigamente, como carrinho de rolim\u00e3, brincadeira do taco, bambol\u00ea, pi\u00e3o e outras. A consulta p\u00fablica ocorreu no per\u00edodo de maio no aplicativo do Colab.<\/p>\n\n\n\n<p>Segundo a Prefeitura, o grafite ser\u00e1 desenvolvido pelo artista Marcelo Eco, curador do projeto Cidade Ilustrada. &#8220;A outra op\u00e7\u00e3o, que obteve 123, inclu\u00eda desenhos de brincadeiras que marcaram a inf\u00e2ncia dos moradores do bairro, como bola de gude, cafifa, pular corda e come come de papel&#8221;, informou o Executivo no texto. O painel escolhido come\u00e7ar\u00e1 a ser desenhado em um dos muros da nova quadra da pra\u00e7a nos pr\u00f3ximos dias.<\/p>\n\n\n\n<p>A pra\u00e7a foi revitalizada pela Secretaria de Conserva\u00e7\u00e3o da Prefeitura de S\u00e3o Gon\u00e7alo, no projeto Pra\u00e7a Renovada. A \u00e1rea de lazer recebe os ajustes finais e logo ser\u00e1 entregue para a popula\u00e7\u00e3o. &#8220;Na pra\u00e7a, foi constru\u00edda uma nova quadra poliesportiva e novos brinquedos para crian\u00e7as foram colocados. Est\u00e3o sendo instalados, no momento, novos bancos e canteiros e equipamentos para a academia para idoso&#8221;, disse o poder p\u00fablico.<\/p>\n\n\n\n<p>O projeto da nova pra\u00e7a foi desenvolvido pela Secretaria de Gest\u00e3o Integrada e Projetos Especiais. A a\u00e7\u00e3o reuniu tr\u00eas grandes projetos da Prefeitura de S\u00e3o Gon\u00e7alo: Pra\u00e7a Renovada, que revitaliza os espa\u00e7os p\u00fablicos de lazer; Cidade Ilustrada, que est\u00e1 transformando as vias p\u00fablicas em galerias de artes ao ar livre com pain\u00e9is de grafite; e o Colabore SG, que permite que o cidad\u00e3o interaja com o poder p\u00fablico atrav\u00e9s do aplicativo Colab.<\/p>\n\n\n\n<p>A Pra\u00e7a da Lagoinha fica na Estrada do Pacheco, pr\u00f3ximo ao Hospital do C\u00e2ncer e do Cora\u00e7\u00e3o (HCCOR) e ao lado da nova Cl\u00ednica da Lagoinha.<\/p>\n\n\n\n<p><strong>ENTENDA &#8211;<\/strong> O projeto Pra\u00e7a Renovada j\u00e1 foi conclu\u00eddo em 11 pra\u00e7as, sendo duas no Jardim Catarina, uma no Boa\u00e7u, uma no Coroado, uma no Laranjal, uma no Vila Tr\u00eas, uma no Gradim, uma no Rocha, uma no J\u00f3quei, uma em Ita\u00fana e a Pra\u00e7a Chico Mendes. Tamb\u00e9m est\u00e3o em andamento interven\u00e7\u00f5es na Pra\u00e7a do Coluband\u00ea (feita pela Secretaria de Transportes), Pontal, Porto do Rosa, Bairro Almerinda e Porto Velho.<\/p>\n","protected":false},"excerpt":{"rendered":"<p>Arte ser\u00e1 desenvolvida pelo artista Marcelo Eco, curador do projeto Cidade Ilustrada O painel decorativo escolhido pela popula\u00e7\u00e3o de S\u00e3o&hellip;<\/p>\n","protected":false},"author":5,"featured_media":7186,"comment_status":"open","ping_status":"open","sticky":false,"template":"","format":"standard","meta":{"fifu_image_url":"","fifu_image_alt":"","footnotes":""},"categories":[3],"tags":[],"class_list":["post-7185","post","type-post","status-publish","format-standard","has-post-thumbnail","hentry","category-sao-goncalo"],"_links":{"self":[{"href":"https:\/\/sgvaimudar.com.br\/index.php\/wp-json\/wp\/v2\/posts\/7185","targetHints":{"allow":["GET"]}}],"collection":[{"href":"https:\/\/sgvaimudar.com.br\/index.php\/wp-json\/wp\/v2\/posts"}],"about":[{"href":"https:\/\/sgvaimudar.com.br\/index.php\/wp-json\/wp\/v2\/types\/post"}],"author":[{"embeddable":true,"href":"https:\/\/sgvaimudar.com.br\/index.php\/wp-json\/wp\/v2\/users\/5"}],"replies":[{"embeddable":true,"href":"https:\/\/sgvaimudar.com.br\/index.php\/wp-json\/wp\/v2\/comments?post=7185"}],"version-history":[{"count":1,"href":"https:\/\/sgvaimudar.com.br\/index.php\/wp-json\/wp\/v2\/posts\/7185\/revisions"}],"predecessor-version":[{"id":7187,"href":"https:\/\/sgvaimudar.com.br\/index.php\/wp-json\/wp\/v2\/posts\/7185\/revisions\/7187"}],"wp:featuredmedia":[{"embeddable":true,"href":"https:\/\/sgvaimudar.com.br\/index.php\/wp-json\/wp\/v2\/media\/7186"}],"wp:attachment":[{"href":"https:\/\/sgvaimudar.com.br\/index.php\/wp-json\/wp\/v2\/media?parent=7185"}],"wp:term":[{"taxonomy":"category","embeddable":true,"href":"https:\/\/sgvaimudar.com.br\/index.php\/wp-json\/wp\/v2\/categories?post=7185"},{"taxonomy":"post_tag","embeddable":true,"href":"https:\/\/sgvaimudar.com.br\/index.php\/wp-json\/wp\/v2\/tags?post=7185"}],"curies":[{"name":"wp","href":"https:\/\/api.w.org\/{rel}","templated":true}]}}