{"id":7087,"date":"2024-06-04T09:32:23","date_gmt":"2024-06-04T12:32:23","guid":{"rendered":"https:\/\/sgvaimudar.com.br\/?p=7087"},"modified":"2024-06-04T09:34:45","modified_gmt":"2024-06-04T12:34:45","slug":"moradores-revoltados-querem-passarelas-apos-morte-de-mulher","status":"publish","type":"post","link":"https:\/\/sgvaimudar.com.br\/index.php\/2024\/06\/04\/moradores-revoltados-querem-passarelas-apos-morte-de-mulher\/","title":{"rendered":"Moradores revoltados querem passarelas ap\u00f3s morte de mulher"},"content":{"rendered":"\n<p>Ap\u00f3s a morte de uma mulher na RJ 106 na \u00faltima semana, um grupo de manifestantes se reuniu na rodovia Amaral Peixoto na altura do bairro Calabouca,  em S\u00e3o Gon\u00e7alo, para reivindicar a constru\u00e7\u00e3o de passarelas na regi\u00e3o. A mobiliza\u00e7\u00e3o com cartazes chegou a interromper meia pista da rodovia sentido Niter\u00f3i e causou um grande engarrafamento.<\/p>\n\n\n\n<p>O protesto foi logo cedo e foi influenciado ap\u00f3s o caso mais recente que vitimou a vida de Cristina Rodrigues, uma vizinha dos manifestantes, atropelada por uma moto no mesmo local, na noite da quarta-feira 29.<\/p>\n\n\n\n<p>Os participantes do protesto ganharam ades\u00e3o de moradores de outros bairros, que tamb\u00e9m pediram mais sinaliza\u00e7\u00f5es e radares de velocidade.<\/p>\n\n\n\n<p>&#8220;Em 2018 uma aluna de uma escola p\u00fablica morreu aqui. Somente depois disso botaram um radar. Ser\u00e1 que vai ter que morrer mais gente para que o poder p\u00fablico resolva o problema&#8221;, enfatizou o morador.<\/p>\n\n\n\n<p>Eles dizem que j\u00e1 expediram of\u00edcio ao Governo do Estado e ao Departamento de Estradas e Rodagens (DER) para solicitar a constru\u00e7\u00e3o de passarelas urgente.<\/p>\n\n\n\n<p>O DER informou que uma licita\u00e7\u00e3o est\u00e1 em andamento para que o local seja atendido com novas passarelas.<\/p>\n\n\n\n<p><\/p>\n","protected":false},"excerpt":{"rendered":"<p>Ap\u00f3s a morte de uma mulher na RJ 106 na \u00faltima semana, um grupo de manifestantes se reuniu na rodovia&hellip;<\/p>\n","protected":false},"author":5,"featured_media":7089,"comment_status":"open","ping_status":"open","sticky":false,"template":"","format":"standard","meta":{"fifu_image_url":"","fifu_image_alt":"","footnotes":""},"categories":[3],"tags":[],"class_list":["post-7087","post","type-post","status-publish","format-standard","has-post-thumbnail","hentry","category-sao-goncalo"],"_links":{"self":[{"href":"https:\/\/sgvaimudar.com.br\/index.php\/wp-json\/wp\/v2\/posts\/7087","targetHints":{"allow":["GET"]}}],"collection":[{"href":"https:\/\/sgvaimudar.com.br\/index.php\/wp-json\/wp\/v2\/posts"}],"about":[{"href":"https:\/\/sgvaimudar.com.br\/index.php\/wp-json\/wp\/v2\/types\/post"}],"author":[{"embeddable":true,"href":"https:\/\/sgvaimudar.com.br\/index.php\/wp-json\/wp\/v2\/users\/5"}],"replies":[{"embeddable":true,"href":"https:\/\/sgvaimudar.com.br\/index.php\/wp-json\/wp\/v2\/comments?post=7087"}],"version-history":[{"count":2,"href":"https:\/\/sgvaimudar.com.br\/index.php\/wp-json\/wp\/v2\/posts\/7087\/revisions"}],"predecessor-version":[{"id":7092,"href":"https:\/\/sgvaimudar.com.br\/index.php\/wp-json\/wp\/v2\/posts\/7087\/revisions\/7092"}],"wp:featuredmedia":[{"embeddable":true,"href":"https:\/\/sgvaimudar.com.br\/index.php\/wp-json\/wp\/v2\/media\/7089"}],"wp:attachment":[{"href":"https:\/\/sgvaimudar.com.br\/index.php\/wp-json\/wp\/v2\/media?parent=7087"}],"wp:term":[{"taxonomy":"category","embeddable":true,"href":"https:\/\/sgvaimudar.com.br\/index.php\/wp-json\/wp\/v2\/categories?post=7087"},{"taxonomy":"post_tag","embeddable":true,"href":"https:\/\/sgvaimudar.com.br\/index.php\/wp-json\/wp\/v2\/tags?post=7087"}],"curies":[{"name":"wp","href":"https:\/\/api.w.org\/{rel}","templated":true}]}}