{"id":7074,"date":"2024-06-04T08:37:53","date_gmt":"2024-06-04T11:37:53","guid":{"rendered":"https:\/\/sgvaimudar.com.br\/?p=7074"},"modified":"2024-06-04T12:17:20","modified_gmt":"2024-06-04T15:17:20","slug":"parte-da-familia-de-lancha-que-explodiu-em-cabo-frio-tem-alto-do-hospital","status":"publish","type":"post","link":"https:\/\/sgvaimudar.com.br\/index.php\/2024\/06\/04\/parte-da-familia-de-lancha-que-explodiu-em-cabo-frio-tem-alto-do-hospital\/","title":{"rendered":"Parte da Fam\u00edlia de lancha que explodiu em Cabo Frio tem alta do hospital"},"content":{"rendered":"\n<p><em>Embarca\u00e7\u00e3o pegou fogo em alto mar deixando seis feridos em estado grave <\/em><\/p>\n\n\n\n<p>Parte da fam\u00edlia v\u00edtima da explos\u00e3o de uma lancha, na Praia do Forte, de Cabo Frio, Regi\u00e3o dos Lagos do Rio de Janeiro, teve alta hospitalar na manh\u00e3 desta segunda-feira. Ap\u00f3s 24 dias de interna\u00e7\u00e3o, Neli Paloma, de 28 anos, e o filho Gabriel, de 8 anos, deixaram o Hospital Estadual Alberto Torres (Heat), do Coluband\u00ea em S\u00e3o Gon\u00e7alo.<\/p>\n\n\n\n<figure class=\"wp-block-video\"><video height=\"382\" style=\"aspect-ratio: 848 \/ 382;\" width=\"848\" controls src=\"https:\/\/sgvaimudar.com.br\/wp-content\/uploads\/2024\/06\/WhatsApp-Video-2024-06-03-at-21.32.39.mp4\"><\/video><\/figure>\n\n\n\n<p>Eles seguiram at\u00e9 o Hospital Estadual Roberto Chabo, em Araruama, onde reencontraram com Rafael Larangot, de 38 anos, e com Rafaela, de 9, e Miguel, que estava completando cinco anos de idade.<\/p>\n\n\n\n<p>O reencontro foi marcado por muita emo\u00e7\u00e3o e agradecimento. &#8221; \u00c9 um milagre de Deus estarmos vivos. Foram dias dif\u00edceis. Mas, estamos lutando pela vida a cada minuto. Hoje, estamos n\u00f3s quatro, marcados pelo acidente, com traumas e comemoramos os cinco anos de vida do Miguel&#8217;, declarou o mec\u00e2nico Rafael.<\/p>\n\n\n\n<figure class=\"wp-block-image size-large\"><img fetchpriority=\"high\" decoding=\"async\" width=\"1024\" height=\"461\" src=\"https:\/\/sgvaimudar.com.br\/wp-content\/uploads\/2024\/06\/WhatsApp-Image-2024-06-03-at-21.32.40-1-1024x461.jpeg\" alt=\"\" class=\"wp-image-7081\" srcset=\"https:\/\/sgvaimudar.com.br\/wp-content\/uploads\/2024\/06\/WhatsApp-Image-2024-06-03-at-21.32.40-1-1024x461.jpeg 1024w, https:\/\/sgvaimudar.com.br\/wp-content\/uploads\/2024\/06\/WhatsApp-Image-2024-06-03-at-21.32.40-1-300x135.jpeg 300w, https:\/\/sgvaimudar.com.br\/wp-content\/uploads\/2024\/06\/WhatsApp-Image-2024-06-03-at-21.32.40-1-768x346.jpeg 768w, https:\/\/sgvaimudar.com.br\/wp-content\/uploads\/2024\/06\/WhatsApp-Image-2024-06-03-at-21.32.40-1.jpeg 1280w\" sizes=\"(max-width: 1024px) 100vw, 1024px\" \/><\/figure>\n\n\n\n<p>O Miguel, al\u00e9m de bolo, doces e presentes, tamb\u00e9m recebeu alta hospital. &#8220;Garantimos o retorno dele para casa, junto com a m\u00e3e e o irm\u00e3o. Mas, o pai e a irm\u00e3, de 9 anos, ainda precisam de cuidados&#8221; explicou o diretor do Hospital Roberto Chabo, Mario Jorge Espinhara.<\/p>\n\n\n\n<p>A m\u00e3e das crian\u00e7as, Neli Paloma, disse que quer justi\u00e7a. &#8220;At\u00e9 hoje ningu\u00e9m da empresa da embarca\u00e7\u00e3o veio saber se est\u00e1vamos sequer vivos. Nossa vida parou. Alugamos uma casa aqui em Araruama, perto do hospital, e estamos pagando gra\u00e7as a ajuda dos familiares. Temos alimenta\u00e7\u00e3o, medica\u00e7\u00e3o etc. Mas, agrade\u00e7o a Deus por estarmos vivos&#8221;, garantiu.<\/p>\n\n\n\n<p>Na pr\u00f3xima semana Neli e Gabriel voltam ao Hospital Estadual Alberto Torres para consulta com a cirurgia pl\u00e1stica.<\/p>\n\n\n\n<p>A lancha explodiu na Praia do Forte, em Cabo Frio, na Regi\u00e3o dos Lagos do Rio de Janeiro, na tarde da sexta-feira, 17. A embarca\u00e7\u00e3o pegou fogo em alto mar deixando seis feridos em estado grave. O Corpo de Bombeiro atendeu a ocorr\u00eancia, pr\u00f3ximo \u00e0 Ilha do Papagaio.<\/p>\n\n\n\n<p><em>Reprodu\u00e7\u00e3o &#8211; Portal RRLagos<\/em><\/p>\n\n\n\n<p class=\"has-text-align-left\"><strong><em><mark class=\"has-inline-color has-black-color\"><sub><sup>S\u00e3o Gon\u00e7alo Vai Mudar. O maior Portal da Cidade de S\u00e3o Gon\u00e7alo.<\/sup><\/sub><\/mark><\/em><\/strong><\/p>\n","protected":false},"excerpt":{"rendered":"<p>Reprodu\u00e7\u00e3o &#8211; Portal RRLagos<\/p>\n","protected":false},"author":5,"featured_media":7080,"comment_status":"open","ping_status":"open","sticky":false,"template":"","format":"standard","meta":{"fifu_image_url":"","fifu_image_alt":"","footnotes":""},"categories":[32],"tags":[],"class_list":["post-7074","post","type-post","status-publish","format-standard","has-post-thumbnail","hentry","category-casos-de-policia"],"_links":{"self":[{"href":"https:\/\/sgvaimudar.com.br\/index.php\/wp-json\/wp\/v2\/posts\/7074","targetHints":{"allow":["GET"]}}],"collection":[{"href":"https:\/\/sgvaimudar.com.br\/index.php\/wp-json\/wp\/v2\/posts"}],"about":[{"href":"https:\/\/sgvaimudar.com.br\/index.php\/wp-json\/wp\/v2\/types\/post"}],"author":[{"embeddable":true,"href":"https:\/\/sgvaimudar.com.br\/index.php\/wp-json\/wp\/v2\/users\/5"}],"replies":[{"embeddable":true,"href":"https:\/\/sgvaimudar.com.br\/index.php\/wp-json\/wp\/v2\/comments?post=7074"}],"version-history":[{"count":7,"href":"https:\/\/sgvaimudar.com.br\/index.php\/wp-json\/wp\/v2\/posts\/7074\/revisions"}],"predecessor-version":[{"id":7126,"href":"https:\/\/sgvaimudar.com.br\/index.php\/wp-json\/wp\/v2\/posts\/7074\/revisions\/7126"}],"wp:featuredmedia":[{"embeddable":true,"href":"https:\/\/sgvaimudar.com.br\/index.php\/wp-json\/wp\/v2\/media\/7080"}],"wp:attachment":[{"href":"https:\/\/sgvaimudar.com.br\/index.php\/wp-json\/wp\/v2\/media?parent=7074"}],"wp:term":[{"taxonomy":"category","embeddable":true,"href":"https:\/\/sgvaimudar.com.br\/index.php\/wp-json\/wp\/v2\/categories?post=7074"},{"taxonomy":"post_tag","embeddable":true,"href":"https:\/\/sgvaimudar.com.br\/index.php\/wp-json\/wp\/v2\/tags?post=7074"}],"curies":[{"name":"wp","href":"https:\/\/api.w.org\/{rel}","templated":true}]}}