{"id":7036,"date":"2024-06-03T12:00:00","date_gmt":"2024-06-03T15:00:00","guid":{"rendered":"https:\/\/sgvaimudar.com.br\/?p=7036"},"modified":"2024-06-03T09:42:45","modified_gmt":"2024-06-03T12:42:45","slug":"saude-goncalense-prorrogada-a-vacinacao-contra-gripe","status":"publish","type":"post","link":"https:\/\/sgvaimudar.com.br\/index.php\/2024\/06\/03\/saude-goncalense-prorrogada-a-vacinacao-contra-gripe\/","title":{"rendered":"Sa\u00fade gon\u00e7alense prorrogada a vacina\u00e7\u00e3o contra gripe"},"content":{"rendered":"\n<p><em>S\u00e3o Gon\u00e7alo aplica o imunizante em 64 locais<\/em><\/p>\n\n\n\n<p>A Secretaria de Sa\u00fade da Prefeitura de S\u00e3o Gon\u00e7alo, em conformidade com a Estrat\u00e9gia Nacional de Vacina\u00e7\u00e3o contra a Influenza prorrogada pelo Minist\u00e9rio da Sa\u00fade, oferece 64 locais de vacina\u00e7\u00e3o para todos os gon\u00e7alenses com mais de seis meses. A maioria dos locais funciona de segunda a sexta, das 8h \u00e0s 17h. As cl\u00ednicas da Fam\u00edlia Dr. Zerbini, no Arsenal, e Gon\u00e7alense do Mutondo, abrem das 8h \u00e0s 21h. Aos s\u00e1bados, das 8h \u00e0s 12h.\u00a0As vacinas dispon\u00edveis ser\u00e3o aplicadas at\u00e9 o fim do estoque.<\/p>\n\n\n\n<p>A vacina da gripe dispon\u00edvel no Sistema \u00danico de Sa\u00fade (SUS) \u00e9 a trivalente, que protege contra a gripe su\u00edna (H1N1), contra a gripe sazonal (H3N2) \u2013 que s\u00e3o duas variantes do v\u00edrus Influenza tipo A \u2013 e contra uma cepa viral da Influenza tipo B.\u00a0<\/p>\n\n\n\n<p>O imunizante pode ser administrado com outras vacinas e medica\u00e7\u00f5es. As contraindica\u00e7\u00f5es s\u00e3o para crian\u00e7as menores de 6 meses de idade e pessoas com hist\u00f3rico de forma grave de alergia a doses anteriores. Os gon\u00e7alenses gripados e\/ou com febre tamb\u00e9m devem adiar a vacina\u00e7\u00e3o at\u00e9 a resolu\u00e7\u00e3o do caso.<\/p>\n\n\n\n<p>Para se vacinar, \u00e9 preciso apresentar a carteira de vacina\u00e7\u00e3o (adulto e crian\u00e7a), identidade ou certid\u00e3o de nascimento, cart\u00e3o do SUS ou CPF. Para garantir a vacina\u00e7\u00e3o, os gon\u00e7alenses devem chegar meia hora antes da previs\u00e3o do fim do expediente.\u00a0<\/p>\n\n\n\n<p><strong>Os locais de vacina\u00e7\u00e3o, s\u00e3o:<\/strong><\/p>\n\n\n\n<p>1 \u2013 Polo Sanit\u00e1rio Paulo Marques Rangel, Porto do Rosa<\/p>\n\n\n\n<p>2 \u2013 USF Jardim Catarina I<\/p>\n\n\n\n<p>3 \u2013 USF Jos\u00e9 Avelino de Souza, Tribob\u00f3<\/p>\n\n\n\n<p>4 \u2013 USF Agenor Jos\u00e9 da Silva, Jardim Catarina<\/p>\n\n\n\n<p>5 \u2013 USF Louis Pasteur, Guaxindiba<\/p>\n\n\n\n<p>6 \u2013 Cl\u00ednica Gon\u00e7alense do Barro Vermelho<\/p>\n\n\n\n<p>7 \u2013 PAM Coelho<\/p>\n\n\n\n<p>8 \u2013 Polo Sanit\u00e1rio Washington Luiz Lopes, Z\u00e9 Garoto<\/p>\n\n\n\n<p>9 \u2013 USF Haroldo Pereira Nunes, Porto Novo<\/p>\n\n\n\n<p>10 \u2013 USF Barbosa Lima Sobrinho, Boa Vista<\/p>\n\n\n\n<p>11 \u2013 Cl\u00ednica Gon\u00e7alense do Mutondo<\/p>\n\n\n\n<p>12 \u2013 USF Jos\u00e9 Bruno Neto, Boa Vista<\/p>\n\n\n\n<p>13 \u2013 USF Floren\u00e7a Pereira, Largo da Ideia<\/p>\n\n\n\n<p>14 \u2013 Polo Sanit\u00e1rio H\u00e9lio Cruz, Alc\u00e2ntara<\/p>\n\n\n\n<p>15 \u2013 USF Juarez Antunes, Laranjal<\/p>\n\n\n\n<p>16 \u2013 Polo Sanit\u00e1rio Rio do Ouro<\/p>\n\n\n\n<p>17 \u2013 USF Anaia<\/p>\n\n\n\n<p>18 \u2013 USF Ana Nery, Gradim&nbsp;&nbsp;&nbsp;&nbsp;&nbsp;&nbsp;&nbsp;&nbsp;&nbsp;&nbsp;&nbsp;&nbsp;&nbsp;&nbsp;&nbsp;&nbsp;<\/p>\n\n\n\n<p>19 \u2013 Polo Sanit\u00e1rio Jorge Teixeira de Lima, Jardim Catarina<\/p>\n\n\n\n<p>20 \u2013 USF Mahatma Ghandi, Jardim Calif\u00f3rnia<\/p>\n\n\n\n<p>21 \u2013 USF Manoel de Abreu, Ipi\u00edba<\/p>\n\n\n\n<p>22 \u2013 USF Altair da Silva, Mutu\u00e1&nbsp;<\/p>\n\n\n\n<p>23 \u2013 USF Madre Teresa de Calcut\u00e1, Estrela do Norte<\/p>\n\n\n\n<p>24 \u2013 USF Neuza Goulart, Palmeiras<\/p>\n\n\n\n<p>25 \u2013 USF Fl\u00e1vio Henrique de Brito, J\u00f3quei<\/p>\n\n\n\n<p>26 \u2013 USF Jardel do Amaral, Venda da Cruz<\/p>\n\n\n\n<p>27 \u2013 USF Luiz Paulo Guimar\u00e3es, Laranjal<\/p>\n\n\n\n<p>28 \u2013 USF Gladys Rodrigues Ramos Freitas, Santa Isabel<\/p>\n\n\n\n<p>29 \u2013 USF Jo\u00e3o Goulart, Jardim Catarina<\/p>\n\n\n\n<p>30 \u2013 USF Marechal C\u00e2ndido Rondon, Capote<\/p>\n\n\n\n<p>31 \u2013 USF Ary Teixeira, Jardim Bom Retiro<\/p>\n\n\n\n<p>32 \u2013 USF Luiz Carlos Prestes, Santa Catarina<\/p>\n\n\n\n<p>33 \u2013 USF Badger Silveira, Tribob\u00f3<\/p>\n\n\n\n<p>34 \u2013 USF Victor Chimelly, Paiva&nbsp;<\/p>\n\n\n\n<p>35 \u2013 Cl\u00ednica Municipal da Fam\u00edlia Dr. Zerbini, Arsenal<\/p>\n\n\n\n<p>36 \u2013 USF Alexander Fleming, Boa\u00e7u<\/p>\n\n\n\n<p>37 \u2013 PAM Neves<\/p>\n\n\n\n<p>38 \u2013 USF Tancredo Neves, Luiz Ca\u00e7ador<\/p>\n\n\n\n<p>39 \u2013 USF Geremias de Mattos Fontes, Jardim Bom Retiro<\/p>\n\n\n\n<p>40 \u2013 USF Quinta Dom Ricardo<\/p>\n\n\n\n<p>41 \u2013 USF Wally Figueiras da Silva, Rocha<\/p>\n\n\n\n<p>42 \u2013 USF Hiparco Ferreira, Engenho do Ro\u00e7ado<\/p>\n\n\n\n<p>43 \u2013 USF Almerinda<\/p>\n\n\n\n<p>44 \u2013 Espa\u00e7o Sa\u00fade N\u00e3o Pode Esperar, Shopping S\u00e3o Gon\u00e7alo, Boa Vista<\/p>\n\n\n\n<p>45 \u2013 Cl\u00ednica Municipal do Coluband\u00ea<\/p>\n\n\n\n<p>46 \u2013 USF Presidente Get\u00falio Vargas, Boa Vista<\/p>\n\n\n\n<p>47 \u2013 USF Dr. Robert Koch, Porto da Madama<\/p>\n\n\n\n<p>48 \u2013 USF Juvenil Francisco Ribeiro, Engenho Pequeno<\/p>\n\n\n\n<p>49 \u2013 USF Bocayuva Cunha, Gradim<\/p>\n\n\n\n<p>50 \u2013 USF Roberto Silveira, Vista Alegre<\/p>\n\n\n\n<p>51 \u2013 USF Santa Luzia<\/p>\n\n\n\n<p>52 \u2013 USF Port\u00e3o do Rosa<\/p>\n\n\n\n<p>53 \u2013 USF An\u00edbal Porto, Monjolos<\/p>\n\n\n\n<p>54 \u2013 USF Alberto Constantino Farah, Mutu\u00e1&nbsp;<\/p>\n\n\n\n<p>55 \u2013 USF Floriano Barbosa, Jardim Catarina<\/p>\n\n\n\n<p>56 \u2013 USF Marambaia<\/p>\n\n\n\n<p>57 \u2013 Policl\u00ednica Gon\u00e7alense de Refer\u00eancia para Doen\u00e7as Cr\u00f4nicas e Transmiss\u00edveis, Parada 40&nbsp;<\/p>\n\n\n\n<p>58 \u2013 USF Z\u00e9 Garoto<\/p>\n\n\n\n<p>59 \u2013 USF Oswaldo Cruz, Amendoeira<\/p>\n\n\n\n<p>60 \u2013 USF Elza Borges, Santa Luzia<\/p>\n\n\n\n<p>61 \u2013 USF Apolo III<\/p>\n\n\n\n<p>62 \u2013 USF Irm\u00e3 Dulce, Trindade<\/p>\n\n\n\n<p>63 \u2013 USF Jos\u00e9 Jorge Cortes Freitas, Itaitindiba<\/p>\n\n\n\n<p>64 \u2013 USF Doutel de Andrade, Maria Paula.<\/p>\n","protected":false},"excerpt":{"rendered":"<p>S\u00e3o Gon\u00e7alo aplica o imunizante em 64 locais A Secretaria de Sa\u00fade da Prefeitura de S\u00e3o Gon\u00e7alo, em conformidade com&hellip;<\/p>\n","protected":false},"author":5,"featured_media":7037,"comment_status":"open","ping_status":"open","sticky":false,"template":"","format":"standard","meta":{"fifu_image_url":"","fifu_image_alt":"","footnotes":""},"categories":[7],"tags":[],"class_list":["post-7036","post","type-post","status-publish","format-standard","has-post-thumbnail","hentry","category-saude"],"_links":{"self":[{"href":"https:\/\/sgvaimudar.com.br\/index.php\/wp-json\/wp\/v2\/posts\/7036","targetHints":{"allow":["GET"]}}],"collection":[{"href":"https:\/\/sgvaimudar.com.br\/index.php\/wp-json\/wp\/v2\/posts"}],"about":[{"href":"https:\/\/sgvaimudar.com.br\/index.php\/wp-json\/wp\/v2\/types\/post"}],"author":[{"embeddable":true,"href":"https:\/\/sgvaimudar.com.br\/index.php\/wp-json\/wp\/v2\/users\/5"}],"replies":[{"embeddable":true,"href":"https:\/\/sgvaimudar.com.br\/index.php\/wp-json\/wp\/v2\/comments?post=7036"}],"version-history":[{"count":1,"href":"https:\/\/sgvaimudar.com.br\/index.php\/wp-json\/wp\/v2\/posts\/7036\/revisions"}],"predecessor-version":[{"id":7038,"href":"https:\/\/sgvaimudar.com.br\/index.php\/wp-json\/wp\/v2\/posts\/7036\/revisions\/7038"}],"wp:featuredmedia":[{"embeddable":true,"href":"https:\/\/sgvaimudar.com.br\/index.php\/wp-json\/wp\/v2\/media\/7037"}],"wp:attachment":[{"href":"https:\/\/sgvaimudar.com.br\/index.php\/wp-json\/wp\/v2\/media?parent=7036"}],"wp:term":[{"taxonomy":"category","embeddable":true,"href":"https:\/\/sgvaimudar.com.br\/index.php\/wp-json\/wp\/v2\/categories?post=7036"},{"taxonomy":"post_tag","embeddable":true,"href":"https:\/\/sgvaimudar.com.br\/index.php\/wp-json\/wp\/v2\/tags?post=7036"}],"curies":[{"name":"wp","href":"https:\/\/api.w.org\/{rel}","templated":true}]}}