{"id":7004,"date":"2024-06-02T20:00:00","date_gmt":"2024-06-02T23:00:00","guid":{"rendered":"https:\/\/sgvaimudar.com.br\/?p=7004"},"modified":"2024-06-02T09:23:47","modified_gmt":"2024-06-02T12:23:47","slug":"prefeito-capitao-nelson-e-secretario-douglas-ruas-fazem-visita-tecnica-em-obras","status":"publish","type":"post","link":"https:\/\/sgvaimudar.com.br\/index.php\/2024\/06\/02\/prefeito-capitao-nelson-e-secretario-douglas-ruas-fazem-visita-tecnica-em-obras\/","title":{"rendered":"Prefeito Capit\u00e3o Nelson e secret\u00e1rio Douglas Ruas fazem visita t\u00e9cnica\u00a0em obras"},"content":{"rendered":"\n<p><em>Moradores de Jardim Bom Retiro e Vista Alegre estiveram com as autoridades <\/em><\/p>\n\n\n\n<p>O prefeito Capit\u00e3o Nelson, o secret\u00e1rio de Estado das Cidades, Douglas Ruas e engenheiros, realizaram uma visita t\u00e9cnica \u00e0s obras do Jardim Bom Retiro e de Vista Alegre. As interven\u00e7\u00f5es em ambos os bairros est\u00e3o sendo feitas pelo Governo do Estado, atrav\u00e9s da Secretaria das Cidades, em parceria com a Prefeitura de S\u00e3o Gon\u00e7alo.<\/p>\n\n\n\n<figure class=\"wp-block-image size-large\"><img fetchpriority=\"high\" decoding=\"async\" width=\"1024\" height=\"684\" src=\"https:\/\/sgvaimudar.com.br\/wp-content\/uploads\/2024\/06\/unnamed-6-1-1024x684.jpg\" alt=\"\" class=\"wp-image-7005\" srcset=\"https:\/\/sgvaimudar.com.br\/wp-content\/uploads\/2024\/06\/unnamed-6-1-1024x684.jpg 1024w, https:\/\/sgvaimudar.com.br\/wp-content\/uploads\/2024\/06\/unnamed-6-1-300x200.jpg 300w, https:\/\/sgvaimudar.com.br\/wp-content\/uploads\/2024\/06\/unnamed-6-1-768x513.jpg 768w, https:\/\/sgvaimudar.com.br\/wp-content\/uploads\/2024\/06\/unnamed-6-1-1536x1027.jpg 1536w, https:\/\/sgvaimudar.com.br\/wp-content\/uploads\/2024\/06\/unnamed-6-1.jpg 1616w\" sizes=\"(max-width: 1024px) 100vw, 1024px\" \/><\/figure>\n\n\n\n<p>No Jardim Bom Retiro, 64 ruas recebem obras de infraestrutura. Dessas, 60 j\u00e1 receberam rede de drenagem, sete possuem meio-fio e cal\u00e7adas e algumas foram pavimentadas. <\/p>\n\n\n\n<p>O objetivo das interven\u00e7\u00f5es, que contam com o trabalho de 100 funcion\u00e1rio diariamente, \u00e9 concluir a drenagem, a pavimenta\u00e7\u00e3o e a cria\u00e7\u00e3o das cal\u00e7adas em todas as vias. As obras, que t\u00eam previs\u00e3o de conclus\u00e3o para este ano, ir\u00e3o beneficiar mais de 20 mil pessoas que vivem no bairro. Foram investidos R$ 253 milh\u00f5es.<\/p>\n\n\n\n<p>O prefeito Capit\u00e3o Nelson ressaltou a import\u00e2ncia da obra para os moradores do local. &#8220;Quero agradecer ao governador Cl\u00e1udio Castro pela parceria. Essa obra est\u00e1 mudando a vida de mais de 20 mil gon\u00e7alenses, dando mais dignidade e qualidade para a vida de todos. Vamos transformar S\u00e3o Gon\u00e7alo cada vez mais&#8221;, disse o chefe do Executivo gon\u00e7alense.<\/p>\n\n\n\n<p>O secret\u00e1rio Douglas Ruas tamb\u00e9m destacou a import\u00e2ncia da obra. &#8220;Essas obras ocorrem em 64 ruas, todas incluem drenagem e pavimenta\u00e7\u00e3o, e s\u00f3 temos a agradecer ao governador Cl\u00e1udio Castro por todo o investimento em S\u00e3o Gon\u00e7alo. N\u00f3s, da Secretaria das Cidades, estamos aqui para garantir a qualidade da obra, para que seja, de fato, um projeto para melhorar a vida de todos no bairro&#8221;, afirmou Ruas.<\/p>\n\n\n\n<p>Para os moradores, a mudan\u00e7a \u00e9 n\u00edtida. Antes, as ruas eram de terra batida e n\u00e3o possu\u00edam drenagem. \u00c9 o que afirma a aposentada \u00c2ngela da Silva, de 58 anos, que mora no bairro h\u00e1 10 anos. &#8220;Nunca fizeram isso antes por n\u00f3s, era p\u00e9ssimo. As ruas alagavam, n\u00e3o tinha asfalto para os carros passarem. Agora, est\u00e1 maravilhoso, fora que vamos ter a nova creche tamb\u00e9m e \u00e9 melhoria para todos&#8221;, contou a aposentada.<\/p>\n\n\n\n<p><strong>Nova creche no Jardim Bom Retiro<\/strong>\u00a0&#8211; Segundo a Prefeitura, al\u00e9m dessas obras S\u00e3o Gon\u00e7alo tamb\u00e9m vai ganhar quatro novas creches municipais. &#8220;As obras das unidades nos bairros Bom Retiro e Almerinda j\u00e1 foram conclu\u00eddas e o munic\u00edpio est\u00e1 realizando os \u00faltimos ajustes para a inaugura\u00e7\u00e3o. Em abril, o munic\u00edpio iniciou tamb\u00e9m a constru\u00e7\u00e3o de unidades nos bairros Jardim Miriambi e Port\u00e3o do Rosa&#8221;, afirmou o Executivo na nota.<\/p>\n\n\n\n<p>O projeto das novas creches \u00e9 padronizado, contando com oito salas de aula com banheiros adaptados infantis, frald\u00e1rio, cozinha, refeit\u00f3rio, salas para espa\u00e7os alternativos e toda a estrutura para atender aos alunos. A rec\u00e9m-inaugurada Umei Professora Silviane Moraes de Oliveira Martins, em Marambaia, tamb\u00e9m integra o projeto.<\/p>\n\n\n\n<p>As constru\u00e7\u00f5es cumprem uma das metas do Plano Estrat\u00e9gico Novos Rumos e s\u00e3o fruto de um projeto de capta\u00e7\u00e3o de recursos da Secretaria de Gest\u00e3o Integrada e Projetos Especiais (Semgipe), em parceria com a Secretaria de Educa\u00e7\u00e3o da Prefeitura de S\u00e3o Gon\u00e7alo.<\/p>\n\n\n\n<p><strong>Vista Alegre<\/strong>\u00a0&#8211; De acordo com o prefeito, em Vista Alegre, mais de 20 ruas (que somam mais de onze quil\u00f4metros) recebem as obras que incluem drenagem e pavimenta\u00e7\u00e3o. &#8220;At\u00e9 o momento, todas elas j\u00e1 receberam drenagem e apenas seis ainda precisam ser pavimentadas. Mais de 70 pessoas atuam diariamente nas interven\u00e7\u00f5es que est\u00e3o transformando o bairro. Ao todo, foram investidos cerca de R$ 40 milh\u00f5es. As interven\u00e7\u00f5es t\u00eam previs\u00e3o de conclus\u00e3o at\u00e9 o fim do primeiro semestre&#8221;, afirmou o Executivo no texto.<\/p>\n\n\n\n<p>Vilma Lucia Ribeiro Ramos, de 67 anos, mora no bairro h\u00e1 40 anos e conta que se sentia abandonada. &#8220;Minha m\u00e3e morreu sem ver isso aqui asfaltado e achava que ia ser assim comigo tamb\u00e9m, mas o Capit\u00e3o Nelson e o governador Cl\u00e1udio Castro mudaram isso&#8221;, elogiou a moradora. <\/p>\n\n\n\n<p>Segundo ela, antes, o local sempre sofria com os alagamentos. &#8220;Cansei de trabalhar com chinelo e sapato na m\u00e3o. Minha rua ficava cheia de lama. Agora, aqui n\u00e3o alaga mais. Pedia tanto para aqui ser melhorado e o Capit\u00e3o fez essa mudan\u00e7a&#8221;, enfatizou Vilma Lucia.<\/p>\n\n\n\n<p>No in\u00edcio de dezembro de 2023, a Prefeitura entregou o primeiro pacote de obras de infraestrutura do bairro de Vista Alegre, com drenagem, pavimenta\u00e7\u00e3o e cal\u00e7amento de 28 ruas.<\/p>\n\n\n\n<p><em>Fotos: Renan Otto<\/em><\/p>\n","protected":false},"excerpt":{"rendered":"<p>Moradores de Jardim Bom Retiro e Vista Alegre estiveram com as autoridades O prefeito Capit\u00e3o Nelson, o secret\u00e1rio de Estado&hellip;<\/p>\n","protected":false},"author":5,"featured_media":7006,"comment_status":"open","ping_status":"open","sticky":false,"template":"","format":"standard","meta":{"fifu_image_url":"","fifu_image_alt":"","footnotes":""},"categories":[3],"tags":[],"class_list":["post-7004","post","type-post","status-publish","format-standard","has-post-thumbnail","hentry","category-sao-goncalo"],"_links":{"self":[{"href":"https:\/\/sgvaimudar.com.br\/index.php\/wp-json\/wp\/v2\/posts\/7004","targetHints":{"allow":["GET"]}}],"collection":[{"href":"https:\/\/sgvaimudar.com.br\/index.php\/wp-json\/wp\/v2\/posts"}],"about":[{"href":"https:\/\/sgvaimudar.com.br\/index.php\/wp-json\/wp\/v2\/types\/post"}],"author":[{"embeddable":true,"href":"https:\/\/sgvaimudar.com.br\/index.php\/wp-json\/wp\/v2\/users\/5"}],"replies":[{"embeddable":true,"href":"https:\/\/sgvaimudar.com.br\/index.php\/wp-json\/wp\/v2\/comments?post=7004"}],"version-history":[{"count":1,"href":"https:\/\/sgvaimudar.com.br\/index.php\/wp-json\/wp\/v2\/posts\/7004\/revisions"}],"predecessor-version":[{"id":7007,"href":"https:\/\/sgvaimudar.com.br\/index.php\/wp-json\/wp\/v2\/posts\/7004\/revisions\/7007"}],"wp:featuredmedia":[{"embeddable":true,"href":"https:\/\/sgvaimudar.com.br\/index.php\/wp-json\/wp\/v2\/media\/7006"}],"wp:attachment":[{"href":"https:\/\/sgvaimudar.com.br\/index.php\/wp-json\/wp\/v2\/media?parent=7004"}],"wp:term":[{"taxonomy":"category","embeddable":true,"href":"https:\/\/sgvaimudar.com.br\/index.php\/wp-json\/wp\/v2\/categories?post=7004"},{"taxonomy":"post_tag","embeddable":true,"href":"https:\/\/sgvaimudar.com.br\/index.php\/wp-json\/wp\/v2\/tags?post=7004"}],"curies":[{"name":"wp","href":"https:\/\/api.w.org\/{rel}","templated":true}]}}