{"id":6940,"date":"2024-06-01T10:30:04","date_gmt":"2024-06-01T13:30:04","guid":{"rendered":"https:\/\/sgvaimudar.com.br\/?p=6940"},"modified":"2024-06-02T07:11:42","modified_gmt":"2024-06-02T10:11:42","slug":"policia-encontra-corpo-que-pode-ser-de-pm-desaparecido-em-marica","status":"publish","type":"post","link":"https:\/\/sgvaimudar.com.br\/index.php\/2024\/06\/01\/policia-encontra-corpo-que-pode-ser-de-pm-desaparecido-em-marica\/","title":{"rendered":"Pol\u00edcia encontra corpo que pode ser de PM desaparecido em Maric\u00e1"},"content":{"rendered":"\n<p><em>Comandante do 4\u00ba Comando de Policiamento de \u00c1rea (4\u00baCPA) disse que tem que esperar a per\u00edcia<\/em><\/p>\n\n\n\n<p>A pol\u00edcia encontrou na madrugada deste s\u00e1bado (1\/6) durante as buscas pelo cabo Alexandre Silva de Lima, de 33 anos, no loteamento Itaocaia Valley, no distrito de Itaipua\u00e7u, em Maric\u00e1, um corpo dentro de um carro queimado que pode ser do policial que est\u00e1 desaparecido h\u00e1 tr\u00eas dias.<\/p>\n\n\n\n<figure class=\"wp-block-image size-full\"><img fetchpriority=\"high\" decoding=\"async\" width=\"836\" height=\"461\" src=\"https:\/\/sgvaimudar.com.br\/wp-content\/uploads\/2024\/06\/foto-quintanilha-silva.jpg\" alt=\"\" class=\"wp-image-6961\" srcset=\"https:\/\/sgvaimudar.com.br\/wp-content\/uploads\/2024\/06\/foto-quintanilha-silva.jpg 836w, https:\/\/sgvaimudar.com.br\/wp-content\/uploads\/2024\/06\/foto-quintanilha-silva-300x165.jpg 300w, https:\/\/sgvaimudar.com.br\/wp-content\/uploads\/2024\/06\/foto-quintanilha-silva-768x424.jpg 768w\" sizes=\"(max-width: 836px) 100vw, 836px\" \/><\/figure>\n\n\n\n<p><em>Foto: Quintanilha Silva<\/em><\/p>\n\n\n\n<p>O comandante do 4\u00ba Comando de Policiamento de \u00c1rea (4\u00baCPA), Sylvio Ricardo Ciuffo Guerra, informou que acredita que se trate do corpo do PM, no entanto, segundo ele, ainda \u00e9 necess\u00e1ria a realiza\u00e7\u00e3o da per\u00edcia para confirma\u00e7\u00e3o.  <\/p>\n\n\n\n<p>De acordo com as informa\u00e7\u00f5es, um corpo foi encontrado por populares enrolado em uma sacola pl\u00e1stica na Rua Diamante. Os policiais foram informados e, ao chegarem ao local, isolaram a \u00e1rea para a realiza\u00e7\u00e3o dos procedimentos de investiga\u00e7\u00e3o. <\/p>\n\n\n\n<p>A per\u00edcia foi feita pelos agentes da Divis\u00e3o de Homic\u00eddios de Niter\u00f3i e S\u00e3o Gon\u00e7alo (DHNSG). Ap\u00f3s a conclus\u00e3o dos trabalhos o corpo carbonizado foi encaminhado para o Instituto M\u00e9dico Legal (IML) do Barreto, na ZN de Niter\u00f3i, onde ser\u00e1 submetido a  identifica\u00e7\u00e3o.<\/p>\n\n\n\n<p>O cabo Alexandre Silva de Lima, de 33 anos, segue desaparecido desde a madrugada de quinta-feira (30\/5). Uma for\u00e7a-tarefa composta por policiais do 4\u00ba Comando de Policiamento de \u00c1rea (4\u00baCPA), do 6\u00aa Companhia de Maric\u00e1 e do Batalh\u00e3o de Niter\u00f3i (12\u00aa BPM) faz as investiga\u00e7\u00f5es e buscas para localiz\u00e1-lo. Ele foi visto pela \u00faltima vez em um bar em Itapeba, em Maric\u00e1. A esposa do policial, que est\u00e1 gr\u00e1vida, recebeu a not\u00edcia de um motot\u00e1xi e imediatamente acionou as autoridades. No entanto, at\u00e9 o momento, a pol\u00edcia n\u00e3o confirmou a morte do PM. &nbsp;Ocorr\u00eancia est\u00e1 a cargo da 82\u00aa DP.<\/p>\n\n\n\n<p><\/p>\n","protected":false},"excerpt":{"rendered":"<p>Comandante do 4\u00ba Comando de Policiamento de \u00c1rea (4\u00baCPA) disse que tem que esperar a per\u00edcia A pol\u00edcia encontrou na&hellip;<\/p>\n","protected":false},"author":5,"featured_media":6941,"comment_status":"open","ping_status":"open","sticky":false,"template":"","format":"standard","meta":{"fifu_image_url":"","fifu_image_alt":"","footnotes":""},"categories":[32],"tags":[],"class_list":["post-6940","post","type-post","status-publish","format-standard","has-post-thumbnail","hentry","category-casos-de-policia"],"_links":{"self":[{"href":"https:\/\/sgvaimudar.com.br\/index.php\/wp-json\/wp\/v2\/posts\/6940","targetHints":{"allow":["GET"]}}],"collection":[{"href":"https:\/\/sgvaimudar.com.br\/index.php\/wp-json\/wp\/v2\/posts"}],"about":[{"href":"https:\/\/sgvaimudar.com.br\/index.php\/wp-json\/wp\/v2\/types\/post"}],"author":[{"embeddable":true,"href":"https:\/\/sgvaimudar.com.br\/index.php\/wp-json\/wp\/v2\/users\/5"}],"replies":[{"embeddable":true,"href":"https:\/\/sgvaimudar.com.br\/index.php\/wp-json\/wp\/v2\/comments?post=6940"}],"version-history":[{"count":3,"href":"https:\/\/sgvaimudar.com.br\/index.php\/wp-json\/wp\/v2\/posts\/6940\/revisions"}],"predecessor-version":[{"id":6962,"href":"https:\/\/sgvaimudar.com.br\/index.php\/wp-json\/wp\/v2\/posts\/6940\/revisions\/6962"}],"wp:featuredmedia":[{"embeddable":true,"href":"https:\/\/sgvaimudar.com.br\/index.php\/wp-json\/wp\/v2\/media\/6941"}],"wp:attachment":[{"href":"https:\/\/sgvaimudar.com.br\/index.php\/wp-json\/wp\/v2\/media?parent=6940"}],"wp:term":[{"taxonomy":"category","embeddable":true,"href":"https:\/\/sgvaimudar.com.br\/index.php\/wp-json\/wp\/v2\/categories?post=6940"},{"taxonomy":"post_tag","embeddable":true,"href":"https:\/\/sgvaimudar.com.br\/index.php\/wp-json\/wp\/v2\/tags?post=6940"}],"curies":[{"name":"wp","href":"https:\/\/api.w.org\/{rel}","templated":true}]}}