{"id":6873,"date":"2024-05-31T09:25:45","date_gmt":"2024-05-31T12:25:45","guid":{"rendered":"https:\/\/sgvaimudar.com.br\/?p=6873"},"modified":"2024-05-31T09:25:45","modified_gmt":"2024-05-31T12:25:45","slug":"corpus-christi-em-sao-goncalo-atrai-mais-de-120-mil-pessoas","status":"publish","type":"post","link":"https:\/\/sgvaimudar.com.br\/index.php\/2024\/05\/31\/corpus-christi-em-sao-goncalo-atrai-mais-de-120-mil-pessoas\/","title":{"rendered":"Corpus Christi em S\u00e3o Gon\u00e7alo atrai mais de 120 mil pessoas"},"content":{"rendered":"\n<p><em>Durante todo o dia, milhares de fi\u00e9is participaram das celebra\u00e7\u00f5es<\/em><\/p>\n\n\n\n<p>A celebra\u00e7\u00e3o de Corpus Christi em S\u00e3o Gon\u00e7alo foi um momento de muita f\u00e9 e devo\u00e7\u00e3o e reuniu uma multid\u00e3o entre cat\u00f3licos de todo o Estado do Rio de Janeiro na confec\u00e7\u00e3o do maior tapete de sal da Am\u00e9rica Latina, na tradicional Santa Missa e na Prociss\u00e3o, nesta quinta-feira (30). Mais de 120 mil pessoas passaram pela solenidade ao longo do dia.\u00a0<\/p>\n\n\n\n<p>Celebrada h\u00e1 30 anos na cidade, a festividade do Corpo de Cristo empenhou mais de 600 servidores da Prefeitura de S\u00e3o Gon\u00e7alo. Al\u00e9m do prefeito de S\u00e3o Gon\u00e7alo Capit\u00e3o Nelson, estiveram presentes nas celebra\u00e7\u00f5es de Corpus Christi o vice-prefeito S\u00e9rgio Gev\u00fa, a primeira-dama Dona Marinete Ruas, o secret\u00e1rio de Estado das Cidades, Douglas Ruas, o deputado federal Altineu C\u00f4rtes, parte do secretariado do Executivo e vereadores.\u00a0<\/p>\n\n\n\n<figure class=\"wp-block-image size-large\"><img fetchpriority=\"high\" decoding=\"async\" width=\"1024\" height=\"684\" src=\"https:\/\/sgvaimudar.com.br\/wp-content\/uploads\/2024\/05\/unnamed-45-1024x684.jpg\" alt=\"\" class=\"wp-image-6874\" srcset=\"https:\/\/sgvaimudar.com.br\/wp-content\/uploads\/2024\/05\/unnamed-45-1024x684.jpg 1024w, https:\/\/sgvaimudar.com.br\/wp-content\/uploads\/2024\/05\/unnamed-45-300x200.jpg 300w, https:\/\/sgvaimudar.com.br\/wp-content\/uploads\/2024\/05\/unnamed-45-768x513.jpg 768w, https:\/\/sgvaimudar.com.br\/wp-content\/uploads\/2024\/05\/unnamed-45-1536x1027.jpg 1536w, https:\/\/sgvaimudar.com.br\/wp-content\/uploads\/2024\/05\/unnamed-45.jpg 1616w\" sizes=\"(max-width: 1024px) 100vw, 1024px\" \/><\/figure>\n\n\n\n<p>\u201c\u00c9 com muito prazer que, por mais um ano, conseguimos proporcionar, junto \u00e0 Par\u00f3quia de S\u00e3o Gon\u00e7alo, essa grande festa de f\u00e9 aos gon\u00e7alenses. Pelo terceiro ano estamos com a confec\u00e7\u00e3o dos tapetes pela manh\u00e3, atraindo um n\u00famero cada vez maior de pessoas\u201d, disse o prefeito Capit\u00e3o Nelson.&nbsp;<\/p>\n\n\n\n<p>Logo cedo, os fi\u00e9is se reuniram ao longo da ruas Coronel Moreira C\u00e9sar, Feliciano Sodr\u00e9, at\u00e9 a Nilo Pe\u00e7anha, para confeccionar os 238 tapetes de sal que representaram os temas \u201cEucaristia \u2013 alimento da vida de ora\u00e7\u00e3o\u201d, \u201cAno da Ora\u00e7\u00e3o\u201d, \u201cS\u00ednodo\u201d, al\u00e9m dos tradicionais desenhos dos padroeiros das par\u00f3quias.\u00a0<\/p>\n\n\n\n<figure class=\"wp-block-image size-large\"><img decoding=\"async\" width=\"1024\" height=\"684\" src=\"https:\/\/sgvaimudar.com.br\/wp-content\/uploads\/2024\/05\/unnamed-2-21-1024x684.jpg\" alt=\"\" class=\"wp-image-6876\" srcset=\"https:\/\/sgvaimudar.com.br\/wp-content\/uploads\/2024\/05\/unnamed-2-21-1024x684.jpg 1024w, https:\/\/sgvaimudar.com.br\/wp-content\/uploads\/2024\/05\/unnamed-2-21-300x200.jpg 300w, https:\/\/sgvaimudar.com.br\/wp-content\/uploads\/2024\/05\/unnamed-2-21-768x513.jpg 768w, https:\/\/sgvaimudar.com.br\/wp-content\/uploads\/2024\/05\/unnamed-2-21-1536x1027.jpg 1536w, https:\/\/sgvaimudar.com.br\/wp-content\/uploads\/2024\/05\/unnamed-2-21.jpg 1616w\" sizes=\"(max-width: 1024px) 100vw, 1024px\" \/><\/figure>\n\n\n\n<p>Neste ano, foram utilizados mais de 200 sacos de serragem de 100 litros, in\u00fameros tubos de xadrez, al\u00e9m das 52 toneladas de sal. Por volta de 12h, grande parte dos tapetes j\u00e1 estava pronta e milhares de pessoas j\u00e1 percorriam as ruas.&nbsp;<\/p>\n\n\n\n<p>\u201cSou de Niter\u00f3i, mas meus familiares moram em S\u00e3o Gon\u00e7alo e todo ano fa\u00e7o quest\u00e3o de comparecer \u00e0 mais tradicional celebra\u00e7\u00e3o de Corpus Christi. Os tapetes s\u00e3o lindos, a Santa Missa \u00e9 muito especial e a prociss\u00e3o \u00e9 o momento em que mais me emociono\u201d, disse a aposentada Maria Eul\u00e1lia de Santana, de 70 anos.\u00a0\u00a0<\/p>\n\n\n\n<p>Ao longo da manh\u00e3 e in\u00edcio da tarde, louvores foram entoados no palco montado em frente \u00e0 Par\u00f3quia de S\u00e3o Gon\u00e7alo, animando os fi\u00e9is.&nbsp;<\/p>\n\n\n\n<p>A Santa Missa foi iniciada \u00e0s 16h sob a presid\u00eancia do Bispo Auxiliar da Arquidiocese de Niter\u00f3i, Dom Geraldo de Paula, ao lado do Padre Andr\u00e9 Luiz, da Par\u00f3quia de S\u00e3o Gon\u00e7alo. Marcada por muita emo\u00e7\u00e3o e manifesta\u00e7\u00e3o de f\u00e9, durante a homilia, foi destacada a uni\u00e3o da popula\u00e7\u00e3o para a realiza\u00e7\u00e3o da grande festa crist\u00e3.&nbsp;&nbsp;<\/p>\n\n\n\n<p>\u201c\u00c9 bom estar em S\u00e3o Gon\u00e7alo celebrando Jesus Cristo! A solenidade de Corpus Christi \u00e9 um momento muito especial que nos remete \u00e0 unidade crist\u00e3, onde irm\u00e3os e irm\u00e3s v\u00eam de diversas comunidades e par\u00f3quias para glorificar a Eucaristia. \u00c9 lindo ver uma festa como essa, para homenagear Jesus Cristo, ter a colabora\u00e7\u00e3o de tanta gente, de tantos volunt\u00e1rios envolvidos e dedicados\u201d, enfatizou Dom Geraldo de Paula, que pela primeira vez presidiu a Santa Missa de Corpus Christi em S\u00e3o Gon\u00e7alo.<\/p>\n\n\n\n<p>Com o fim da Santa Missa, foi iniciada a prociss\u00e3o que foi marcada por grande como\u00e7\u00e3o dos fi\u00e9is que seguiram at\u00e9 a altura do Clube Mau\u00e1 ao som de c\u00e2nticos cat\u00f3licos.<\/p>\n\n\n\n<p>Durante toda a quinta-feira, equipes das secretarias de Transportes, Ordem P\u00fablica &#8211; atrav\u00e9s da Guarda Municipal -. Conserva\u00e7\u00e3o, Sa\u00fade e Defesa Civil, atuaram para garantir um evento tranquilo e o tr\u00e2nsito com fluidez. A Cedae tamb\u00e9m esteve presente na festividade distribuindo copos de \u00e1gua para todos os participantes, assim como a Cruz Vermelha, que prestou atendimento m\u00e9dico ao longo do dia.&nbsp;<\/p>\n\n\n\n<p>Ao final da prociss\u00e3o, equipes da Conserva\u00e7\u00e3o iniciaram a limpeza das ruas para que o fluxo do tr\u00e2nsito fosse liberado.&nbsp;<\/p>\n\n\n\n<p><em>Fotos: Renan Otto<\/em><\/p>\n","protected":false},"excerpt":{"rendered":"<p>Durante todo o dia, milhares de fi\u00e9is participaram das celebra\u00e7\u00f5es A celebra\u00e7\u00e3o de Corpus Christi em S\u00e3o Gon\u00e7alo foi um&hellip;<\/p>\n","protected":false},"author":5,"featured_media":6875,"comment_status":"open","ping_status":"open","sticky":false,"template":"","format":"standard","meta":{"fifu_image_url":"","fifu_image_alt":"","footnotes":""},"categories":[3],"tags":[],"class_list":["post-6873","post","type-post","status-publish","format-standard","has-post-thumbnail","hentry","category-sao-goncalo"],"_links":{"self":[{"href":"https:\/\/sgvaimudar.com.br\/index.php\/wp-json\/wp\/v2\/posts\/6873","targetHints":{"allow":["GET"]}}],"collection":[{"href":"https:\/\/sgvaimudar.com.br\/index.php\/wp-json\/wp\/v2\/posts"}],"about":[{"href":"https:\/\/sgvaimudar.com.br\/index.php\/wp-json\/wp\/v2\/types\/post"}],"author":[{"embeddable":true,"href":"https:\/\/sgvaimudar.com.br\/index.php\/wp-json\/wp\/v2\/users\/5"}],"replies":[{"embeddable":true,"href":"https:\/\/sgvaimudar.com.br\/index.php\/wp-json\/wp\/v2\/comments?post=6873"}],"version-history":[{"count":1,"href":"https:\/\/sgvaimudar.com.br\/index.php\/wp-json\/wp\/v2\/posts\/6873\/revisions"}],"predecessor-version":[{"id":6877,"href":"https:\/\/sgvaimudar.com.br\/index.php\/wp-json\/wp\/v2\/posts\/6873\/revisions\/6877"}],"wp:featuredmedia":[{"embeddable":true,"href":"https:\/\/sgvaimudar.com.br\/index.php\/wp-json\/wp\/v2\/media\/6875"}],"wp:attachment":[{"href":"https:\/\/sgvaimudar.com.br\/index.php\/wp-json\/wp\/v2\/media?parent=6873"}],"wp:term":[{"taxonomy":"category","embeddable":true,"href":"https:\/\/sgvaimudar.com.br\/index.php\/wp-json\/wp\/v2\/categories?post=6873"},{"taxonomy":"post_tag","embeddable":true,"href":"https:\/\/sgvaimudar.com.br\/index.php\/wp-json\/wp\/v2\/tags?post=6873"}],"curies":[{"name":"wp","href":"https:\/\/api.w.org\/{rel}","templated":true}]}}