{"id":6864,"date":"2024-05-31T08:49:02","date_gmt":"2024-05-31T11:49:02","guid":{"rendered":"https:\/\/sgvaimudar.com.br\/?p=6864"},"modified":"2024-05-31T08:49:03","modified_gmt":"2024-05-31T11:49:03","slug":"pm-prende-criminoso-e-apreende-fuzil-na-localidade-apolo-iii","status":"publish","type":"post","link":"https:\/\/sgvaimudar.com.br\/index.php\/2024\/05\/31\/pm-prende-criminoso-e-apreende-fuzil-na-localidade-apolo-iii\/","title":{"rendered":"PM prende criminoso e apreende fuzil na localidade Apolo III"},"content":{"rendered":"\n<p>Arma <\/p>\n\n\n\n<p>A Pol\u00edcia Militar prendeu um criminoso e apreendeu um fuzil no bairro Apolo III, em S\u00e3o Gon\u00e7alo, na manh\u00e3 desta sexta-feira (31). O suspeito, que n\u00e3o foi identificado, foi detido gra\u00e7as a uma a\u00e7\u00e3o conjunta realizada por equipes do 7\u00ba BPM (S\u00e3o Gon\u00e7alo) e do 35\u00ba BPM (Itabora\u00ed). <\/p>\n\n\n\n<figure class=\"wp-block-embed is-type-rich is-provider-twitter wp-block-embed-twitter\"><div class=\"wp-block-embed__wrapper\">\n<blockquote class=\"twitter-tweet\" data-width=\"550\" data-dnt=\"true\"><p lang=\"pt\" dir=\"ltr\">A\u00e7\u00e3o conjunta realizada por  equipes do <a href=\"https:\/\/twitter.com\/hashtag\/7BPM?src=hash&amp;ref_src=twsrc%5Etfw\">#7BPM<\/a> e do <a href=\"https:\/\/twitter.com\/hashtag\/35BPM?src=hash&amp;ref_src=twsrc%5Etfw\">#35BPM<\/a> resulta na apreens\u00e3o de um <a href=\"https:\/\/twitter.com\/hashtag\/fuzil?src=hash&amp;ref_src=twsrc%5Etfw\">#fuzil<\/a> e na pris\u00e3o em flagrante de um criminoso, na manh\u00e3 desta sexta-feira, na localidade Apollo III. <a href=\"https:\/\/t.co\/33pproclDu\">pic.twitter.com\/33pproclDu<\/a><\/p>&mdash; @pmerj (@PMERJ) <a href=\"https:\/\/twitter.com\/PMERJ\/status\/1796484867980681727?ref_src=twsrc%5Etfw\">May 31, 2024<\/a><\/blockquote><script async src=\"https:\/\/platform.twitter.com\/widgets.js\" charset=\"utf-8\"><\/script>\n<\/div><\/figure>\n\n\n\n<p>Na semana passada (no domingo, 26\/5) um traficante de drogas, utilizando uma tornozeleira eletr\u00f4nica, foi preso no mesmo bairro, na Rua S\u00e9rgio Luiz Rodrigues e com ele estava uma pistola, um r\u00e1dio transmissor e material entorpecente, segundo ocorr\u00eancia na delegacia.<\/p>\n\n\n\n<p><\/p>\n","protected":false},"excerpt":{"rendered":"<p>Arma A Pol\u00edcia Militar prendeu um criminoso e apreendeu um fuzil no bairro Apolo III, em S\u00e3o Gon\u00e7alo, na manh\u00e3&hellip;<\/p>\n","protected":false},"author":5,"featured_media":6865,"comment_status":"open","ping_status":"open","sticky":false,"template":"","format":"standard","meta":{"fifu_image_url":"","fifu_image_alt":"","footnotes":""},"categories":[32],"tags":[],"class_list":["post-6864","post","type-post","status-publish","format-standard","has-post-thumbnail","hentry","category-casos-de-policia"],"_links":{"self":[{"href":"https:\/\/sgvaimudar.com.br\/index.php\/wp-json\/wp\/v2\/posts\/6864","targetHints":{"allow":["GET"]}}],"collection":[{"href":"https:\/\/sgvaimudar.com.br\/index.php\/wp-json\/wp\/v2\/posts"}],"about":[{"href":"https:\/\/sgvaimudar.com.br\/index.php\/wp-json\/wp\/v2\/types\/post"}],"author":[{"embeddable":true,"href":"https:\/\/sgvaimudar.com.br\/index.php\/wp-json\/wp\/v2\/users\/5"}],"replies":[{"embeddable":true,"href":"https:\/\/sgvaimudar.com.br\/index.php\/wp-json\/wp\/v2\/comments?post=6864"}],"version-history":[{"count":1,"href":"https:\/\/sgvaimudar.com.br\/index.php\/wp-json\/wp\/v2\/posts\/6864\/revisions"}],"predecessor-version":[{"id":6866,"href":"https:\/\/sgvaimudar.com.br\/index.php\/wp-json\/wp\/v2\/posts\/6864\/revisions\/6866"}],"wp:featuredmedia":[{"embeddable":true,"href":"https:\/\/sgvaimudar.com.br\/index.php\/wp-json\/wp\/v2\/media\/6865"}],"wp:attachment":[{"href":"https:\/\/sgvaimudar.com.br\/index.php\/wp-json\/wp\/v2\/media?parent=6864"}],"wp:term":[{"taxonomy":"category","embeddable":true,"href":"https:\/\/sgvaimudar.com.br\/index.php\/wp-json\/wp\/v2\/categories?post=6864"},{"taxonomy":"post_tag","embeddable":true,"href":"https:\/\/sgvaimudar.com.br\/index.php\/wp-json\/wp\/v2\/tags?post=6864"}],"curies":[{"name":"wp","href":"https:\/\/api.w.org\/{rel}","templated":true}]}}