{"id":6856,"date":"2024-05-30T18:00:00","date_gmt":"2024-05-30T21:00:00","guid":{"rendered":"https:\/\/sgvaimudar.com.br\/?p=6856"},"modified":"2024-05-30T10:46:46","modified_gmt":"2024-05-30T13:46:46","slug":"sao-goncalo-forma-53-alunos-em-curso-da-padaria-escola","status":"publish","type":"post","link":"https:\/\/sgvaimudar.com.br\/index.php\/2024\/05\/30\/sao-goncalo-forma-53-alunos-em-curso-da-padaria-escola\/","title":{"rendered":"S\u00e3o Gon\u00e7alo forma 53 alunos em curso da Padaria Escola\u00a0"},"content":{"rendered":"\n<p><em>Quatro turmas receberam diplomas de panifica\u00e7\u00e3o<\/em><\/p>\n\n\n\n<p>As aulas do curso de forma\u00e7\u00e3o b\u00e1sica em panifica\u00e7\u00e3o da Padaria Escola continuam dando bons resultados e mais quatro turmas do s\u00e9timo ciclo de forma\u00e7\u00e3o foram conclu\u00eddas e receberam seus diplomas em uma cerim\u00f4nia realizada no CRAS de Vista Alegre, nesta quarta-feira (29). <\/p>\n\n\n\n<figure class=\"wp-block-image size-full\"><img fetchpriority=\"high\" decoding=\"async\" width=\"1024\" height=\"684\" src=\"https:\/\/sgvaimudar.com.br\/wp-content\/uploads\/2024\/05\/unnamed-4-19.jpg\" alt=\"\" class=\"wp-image-6857\" srcset=\"https:\/\/sgvaimudar.com.br\/wp-content\/uploads\/2024\/05\/unnamed-4-19.jpg 1024w, https:\/\/sgvaimudar.com.br\/wp-content\/uploads\/2024\/05\/unnamed-4-19-300x200.jpg 300w, https:\/\/sgvaimudar.com.br\/wp-content\/uploads\/2024\/05\/unnamed-4-19-768x513.jpg 768w\" sizes=\"(max-width: 1024px) 100vw, 1024px\" \/><\/figure>\n\n\n\n<p>Ao todo, 53 novos padeiros foram formados pelo projeto, que \u00e9 desenvolvido pela Prefeitura de S\u00e3o Gon\u00e7alo, por meio da Secretaria de Assist\u00eancia Social, atrav\u00e9s da Subsecretaria de Prote\u00e7\u00e3o Social B\u00e1sica, em parceria com o Programa Nacional de Promo\u00e7\u00e3o ao Acesso ao Mundo do Trabalho (Acessuas), do Governo Federal.<\/p>\n\n\n\n<p>No curso, os alunos aprendem sobre temas como panifica\u00e7\u00e3o e empreendedorismo, por exemplo. A Padaria Escola surgiu com a proposta de possibilitar qualifica\u00e7\u00e3o profissional para facilitar a entrada no mercado de trabalho e a gera\u00e7\u00e3o de emprego e renda. Dezenas de formandos j\u00e1 atuam no ramo.<\/p>\n\n\n\n<p>O secret\u00e1rio de Assist\u00eancia Social, Felippe Mattos Monteiro, destacou o orgulho que \u00e9 ver novos padeiros se formando pelo projeto. A turma que est\u00e1 se formando iniciou os estudos no final de janeiro deste ano.<\/p>\n\n\n\n<p>&#8220;Parab\u00e9ns a todos os formados desse curso, espero que voc\u00eas tenham gostado e que possamos realizar cada vez mais cursos do tipo. Que voc\u00eas continuem na profiss\u00e3o e colham bons frutos. O nosso objetivo \u00e9 ajudar as pessoas e dar qualifica\u00e7\u00e3o profissional para os gon\u00e7alenses&#8221;, disse.<\/p>\n\n\n\n<p>O curso \u2013 que teve in\u00edcio em 2004, mas encerrou suas atividades em 2014 \u2013 foi retomado no primeiro ano da gest\u00e3o do prefeito Capit\u00e3o Nelson, em 2021, ap\u00f3s passar por uma reformula\u00e7\u00e3o para melhor atender os participantes. Desde a reformula\u00e7\u00e3o, mais de 200 novos padeiros foram formados.<\/p>\n\n\n\n<p>Cl\u00e1udio M\u00e1rcio Marinho \u00e9 professor do curso e contou um pouco sobre as aulas.<\/p>\n\n\n\n<p>&#8220;Ensinamos sobre como fazer biscoitos, p\u00e3es, brownies, pudim. No meio do curso, os alunos j\u00e1 fazem mesas de caf\u00e9 da manh\u00e3 para venda. Isso me deixa emocionado, porque na metade do curso eles j\u00e1 possuem capacita\u00e7\u00e3o para realizar essa atividade. No curso, os alunos aprendem tamb\u00e9m sobre o empreendedorismo e tem aulas com representantes da Subsecretaria de Trabalho. Eu fico orgulho e emocionado de ver todos esses alunos se formando e espero que eles consigam prosseguir na profiss\u00e3o e fazer uma renda extra&#8221;, afirmou.<\/p>\n\n\n\n<p>Os alunos do curso tamb\u00e9m est\u00e3o satisfeitos com o que aprenderam durante as aulas. \u00c9 o que afirma o pedreiro Jayme D&#8217;arc de Souza, de 62 anos.<\/p>\n\n\n\n<p>&#8220;Eu conheci o curso por uma amiga, que me indicou. Eu comecei a fazer, gostei e estou satisfeito. Aprendi muitas coisas com o professor Cl\u00e1udio, aprendi a fazer v\u00e1rios p\u00e3es, biscoitos, fiz esses itens em casa e a fam\u00edlia gostou. \u00c9 muito bom! Estou satisfeito&#8221;, disse.<\/p>\n\n\n\n<p>Iraci Bispo de Oliveira, de 64 anos, tamb\u00e9m se formou pelo curso.<\/p>\n\n\n\n<p>&#8220;\u00c9 maravilhoso! Foi o melhor curso que fiz na minha vida, o professor Cl\u00e1udio tamb\u00e9m \u00e9 maravilhoso, me ensinou coisas que vou levar para a vida. Eu fiz outro curso aqui no CRAS antes e foi assim que eu descobri sobre a Padaria Escola. Eu j\u00e1 estou at\u00e9 com saudade agora que terminei. Nunca imaginei que um dia eu aprenderia tanto. Agora fa\u00e7o p\u00e3es e biscoitos e as pessoas elogiam&#8221;, disse a moradora do Para\u00edso.<\/p>\n\n\n\n<p>A pr\u00f3xima turma do Padaria Escola deve come\u00e7ar na segunda quinzena de julho e as aulas s\u00e3o ministradas no CRAS de Vista Alegre.<\/p>\n\n\n\n<p><em>Fotos: Renan Otto<\/em><\/p>\n","protected":false},"excerpt":{"rendered":"<p>Quatro turmas receberam diplomas de panifica\u00e7\u00e3o As aulas do curso de forma\u00e7\u00e3o b\u00e1sica em panifica\u00e7\u00e3o da Padaria Escola continuam dando&hellip;<\/p>\n","protected":false},"author":5,"featured_media":6858,"comment_status":"open","ping_status":"open","sticky":false,"template":"","format":"standard","meta":{"fifu_image_url":"","fifu_image_alt":"","footnotes":""},"categories":[3],"tags":[],"class_list":["post-6856","post","type-post","status-publish","format-standard","has-post-thumbnail","hentry","category-sao-goncalo"],"_links":{"self":[{"href":"https:\/\/sgvaimudar.com.br\/index.php\/wp-json\/wp\/v2\/posts\/6856","targetHints":{"allow":["GET"]}}],"collection":[{"href":"https:\/\/sgvaimudar.com.br\/index.php\/wp-json\/wp\/v2\/posts"}],"about":[{"href":"https:\/\/sgvaimudar.com.br\/index.php\/wp-json\/wp\/v2\/types\/post"}],"author":[{"embeddable":true,"href":"https:\/\/sgvaimudar.com.br\/index.php\/wp-json\/wp\/v2\/users\/5"}],"replies":[{"embeddable":true,"href":"https:\/\/sgvaimudar.com.br\/index.php\/wp-json\/wp\/v2\/comments?post=6856"}],"version-history":[{"count":1,"href":"https:\/\/sgvaimudar.com.br\/index.php\/wp-json\/wp\/v2\/posts\/6856\/revisions"}],"predecessor-version":[{"id":6859,"href":"https:\/\/sgvaimudar.com.br\/index.php\/wp-json\/wp\/v2\/posts\/6856\/revisions\/6859"}],"wp:featuredmedia":[{"embeddable":true,"href":"https:\/\/sgvaimudar.com.br\/index.php\/wp-json\/wp\/v2\/media\/6858"}],"wp:attachment":[{"href":"https:\/\/sgvaimudar.com.br\/index.php\/wp-json\/wp\/v2\/media?parent=6856"}],"wp:term":[{"taxonomy":"category","embeddable":true,"href":"https:\/\/sgvaimudar.com.br\/index.php\/wp-json\/wp\/v2\/categories?post=6856"},{"taxonomy":"post_tag","embeddable":true,"href":"https:\/\/sgvaimudar.com.br\/index.php\/wp-json\/wp\/v2\/tags?post=6856"}],"curies":[{"name":"wp","href":"https:\/\/api.w.org\/{rel}","templated":true}]}}