{"id":6824,"date":"2024-05-30T08:44:43","date_gmt":"2024-05-30T11:44:43","guid":{"rendered":"https:\/\/sgvaimudar.com.br\/?p=6824"},"modified":"2024-05-30T09:57:04","modified_gmt":"2024-05-30T12:57:04","slug":"milhares-de-pessoas-participam-da-celebracao-de-corpus-christi-de-sao-goncalo-rj","status":"publish","type":"post","link":"https:\/\/sgvaimudar.com.br\/index.php\/2024\/05\/30\/milhares-de-pessoas-participam-da-celebracao-de-corpus-christi-de-sao-goncalo-rj\/","title":{"rendered":"Milhares de pessoas participam da celebra\u00e7\u00e3o de Corpus Christi de S\u00e3o Gon\u00e7alo (RJ)"},"content":{"rendered":"\n<p><em>Confec\u00e7\u00e3o do tapete de sal teve in\u00edcio \u00e0s 7h desta quinta-feira<\/em><\/p>\n\n\n\n<p>O munic\u00edpio de S\u00e3o Gon\u00e7alo, na Regi\u00e3o Metropolitana do Rio de Janeiro, segue com as celebra\u00e7\u00f5es de Corpus Christi nesta quinta-feira (30), com a confec\u00e7\u00e3o do tapete de sal nas ruas centrais da cidade. <\/p>\n\n\n\n<figure class=\"wp-block-image size-large\"><img fetchpriority=\"high\" decoding=\"async\" width=\"1024\" height=\"768\" src=\"https:\/\/sgvaimudar.com.br\/wp-content\/uploads\/2024\/05\/WhatsApp-Image-2024-05-30-at-08.57.29-1024x768.jpeg\" alt=\"\" class=\"wp-image-6838\" srcset=\"https:\/\/sgvaimudar.com.br\/wp-content\/uploads\/2024\/05\/WhatsApp-Image-2024-05-30-at-08.57.29-1024x768.jpeg 1024w, https:\/\/sgvaimudar.com.br\/wp-content\/uploads\/2024\/05\/WhatsApp-Image-2024-05-30-at-08.57.29-300x225.jpeg 300w, https:\/\/sgvaimudar.com.br\/wp-content\/uploads\/2024\/05\/WhatsApp-Image-2024-05-30-at-08.57.29-768x576.jpeg 768w, https:\/\/sgvaimudar.com.br\/wp-content\/uploads\/2024\/05\/WhatsApp-Image-2024-05-30-at-08.57.29-1536x1152.jpeg 1536w, https:\/\/sgvaimudar.com.br\/wp-content\/uploads\/2024\/05\/WhatsApp-Image-2024-05-30-at-08.57.29.jpeg 1600w\" sizes=\"(max-width: 1024px) 100vw, 1024px\" \/><\/figure>\n\n\n\n<p>De acordo com os organizadores, cerca de 100 mil pessoas s\u00e3o esperadas para a celebra\u00e7\u00e3o ao longo do dia. A programa\u00e7\u00e3o teve in\u00edcio \u00e0s 7h com os mais de 230 tapetes de sal, que s\u00e3o um Patrim\u00f4nio P\u00fablico Cultural e Religioso do munic\u00edpio. Mais de 600 servidores da Prefeitura de S\u00e3o Gon\u00e7alo est\u00e3o envolvidos na celebra\u00e7\u00e3o.<\/p>\n\n\n\n<p>&#8220;Os tapetes ser\u00e3o expostos da Rua Coronel Moreira C\u00e9sar, no bairro Z\u00e9 Garoto, passando pela Rua Feliciano Sodr\u00e9, at\u00e9 a Rua Nilo Pe\u00e7anha, altura do Clube Mau\u00e1, no Centro. Ser\u00e3o utilizados, aproximadamente, 200 sacos de serragem de 100 litros, in\u00fameros tubos de xadrez, al\u00e9m das 52 toneladas de sal&#8221;, informou a Prefeitura no texto.<\/p>\n\n\n\n<p>Neste ano, os temas dos tapetes s\u00e3o: Eucaristia \u2013 alimento da vida de ora\u00e7\u00e3o, Ano da Ora\u00e7\u00e3o (caminho de prepara\u00e7\u00e3o para o Ano Jubilar), S\u00ednodo, partindo do tema da Campanha da Fraternidade (paz, reconcilia\u00e7\u00e3o, encontro e ecologia), al\u00e9m dos tradicionais desenhos dos padroeiros das par\u00f3quias.<\/p>\n\n\n\n<p>De 8h \u00e0s 10h30, bandas v\u00e3o tocar louvores no palco montado em frente \u00e0 Par\u00f3quia S\u00e3o Gon\u00e7alo de Amarante, no bairro Z\u00e9 Garoto.&nbsp;\u00c0s 14h, haver\u00e1 os c\u00e2nticos cat\u00f3licos no palco para todos aqueles que tiverem visitando os tapetes.&nbsp;<\/p>\n\n\n\n<p>A Santa Missa ser\u00e1 iniciada \u00e0s 16h, sob a presid\u00eancia do Bispo Auxiliar da Arquidiocese de Niter\u00f3i, Dom Geraldo de Paula. Ap\u00f3s a Santa Missa ser\u00e1 iniciada a prociss\u00e3o, onde&nbsp;os fi\u00e9is ir\u00e3o percorrer aproximadamente dois quil\u00f4metros at\u00e9 chegarem ao Firjan Senai, onde haver\u00e1 a b\u00ean\u00e7\u00e3o final.&nbsp;<\/p>\n\n\n\n<p>&#8220;\u00c9 recomendado que todos os participantes da solenidade estejam bem alimentados e hidratados, com roupas leves e devidamente medicados. Ambul\u00e2ncias estar\u00e3o em pontos estrat\u00e9gicos para qualquer eventualidade&#8221;, orientou o Executivo na nota.&nbsp;<\/p>\n\n\n\n<p>Durante todo o evento, o hall do Teatro Municipal vai estar de portas abertas com a exposi\u00e7\u00e3o \u201cCorpus Christi\u201d, que re\u00fane 19 fotografias que mostram momentos da confec\u00e7\u00e3o dos tapetes, da manifesta\u00e7\u00e3o de f\u00e9 dos fieis que acompanham a celebra\u00e7\u00e3o, de momentos da Santa Missa e da dimens\u00e3o do Corpus Christi pelas ruas de S\u00e3o Gon\u00e7alo.&nbsp;<\/p>\n\n\n\n<p>Al\u00e9m da exposi\u00e7\u00e3o, outra novidade deste ano ser\u00e1 a arrecada\u00e7\u00e3o de alimentos n\u00e3o perec\u00edveis, que ser\u00e3o distribu\u00eddos para fam\u00edlias cadastradas nas atividades sociais das Igrejas do munic\u00edpio. Ser\u00e3o montado quatro pontos para doa\u00e7\u00e3o, sendo na Casa das Artes, no p\u00e1tio da Par\u00f3quia S\u00e3o Gon\u00e7alo, na entrada do Teatro Municipal de S\u00e3o Gon\u00e7alo e na Pra\u00e7a Dr Luiz Palmier. Ao final do evento os itens ser\u00e3o separados e entregues aos respons\u00e1veis pela distribui\u00e7\u00e3o.<\/p>\n\n\n\n<p><strong>Tr\u00e2nsito &#8211;&nbsp;<\/strong>Para que a celebra\u00e7\u00e3o ocorra sem grandes transtornos no tr\u00e2nsito, a Secretaria de Transportes da Prefeitura de S\u00e3o Gon\u00e7alo est\u00e1 com esquema especial para os ve\u00edculos que precisarem transitar pelas ruas do Centro.&nbsp;A recomenda\u00e7\u00e3o \u00e9 que os participantes priorizem o uso de transporte p\u00fablico. As medidas podem ser conferidas no link&nbsp;<a rel=\"noreferrer noopener\" href=\"https:\/\/click.cse360.com.br\/Click\/AddCampaignEmailClick\/77d30678-63f9-4864-1568-08dc75d4007a\/https%253a%252f%252fwww.pmsg.rj.gov.br%252fsao-goncalo-se-prepara-para-celebracao-de-corpus-christi%252f\/ac66966e-2b55-4484-fb2c-08dc491eed5f\/jornalistaws@gmail.com\/False\" target=\"_blank\">https:\/\/www.pmsg.rj.gov.br\/sao-goncalo-se-prepara-para-celebracao-de-corpus-christi\/<\/a>.<\/p>\n\n\n\n<p><\/p>\n\n\n\n<p><em>Fotos: Luiz Carvalho<\/em><\/p>\n","protected":false},"excerpt":{"rendered":"<p>Confec\u00e7\u00e3o do tapete de sal teve in\u00edcio \u00e0s 7h desta quinta-feira O munic\u00edpio de S\u00e3o Gon\u00e7alo, na Regi\u00e3o Metropolitana do&hellip;<\/p>\n","protected":false},"author":5,"featured_media":6825,"comment_status":"open","ping_status":"open","sticky":false,"template":"","format":"standard","meta":{"fifu_image_url":"","fifu_image_alt":"","footnotes":""},"categories":[4],"tags":[],"class_list":["post-6824","post","type-post","status-publish","format-standard","has-post-thumbnail","hentry","category-brasil"],"_links":{"self":[{"href":"https:\/\/sgvaimudar.com.br\/index.php\/wp-json\/wp\/v2\/posts\/6824","targetHints":{"allow":["GET"]}}],"collection":[{"href":"https:\/\/sgvaimudar.com.br\/index.php\/wp-json\/wp\/v2\/posts"}],"about":[{"href":"https:\/\/sgvaimudar.com.br\/index.php\/wp-json\/wp\/v2\/types\/post"}],"author":[{"embeddable":true,"href":"https:\/\/sgvaimudar.com.br\/index.php\/wp-json\/wp\/v2\/users\/5"}],"replies":[{"embeddable":true,"href":"https:\/\/sgvaimudar.com.br\/index.php\/wp-json\/wp\/v2\/comments?post=6824"}],"version-history":[{"count":2,"href":"https:\/\/sgvaimudar.com.br\/index.php\/wp-json\/wp\/v2\/posts\/6824\/revisions"}],"predecessor-version":[{"id":6839,"href":"https:\/\/sgvaimudar.com.br\/index.php\/wp-json\/wp\/v2\/posts\/6824\/revisions\/6839"}],"wp:featuredmedia":[{"embeddable":true,"href":"https:\/\/sgvaimudar.com.br\/index.php\/wp-json\/wp\/v2\/media\/6825"}],"wp:attachment":[{"href":"https:\/\/sgvaimudar.com.br\/index.php\/wp-json\/wp\/v2\/media?parent=6824"}],"wp:term":[{"taxonomy":"category","embeddable":true,"href":"https:\/\/sgvaimudar.com.br\/index.php\/wp-json\/wp\/v2\/categories?post=6824"},{"taxonomy":"post_tag","embeddable":true,"href":"https:\/\/sgvaimudar.com.br\/index.php\/wp-json\/wp\/v2\/tags?post=6824"}],"curies":[{"name":"wp","href":"https:\/\/api.w.org\/{rel}","templated":true}]}}