{"id":6810,"date":"2024-05-29T18:00:00","date_gmt":"2024-05-29T21:00:00","guid":{"rendered":"https:\/\/sgvaimudar.com.br\/?p=6810"},"modified":"2024-05-29T09:07:01","modified_gmt":"2024-05-29T12:07:01","slug":"novo-polo-de-atendimento-da-fazenda-e-aberto-no-alcantara","status":"publish","type":"post","link":"https:\/\/sgvaimudar.com.br\/index.php\/2024\/05\/29\/novo-polo-de-atendimento-da-fazenda-e-aberto-no-alcantara\/","title":{"rendered":"Novo polo de atendimento da Fazenda \u00e9 aberto no Alc\u00e2ntara"},"content":{"rendered":"\n<p>O novo posto de atendimento da Secretaria de Fazenda da Prefeitura de S\u00e3o Gon\u00e7alo teve o in\u00edcio de suas atividades, nesta ter\u00e7a-feira (28). Localizado em um pr\u00e9dio comercial no Alc\u00e2ntara, o local conta com onze guich\u00eas de atendimento: oito da Fazenda, um para a retirada de senhas e outros dois para quem precisar de servi\u00e7os da Procuradoria Geral. <\/p>\n\n\n\n<figure class=\"wp-block-image size-large\"><img fetchpriority=\"high\" decoding=\"async\" width=\"1024\" height=\"684\" src=\"https:\/\/sgvaimudar.com.br\/wp-content\/uploads\/2024\/05\/unnamed-2-19-1024x684.jpg\" alt=\"\" class=\"wp-image-6811\" srcset=\"https:\/\/sgvaimudar.com.br\/wp-content\/uploads\/2024\/05\/unnamed-2-19-1024x684.jpg 1024w, https:\/\/sgvaimudar.com.br\/wp-content\/uploads\/2024\/05\/unnamed-2-19-300x200.jpg 300w, https:\/\/sgvaimudar.com.br\/wp-content\/uploads\/2024\/05\/unnamed-2-19-768x513.jpg 768w, https:\/\/sgvaimudar.com.br\/wp-content\/uploads\/2024\/05\/unnamed-2-19-1536x1027.jpg 1536w, https:\/\/sgvaimudar.com.br\/wp-content\/uploads\/2024\/05\/unnamed-2-19.jpg 1616w\" sizes=\"(max-width: 1024px) 100vw, 1024px\" \/><\/figure>\n\n\n\n<p>O hor\u00e1rio de funcionamento do novo espa\u00e7o \u00e9 de 9h \u00e0s 17h, de segunda a sexta-feira.<\/p>\n\n\n\n<p>&#8220;A localiza\u00e7\u00e3o do novo posto no Alc\u00e2ntara busca tornar mais f\u00e1cil o acesso da popula\u00e7\u00e3o gon\u00e7alense que precisar dos servi\u00e7os do local. Com a abertura do novo posto, o N\u00facleo Regional 2 da Secretaria de Fazenda, que ficava no Arsenal, encerrou suas atividades&#8221;, frisou a Prefeitura na nota. <\/p>\n\n\n\n<p>O prefeito Capit\u00e3o Nelson esteve no local no primeiro dia de funcionamento, e afirmou esperar que a popula\u00e7\u00e3o receba o melhor atendimento poss\u00edvel.<\/p>\n\n\n\n<p>&#8220;Ficamos muito felizes de estar entregando mais esse polo. Esse posto foi instalado aqui no Alc\u00e2ntara para que mais pessoas possam contar com o atendimento da Fazenda. Al\u00e9m da localiza\u00e7\u00e3o e da facilidade do transporte p\u00fablico, aqui no pr\u00e9dio temos elevador e escada rolante, o que o torna mais acess\u00edvel para as pessoas. Nosso objetivo \u00e9 melhorar cada vez mais&#8221;, disse o prefeito.<\/p>\n\n\n\n<p>O secret\u00e1rio de Fazenda, Randhal Juliano Barreto Coelho, destacou a mudan\u00e7a:<\/p>\n\n\n\n<p>&#8220;A nossa inten\u00e7\u00e3o era estabelecer um polo da Fazenda\/Procuradoria em Alc\u00e2ntara para facilitar o acesso da popula\u00e7\u00e3o. No polo Arsenal, t\u00ednhamos uma quantidade de atendimentos que n\u00e3o atendia \u00e0s nossas expectativas. Para se ter um exemplo, com todos os servi\u00e7os, consegu\u00edamos atender por dia de 100 a 150 pessoas&#8221;, afirmou o secret\u00e1rio. <\/p>\n\n\n\n<p>Ele disse que fez um teste com um estabelecimento provis\u00f3rio no Alc\u00e2ntara, em janeiro dos \u00faltimos tr\u00eas anos. &#8220;Conseguimos atender nele de 400 a 500 pessoas por dia apenas com o servi\u00e7o de emiss\u00e3o de guia de IPTU, ou seja, cinco vezes mais do que no Arsenal. Sempre foi um desejo do governo e da nossa secretaria colocar um polo aqui no Alc\u00e2ntara para facilitar a locomo\u00e7\u00e3o para a popula\u00e7\u00e3o, pelo espa\u00e7o renovado e agrad\u00e1vel&#8221;, destacou Randhal.<\/p>\n\n\n\n<p>O primeiro atendido no local foi com o morador do bairro Vila Tr\u00eas, Luciano do Nascimento, de 47 anos. Ele esteve no novo polo para resolver quest\u00f5es ligadas ao seu IPTU e elogiou o atendimento.<\/p>\n\n\n\n<p>&#8220;Eu estou achando esse novo polo aqui \u00f3timo. Vai atender muito bem a popula\u00e7\u00e3o. \u00c9 um local confort\u00e1vel, com elevador, \u00e9 mais f\u00e1cil tamb\u00e9m para os idosos e pessoas que necessitarem se locomoverem por causa do elevador e da escada rolante e o atendimento foi \u00f3timo, resolvi o que precisava rapidamente. Est\u00e1 100%&#8221;, disse Luciano que \u00e9 t\u00e9cnico em comunica\u00e7\u00e3o de dados.<\/p>\n\n\n\n<p>No novo polo, os contribuintes da cidade ter\u00e3o acesso a diversos servi\u00e7os da Fazenda como:<\/p>\n\n\n\n<p>Emiss\u00e3o da segunda via de carn\u00ea de IPTU;  Abertura de processos para cadastro de IPTU;  Segunda via de Imposto Sobre Servi\u00e7os (ISS);  Atualiza\u00e7\u00e3o e parcelamento de d\u00e9bitos;  Transfer\u00eancia nominal de propriet\u00e1rio;  Revis\u00e3o e atualiza\u00e7\u00e3o de dados cadastrais do contribuinte;  Taxa de inscri\u00e7\u00e3o imobili\u00e1ria;  Isen\u00e7\u00e3o de IPTU;  Lan\u00e7amento de lote;  Baixa de d\u00e9bitos;  Taxa de inscri\u00e7\u00e3o imobili\u00e1ria e Certid\u00e3o negativa de d\u00e9bitos de IPTU.<\/p>\n\n\n\n<p>&#8220;Atendimentos referentes a informa\u00e7\u00e3o de processos, expedi\u00e7\u00e3o de certid\u00e3o de averba\u00e7\u00e3o, expedi\u00e7\u00e3o de certid\u00e3o positiva com efeito de negativa e atendimentos e atendimentos referentes ao ITBI s\u00f3 ser\u00e3o oferecidos no atendimento do Partage Shopping&#8221;, informou a Prefeitura na nota.<\/p>\n\n\n\n<p>Para quem precisar da Procuradoria Geral, no novo polo estar\u00e3o dispon\u00edveis os seguintes servi\u00e7os: Levantamento de d\u00e9bitos em aberto e parcelamento de acordos aju\u00edzados. <\/p>\n\n\n\n<p>O novo posto de atendimento do Alc\u00e2ntara fica no Stilo Shopping &amp; Offices, Estrada Raul Veiga, 351, sala 116 \u2013 Alc\u00e2ntara, S\u00e3o Gon\u00e7alo.<\/p>\n\n\n\n<p><em>Fotos: Renan Otto<\/em><\/p>\n","protected":false},"excerpt":{"rendered":"<p>O novo posto de atendimento da Secretaria de Fazenda da Prefeitura de S\u00e3o Gon\u00e7alo teve o in\u00edcio de suas atividades,&hellip;<\/p>\n","protected":false},"author":5,"featured_media":6812,"comment_status":"open","ping_status":"open","sticky":false,"template":"","format":"standard","meta":{"fifu_image_url":"","fifu_image_alt":"","footnotes":""},"categories":[3],"tags":[],"class_list":["post-6810","post","type-post","status-publish","format-standard","has-post-thumbnail","hentry","category-sao-goncalo"],"_links":{"self":[{"href":"https:\/\/sgvaimudar.com.br\/index.php\/wp-json\/wp\/v2\/posts\/6810","targetHints":{"allow":["GET"]}}],"collection":[{"href":"https:\/\/sgvaimudar.com.br\/index.php\/wp-json\/wp\/v2\/posts"}],"about":[{"href":"https:\/\/sgvaimudar.com.br\/index.php\/wp-json\/wp\/v2\/types\/post"}],"author":[{"embeddable":true,"href":"https:\/\/sgvaimudar.com.br\/index.php\/wp-json\/wp\/v2\/users\/5"}],"replies":[{"embeddable":true,"href":"https:\/\/sgvaimudar.com.br\/index.php\/wp-json\/wp\/v2\/comments?post=6810"}],"version-history":[{"count":1,"href":"https:\/\/sgvaimudar.com.br\/index.php\/wp-json\/wp\/v2\/posts\/6810\/revisions"}],"predecessor-version":[{"id":6813,"href":"https:\/\/sgvaimudar.com.br\/index.php\/wp-json\/wp\/v2\/posts\/6810\/revisions\/6813"}],"wp:featuredmedia":[{"embeddable":true,"href":"https:\/\/sgvaimudar.com.br\/index.php\/wp-json\/wp\/v2\/media\/6812"}],"wp:attachment":[{"href":"https:\/\/sgvaimudar.com.br\/index.php\/wp-json\/wp\/v2\/media?parent=6810"}],"wp:term":[{"taxonomy":"category","embeddable":true,"href":"https:\/\/sgvaimudar.com.br\/index.php\/wp-json\/wp\/v2\/categories?post=6810"},{"taxonomy":"post_tag","embeddable":true,"href":"https:\/\/sgvaimudar.com.br\/index.php\/wp-json\/wp\/v2\/tags?post=6810"}],"curies":[{"name":"wp","href":"https:\/\/api.w.org\/{rel}","templated":true}]}}