{"id":6803,"date":"2024-05-29T14:00:00","date_gmt":"2024-05-29T17:00:00","guid":{"rendered":"https:\/\/sgvaimudar.com.br\/?p=6803"},"modified":"2024-05-29T08:33:55","modified_gmt":"2024-05-29T11:33:55","slug":"prefeito-capitao-nelson-decreta-ponto-facultativo-dia-31","status":"publish","type":"post","link":"https:\/\/sgvaimudar.com.br\/index.php\/2024\/05\/29\/prefeito-capitao-nelson-decreta-ponto-facultativo-dia-31\/","title":{"rendered":"Prefeito Capit\u00e3o Nelson decreta ponto facultativo dia 31"},"content":{"rendered":"\n<p><em>Na quinta-feira (30), munic\u00edpio recebe celebra\u00e7\u00e3o de Corpus Christi\u00a0<\/em><\/p>\n\n\n\n<p>O prefeito de S\u00e3o Gon\u00e7alo, Capit\u00e3o Nelson, decretou ponto facultativo na pr\u00f3xima sexta-feira (31), um dia ap\u00f3s a celebra\u00e7\u00e3o de Corpus Christi, quando a cidade confecciona o maior tapete de sal da Am\u00e9rica Latina e recebe milhares de fieis. Assim, o expediente das reparti\u00e7\u00f5es p\u00fablicas municipais que n\u00e3o s\u00e3o essenciais abrem at\u00e9 esta quarta-feira (29), ficam fechadas quinta (30) e sexta (31) e retomam no dia 3 de junho, pr\u00f3xima segunda-feira (3).\u00a0\u00a0<\/p>\n\n\n\n<p>A Secretaria de Sa\u00fade informou que, durante todo o per\u00edodo, todas as unidades de urg\u00eancia e emerg\u00eancia de sa\u00fade municipais v\u00e3o funcionar, normalmente, 24h por dia. S\u00e3o elas: Unidades Municipais de Pronto Atendimento (Umpas) do Pacheco, Nova Cidade e Santa Luzia; prontos-socorros Central (PSC) e Infantil (PSI), ambos no Z\u00e9 Garoto; Maternidade Municipal Dr. M\u00e1rio Niajar, em Alc\u00e2ntara; e a emerg\u00eancia da sa\u00fade mental no Hospital Luiz Palmier (HLP), no Z\u00e9 Garoto.\u00a0\u00a0<\/p>\n\n\n\n<p>O Centro de Imagens e Especialidades de S\u00e3o Gon\u00e7alo (Ciesg), no Vila Tr\u00eas, fica fechado na quinta-feira (30) e abre, normalmente, na sexta-feira (31), para as consultas e exames pr\u00e9-agendados, das 8h \u00e0s 17h.<\/p>\n\n\n\n<p>J\u00e1 o Centro de Triagem ao Coronav\u00edrus, no Z\u00e9 Garoto, que realiza os testes para detectar o coronav\u00edrus e dengue com encaminhamento m\u00e9dico, abre quinta-feira (30) e sexta-feira (31), das 8h \u00e0s 13h. O CT fica fechado s\u00e1bado (1\u00ba) e domingo (2). Vale lembrar que os gon\u00e7alenses t\u00eam que chegar uma hora antes da previs\u00e3o de t\u00e9rmino da testagem.<\/p>\n\n\n\n<p>O Centro de Aten\u00e7\u00e3o Psicossocial (Caps) Francisco dos Santos Siqueira, no Centro (Rua General Ant\u00f4nio Rodrigues, 250, Centro) e o Centro de Aten\u00e7\u00e3o Psicossocial de \u00c1lcool e Drogas (Capsad) Dr. Daniel Gomes da Silva, em Vila Tr\u00eas (Rua Augusto Franco, 52, Vila Tr\u00eas) v\u00e3o funcionar 24h de quinta a domingo (30 a 02) normalmente.&nbsp;<\/p>\n\n\n\n<p>As Cl\u00ednicas Gon\u00e7alense do Mutondo e da Fam\u00edlia Dr. Zerbini, no Arsenal, ficam fechadas quinta-feira (30) e sexta-feira (31). Elas abrem no s\u00e1bado (1\u00ba), das 8h \u00e0s 12h, para vacina\u00e7\u00f5es. Depois, as cl\u00ednicas reabrem na segunda-feira (3).&nbsp;<\/p>\n\n\n\n<p>Os polos sanit\u00e1rios Washington Luiz, no Z\u00e9 Garoto; e H\u00e9lio Cruz, em Alc\u00e2ntara; abrem, respectivamente, na quinta-feira (30) e sexta-feira (31), das 8h \u00e0s 12h, exclusivamente, para a aplica\u00e7\u00e3o da vacina antirr\u00e1bica humana. Quando necess\u00e1ria a aplica\u00e7\u00e3o do soro antirr\u00e1bico, o paciente \u00e9 encaminhado ao Pronto Socorro Central (PSC), no Z\u00e9 Garoto, que funciona 24h todos os dias. Em casos de acidentes graves que necessitam de atendimento de urg\u00eancia ou emerg\u00eancia, fora do hor\u00e1rio de atendimento nos polos sanit\u00e1rios, o paciente pode procurar o PSC para avalia\u00e7\u00e3o.&nbsp;<\/p>\n\n\n\n<p>Todas as outras unidades de sa\u00fade da aten\u00e7\u00e3o b\u00e1sica e especializada estar\u00e3o fechadas de quinta-feira (30) at\u00e9 domingo (2). S\u00e3o elas: todos os postos de sa\u00fade, cl\u00ednicas, PAMs, CER III, Cl\u00ednica de Fisioterapia de Nova Cidade, Cl\u00ednica Municipal da Crian\u00e7a, Espa\u00e7o Rosa, polos sanit\u00e1rios e outros Caps. A Secretaria informa que todas as unidades voltam a funcionar normalmente na pr\u00f3xima segunda-feira (3).&nbsp;<\/p>\n","protected":false},"excerpt":{"rendered":"<p>Na quinta-feira (30), munic\u00edpio recebe celebra\u00e7\u00e3o de Corpus Christi\u00a0 O prefeito de S\u00e3o Gon\u00e7alo, Capit\u00e3o Nelson, decretou ponto facultativo na&hellip;<\/p>\n","protected":false},"author":5,"featured_media":6804,"comment_status":"open","ping_status":"open","sticky":false,"template":"","format":"standard","meta":{"fifu_image_url":"","fifu_image_alt":"","footnotes":""},"categories":[3],"tags":[],"class_list":["post-6803","post","type-post","status-publish","format-standard","has-post-thumbnail","hentry","category-sao-goncalo"],"_links":{"self":[{"href":"https:\/\/sgvaimudar.com.br\/index.php\/wp-json\/wp\/v2\/posts\/6803","targetHints":{"allow":["GET"]}}],"collection":[{"href":"https:\/\/sgvaimudar.com.br\/index.php\/wp-json\/wp\/v2\/posts"}],"about":[{"href":"https:\/\/sgvaimudar.com.br\/index.php\/wp-json\/wp\/v2\/types\/post"}],"author":[{"embeddable":true,"href":"https:\/\/sgvaimudar.com.br\/index.php\/wp-json\/wp\/v2\/users\/5"}],"replies":[{"embeddable":true,"href":"https:\/\/sgvaimudar.com.br\/index.php\/wp-json\/wp\/v2\/comments?post=6803"}],"version-history":[{"count":1,"href":"https:\/\/sgvaimudar.com.br\/index.php\/wp-json\/wp\/v2\/posts\/6803\/revisions"}],"predecessor-version":[{"id":6805,"href":"https:\/\/sgvaimudar.com.br\/index.php\/wp-json\/wp\/v2\/posts\/6803\/revisions\/6805"}],"wp:featuredmedia":[{"embeddable":true,"href":"https:\/\/sgvaimudar.com.br\/index.php\/wp-json\/wp\/v2\/media\/6804"}],"wp:attachment":[{"href":"https:\/\/sgvaimudar.com.br\/index.php\/wp-json\/wp\/v2\/media?parent=6803"}],"wp:term":[{"taxonomy":"category","embeddable":true,"href":"https:\/\/sgvaimudar.com.br\/index.php\/wp-json\/wp\/v2\/categories?post=6803"},{"taxonomy":"post_tag","embeddable":true,"href":"https:\/\/sgvaimudar.com.br\/index.php\/wp-json\/wp\/v2\/tags?post=6803"}],"curies":[{"name":"wp","href":"https:\/\/api.w.org\/{rel}","templated":true}]}}