{"id":6787,"date":"2024-05-29T07:48:25","date_gmt":"2024-05-29T10:48:25","guid":{"rendered":"https:\/\/sgvaimudar.com.br\/?p=6787"},"modified":"2024-06-01T09:38:38","modified_gmt":"2024-06-01T12:38:38","slug":"policia-prende-foragido-e-apreende-fuzil-na-comunidade-da-hortinha-em-tenente-jardim","status":"publish","type":"post","link":"https:\/\/sgvaimudar.com.br\/index.php\/2024\/05\/29\/policia-prende-foragido-e-apreende-fuzil-na-comunidade-da-hortinha-em-tenente-jardim\/","title":{"rendered":"Pol\u00edcia prende foragido e apreende fuzil na Comunidade da Hortinha em Tenente Jardim"},"content":{"rendered":"\n<p>Um foragido da Justi\u00e7a identificado como Jo\u00e3o Paulo Cunha Pereira, de 38 anos, foi preso e um fuzil apreendido, na tarde dessa ter\u00e7a-feira (28), durante uma opera\u00e7\u00e3o de repress\u00e3o ao tr\u00e1fico de drogas organizada por policiais do 7\u00baBPM (S\u00e3o Gon\u00e7alo) na Comunidade da Hortinha, em Tenente Jardim, S\u00e3o Gon\u00e7alo.\u00a0<\/p>\n\n\n\n<figure class=\"wp-block-embed is-type-rich is-provider-twitter wp-block-embed-twitter\"><div class=\"wp-block-embed__wrapper\">\n<blockquote class=\"twitter-tweet\" data-width=\"550\" data-dnt=\"true\"><p lang=\"pt\" dir=\"ltr\">Policiais do <a href=\"https:\/\/twitter.com\/hashtag\/7BPM?src=hash&amp;ref_src=twsrc%5Etfw\">#7BPM<\/a> apreenderam um fuzil e um r\u00e1dio, al\u00e9m de prenderem um homem foragido da justi\u00e7a na comunidade da Hortinha, em S\u00e3o Gon\u00e7alo. A ocorr\u00eancia foi encaminhada \u00e0 73\u00aa DP. <a href=\"https:\/\/t.co\/goTZrRvVQG\">pic.twitter.com\/goTZrRvVQG<\/a><\/p>&mdash; @pmerj (@PMERJ) <a href=\"https:\/\/twitter.com\/PMERJ\/status\/1795584679510503837?ref_src=twsrc%5Etfw\">May 28, 2024<\/a><\/blockquote><script async src=\"https:\/\/platform.twitter.com\/widgets.js\" charset=\"utf-8\"><\/script>\n<\/div><\/figure>\n\n\n\n<p><strong>FUZIL &#8211; <\/strong>De acordo com os fatos, os policiais ao chegarem na comunidade citada perceberam um grupo de homens armados correndo e passaram a vistoriar os becos e barracos situados no mesmo ponto e em uma das resid\u00eancias encontram o fuzil, com um carregador municiado com 10 proj\u00e9teis e um r\u00e1dio transmissor.&nbsp;<\/p>\n\n\n\n<p>Com a opera\u00e7\u00e3o ainda em andamento os agentes localizaram em um outro beco um suspeito que tinha um mandado de pris\u00e3o em aberto por tr\u00e1fico de drogas. O foragido, a arma e o r\u00e1dio foram levados \u00e0 delegacia de Neves (73\u00aaDP), onde a ocorr\u00eancia foi registrada.&nbsp;<\/p>\n","protected":false},"excerpt":{"rendered":"<p>Um foragido da Justi\u00e7a identificado como Jo\u00e3o Paulo Cunha Pereira, de 38 anos, foi preso e um fuzil apreendido, na&hellip;<\/p>\n","protected":false},"author":5,"featured_media":6788,"comment_status":"open","ping_status":"open","sticky":false,"template":"","format":"standard","meta":{"fifu_image_url":"","fifu_image_alt":"","footnotes":""},"categories":[32],"tags":[],"class_list":["post-6787","post","type-post","status-publish","format-standard","has-post-thumbnail","hentry","category-casos-de-policia"],"_links":{"self":[{"href":"https:\/\/sgvaimudar.com.br\/index.php\/wp-json\/wp\/v2\/posts\/6787","targetHints":{"allow":["GET"]}}],"collection":[{"href":"https:\/\/sgvaimudar.com.br\/index.php\/wp-json\/wp\/v2\/posts"}],"about":[{"href":"https:\/\/sgvaimudar.com.br\/index.php\/wp-json\/wp\/v2\/types\/post"}],"author":[{"embeddable":true,"href":"https:\/\/sgvaimudar.com.br\/index.php\/wp-json\/wp\/v2\/users\/5"}],"replies":[{"embeddable":true,"href":"https:\/\/sgvaimudar.com.br\/index.php\/wp-json\/wp\/v2\/comments?post=6787"}],"version-history":[{"count":3,"href":"https:\/\/sgvaimudar.com.br\/index.php\/wp-json\/wp\/v2\/posts\/6787\/revisions"}],"predecessor-version":[{"id":6935,"href":"https:\/\/sgvaimudar.com.br\/index.php\/wp-json\/wp\/v2\/posts\/6787\/revisions\/6935"}],"wp:featuredmedia":[{"embeddable":true,"href":"https:\/\/sgvaimudar.com.br\/index.php\/wp-json\/wp\/v2\/media\/6788"}],"wp:attachment":[{"href":"https:\/\/sgvaimudar.com.br\/index.php\/wp-json\/wp\/v2\/media?parent=6787"}],"wp:term":[{"taxonomy":"category","embeddable":true,"href":"https:\/\/sgvaimudar.com.br\/index.php\/wp-json\/wp\/v2\/categories?post=6787"},{"taxonomy":"post_tag","embeddable":true,"href":"https:\/\/sgvaimudar.com.br\/index.php\/wp-json\/wp\/v2\/tags?post=6787"}],"curies":[{"name":"wp","href":"https:\/\/api.w.org\/{rel}","templated":true}]}}