{"id":6757,"date":"2024-05-28T18:00:00","date_gmt":"2024-05-28T21:00:00","guid":{"rendered":"https:\/\/sgvaimudar.com.br\/?p=6757"},"modified":"2024-05-28T10:27:44","modified_gmt":"2024-05-28T13:27:44","slug":"sao-goncalo-incentiva-vacinacao-de-criancas-contra-poliomielite","status":"publish","type":"post","link":"https:\/\/sgvaimudar.com.br\/index.php\/2024\/05\/28\/sao-goncalo-incentiva-vacinacao-de-criancas-contra-poliomielite\/","title":{"rendered":"S\u00e3o Gon\u00e7alo incentiva vacina\u00e7\u00e3o de crian\u00e7as contra poliomielite"},"content":{"rendered":"\n<p><em>Munic\u00edpio integra campanha nacional contra a doen\u00e7a<\/em><\/p>\n\n\n\n<p>A Campanha Nacional de Vacina\u00e7\u00e3o contra a Poliomielite come\u00e7ou, nesta segunda-feira, em S\u00e3o Gon\u00e7alo. O objetivo \u00e9 incentivar a vacina\u00e7\u00e3o contra a doen\u00e7a nas crian\u00e7as entre um ano e 4 anos, 11 meses e 29 dias. A famosa gotinha (vacina poliomielite oral &#8211; VOP) \u00e9 ofertada de forma indiscriminada, mesmo que a crian\u00e7a esteja com o esquema vacinal em dia. <\/p>\n\n\n\n<figure class=\"wp-block-image size-full\"><img fetchpriority=\"high\" decoding=\"async\" width=\"1024\" height=\"683\" src=\"https:\/\/sgvaimudar.com.br\/wp-content\/uploads\/2024\/05\/unnamed-7-13.jpg\" alt=\"\" class=\"wp-image-6758\" srcset=\"https:\/\/sgvaimudar.com.br\/wp-content\/uploads\/2024\/05\/unnamed-7-13.jpg 1024w, https:\/\/sgvaimudar.com.br\/wp-content\/uploads\/2024\/05\/unnamed-7-13-300x200.jpg 300w, https:\/\/sgvaimudar.com.br\/wp-content\/uploads\/2024\/05\/unnamed-7-13-768x512.jpg 768w\" sizes=\"(max-width: 1024px) 100vw, 1024px\" \/><\/figure>\n\n\n\n<p>Os imunizantes oral (VOP) e injet\u00e1vel (VIP) est\u00e3o dispon\u00edveis em 62 unidades de sa\u00fade, de segunda a sexta, das 8h \u00e0s 17h, at\u00e9 o dia 14 de junho. O dia 8 de junho ser\u00e1 o \u201cDia D\u201d de mobiliza\u00e7\u00e3o nacional.\u00a0<\/p>\n\n\n\n<p>La\u00eds Regina Franca Coutinho, enfermeira de 32 anos, levou o filho Ramon Victor Barbosa da Concei\u00e7\u00e3o, de 1 ano, para tomar a vacina da campanha no Polo Sanit\u00e1rio Washington Luiz, no Z\u00e9 Garoto. \u201cSoube da campanha contra a poliomielite. Estamos em um per\u00edodo em que as pessoas est\u00e3o deixando de vacinar. Estou apoiando a campanha tamb\u00e9m por entender a import\u00e2ncia da preven\u00e7\u00e3o da doen\u00e7a. Eu, como enfermeira, fico triste em saber que as pessoas n\u00e3o vacinam como antes\u201d, contou La\u00eds.<\/p>\n\n\n\n<p>As vacinas contra a poliomielite \u2013 umas das mais importantes do calend\u00e1rio \u2013 evitam o comprometimento do sistema nervoso, que pode levar \u00e0 paralisia de membros e altera\u00e7\u00f5es nos movimentos (paralisia infantil). Se o imunizante n\u00e3o for aplicado, em alguns casos, a doen\u00e7a pode levar \u00e0 morte. A vacina deve ser administrada com dois, quatro e seis meses de vida dos beb\u00eas (VIP) e refor\u00e7ada com 1 ano e tr\u00eas meses e, depois, aos quatro anos (VOP).<\/p>\n\n\n\n<p>\u201cDurante a campanha, mesmo as crian\u00e7as de 1 a 4 anos que est\u00e3o com as vacinas contra a poliomielite de rotina em dia, poder\u00e3o tomar o imunizante oral (VOP) novamente, o que \u00e9 considerado refor\u00e7o. Na rotina, esta vacina \u00e9 indicada aos 15 meses e um refor\u00e7o aos 4 anos. Para as crian\u00e7as com menos de um ano, segundo o esquema vacinal do Plano Nacional de Imuniza\u00e7\u00e3o (PNI), a vacina aplicada \u00e9 a injet\u00e1vel (VIP) aos 2, 4 e 6 meses de vida\u201d, disse a subsecret\u00e1ria de Sa\u00fade Coletiva da Secretaria de Sa\u00fade da Prefeitura de S\u00e3o Gon\u00e7alo, Ana Cl\u00e1udia Pinnas.<\/p>\n\n\n\n<p>Bruna Rodrigues, de 31 anos, levou o filho Guilherme Rodrigues Xavier, de 4 anos, para atualizar a caderneta de vacina\u00e7\u00e3o. \u201cAcho&nbsp;importante estar com o calend\u00e1rio de vacina atualizado e participar de todas as campanhas. Sempre dou import\u00e2ncia a isso, desde o meu primeiro filho, para a valoriza\u00e7\u00e3o do SUS (Sistema \u00danico de Sa\u00fade). As vacinas gratuitas s\u00e3o uma das coisas que o SUS tem de mais importante no Brasil. \u00c9 um compromisso p\u00fablico para n\u00e3o deixar que doen\u00e7as j\u00e1 erradicadas voltem a se espalhar. \u00c9 muito importante para a sa\u00fade individual e para a sa\u00fade coletiva. Temos que imunizar nossas crian\u00e7as\u201d, opinou a estudante de psicologia.&nbsp;<\/p>\n\n\n\n<p>A contraindica\u00e7\u00e3o da aplica\u00e7\u00e3o das vacinas s\u00f3 acontece nos casos de evolu\u00e7\u00e3o de febre e nos casos de crian\u00e7as com hist\u00f3ria de evento adverso grave, como paralisia fl\u00e1cida aguda, associada \u00e0 vacina, ap\u00f3s dose anterior de vacina contra poliomielite. O uso de antibi\u00f3ticos n\u00e3o interfere na aplica\u00e7\u00e3o da vacina. As vacinas contra a poliomielite podem ser administradas simultaneamente com outras vacinas do Calend\u00e1rio Nacional de Vacina\u00e7\u00e3o.<\/p>\n\n\n\n<p>Para a aplica\u00e7\u00e3o das vacinas, as cadernetas de vacina\u00e7\u00e3o de cada crian\u00e7a ser\u00e3o avaliadas e a atualiza\u00e7\u00e3o ser\u00e1 feita de acordo com o esquema vacinal de cada um. Os respons\u00e1veis devem levar a caderneta de vacina\u00e7\u00e3o e o cart\u00e3o do SUS para a unidade de sa\u00fade.<\/p>\n\n\n\n<p><strong>Locais de vacina\u00e7\u00e3o:<\/strong><\/p>\n\n\n\n<p>1 \u2013 Polo Sanit\u00e1rio Paulo Marques Rangel, Porto do Rosa<\/p>\n\n\n\n<p>2 \u2013 USF Jardim Catarina I<\/p>\n\n\n\n<p>3 \u2013 USF Jos\u00e9 Avelino de Souza, Tribob\u00f3<\/p>\n\n\n\n<p>4 \u2013 USF Agenor Jos\u00e9 da Silva, Jardim Catarina<\/p>\n\n\n\n<p>5 \u2013 USF Louis Pasteur, Guaxindiba<\/p>\n\n\n\n<p>6 \u2013 Cl\u00ednica Gon\u00e7alense do Barro Vermelho<\/p>\n\n\n\n<p>7 \u2013 PAM Coelho<\/p>\n\n\n\n<p>8 \u2013 Polo Sanit\u00e1rio Washington Luiz Lopes, Z\u00e9 Garoto<\/p>\n\n\n\n<p>9 \u2013 USF Haroldo Pereira Nunes, Porto Novo<\/p>\n\n\n\n<p>10 \u2013 USF Barbosa Lima Sobrinho, Boa Vista<\/p>\n\n\n\n<p>11 \u2013 Cl\u00ednica Gon\u00e7alense do Mutondo<\/p>\n\n\n\n<p>12 \u2013 USF Jos\u00e9 Bruno Neto, Boa Vista<\/p>\n\n\n\n<p>13 \u2013 USF Floren\u00e7a Pereira, Largo da Ideia<\/p>\n\n\n\n<p>14 \u2013 Polo Sanit\u00e1rio H\u00e9lio Cruz, Alc\u00e2ntara<\/p>\n\n\n\n<p>15 \u2013 USF Juarez Antunes, Laranjal<\/p>\n\n\n\n<p>16 \u2013 Polo Sanit\u00e1rio Rio do Ouro<\/p>\n\n\n\n<p>17 \u2013 USF Anaia<\/p>\n\n\n\n<p>18 \u2013 USF Ana Nery, Gradim&nbsp;&nbsp;&nbsp;&nbsp;&nbsp;&nbsp;&nbsp;&nbsp;&nbsp;&nbsp;&nbsp;&nbsp;&nbsp;&nbsp;&nbsp;&nbsp;<\/p>\n\n\n\n<p>19 \u2013 Polo Sanit\u00e1rio Jorge Teixeira de Lima, Jardim Catarina<\/p>\n\n\n\n<p>20 \u2013 USF Mahatma Ghandi, Jardim Calif\u00f3rnia<\/p>\n\n\n\n<p>21 \u2013 USF Manoel de Abreu, Ipi\u00edba<\/p>\n\n\n\n<p>22 \u2013 USF Altair da Silva, Mutu\u00e1&nbsp;<\/p>\n\n\n\n<p>23 \u2013 USF Madre Teresa de Calcut\u00e1, Estrela do Norte<\/p>\n\n\n\n<p>24 \u2013 USF Neuza Goulart, Palmeiras<\/p>\n\n\n\n<p>25 \u2013 USF Fl\u00e1vio Henrique de Brito, J\u00f3quei<\/p>\n\n\n\n<p>26 \u2013 USF Jardel do Amaral, Venda da Cruz<\/p>\n\n\n\n<p>27 \u2013 USF Luiz Paulo Guimar\u00e3es, Laranjal<\/p>\n\n\n\n<p>28 \u2013 USF Gladys Rodrigues Ramos Freitas, Santa Isabel<\/p>\n\n\n\n<p>29 \u2013 USF Jo\u00e3o Goulart, Jardim Catarina<\/p>\n\n\n\n<p>30 \u2013 USF Marechal C\u00e2ndido Rondon, Capote<\/p>\n\n\n\n<p>31 \u2013 USF Ary Teixeira, Jardim Bom Retiro<\/p>\n\n\n\n<p>32 \u2013 USF Luiz Carlos Prestes, Santa Catarina<\/p>\n\n\n\n<p>33 \u2013 USF Badger Silveira, Tribob\u00f3<\/p>\n\n\n\n<p>34 \u2013 USF Victor Chimelly, Paiva&nbsp;<\/p>\n\n\n\n<p>35 \u2013 Cl\u00ednica Municipal da Fam\u00edlia Dr. Zerbini, Arsenal<\/p>\n\n\n\n<p>36 \u2013 USF Alexander Fleming, Boa\u00e7u<\/p>\n\n\n\n<p>37 \u2013 PAM Neves<\/p>\n\n\n\n<p>38 \u2013 USF Tancredo Neves, Luiz Ca\u00e7ador<\/p>\n\n\n\n<p>39 \u2013 USF Geremias de Mattos Fontes, Jardim Bom Retiro<\/p>\n\n\n\n<p>40 \u2013 USF Quinta Dom Ricardo<\/p>\n\n\n\n<p>41 \u2013 USF Wally Figueiras da Silva, Rocha<\/p>\n\n\n\n<p>42 \u2013 USF Hiparco Ferreira, Engenho do Ro\u00e7ado<\/p>\n\n\n\n<p>43 \u2013 USF Almerinda<\/p>\n\n\n\n<p>44 \u2013 Espa\u00e7o Sa\u00fade N\u00e3o Pode Esperar, Shopping S\u00e3o Gon\u00e7alo, Boa Vista<\/p>\n\n\n\n<p>45 \u2013 Cl\u00ednica Municipal do Coluband\u00ea<\/p>\n\n\n\n<p>46 \u2013 USF Presidente Get\u00falio Vargas, Boa Vista<\/p>\n\n\n\n<p>47 \u2013 USF Dr. Robert Koch, Porto da Madama<\/p>\n\n\n\n<p>48 \u2013 USF Juvenil Francisco Ribeiro, Engenho Pequeno<\/p>\n\n\n\n<p>49 \u2013 USF Bocayuva Cunha, Gradim<\/p>\n\n\n\n<p>50 \u2013 USF Roberto Silveira, Vista Alegre<\/p>\n\n\n\n<p>51 \u2013 USF Santa Luzia<\/p>\n\n\n\n<p>52 \u2013 USF Port\u00e3o do Rosa<\/p>\n\n\n\n<p>53 \u2013 USF An\u00edbal Porto, Monjolos<\/p>\n\n\n\n<p>54 \u2013 USF Alberto Constantino Farah, Mutu\u00e1&nbsp;<\/p>\n\n\n\n<p>55 \u2013 USF Floriano Barbosa, Jardim Catarina<\/p>\n\n\n\n<p>56 \u2013 USF Marambaia<\/p>\n\n\n\n<p>57 \u2013 Policl\u00ednica Gon\u00e7alense de Refer\u00eancia para Doen\u00e7as Cr\u00f4nicas e Transmiss\u00edveis, Parada 40&nbsp;<\/p>\n\n\n\n<p>58 \u2013 USF Z\u00e9 Garoto<\/p>\n\n\n\n<p>59 \u2013 USF Adolfo Lutz, Amendoeira<\/p>\n\n\n\n<p>60 \u2013 USF Elza Borges, Santa Luzia<\/p>\n\n\n\n<p>61 \u2013 USF Apolo III<\/p>\n\n\n\n<p>62 \u2013 USF Irm\u00e3 Dulce, Trindade.<\/p>\n\n\n\n<p><em>Fotos: Fabio Guimar\u00e3es<\/em><\/p>\n","protected":false},"excerpt":{"rendered":"<p>Fotos: Fabio Guimar\u00e3es<\/p>\n","protected":false},"author":5,"featured_media":6759,"comment_status":"open","ping_status":"open","sticky":false,"template":"","format":"standard","meta":{"fifu_image_url":"","fifu_image_alt":"","footnotes":""},"categories":[7],"tags":[],"class_list":["post-6757","post","type-post","status-publish","format-standard","has-post-thumbnail","hentry","category-saude"],"_links":{"self":[{"href":"https:\/\/sgvaimudar.com.br\/index.php\/wp-json\/wp\/v2\/posts\/6757","targetHints":{"allow":["GET"]}}],"collection":[{"href":"https:\/\/sgvaimudar.com.br\/index.php\/wp-json\/wp\/v2\/posts"}],"about":[{"href":"https:\/\/sgvaimudar.com.br\/index.php\/wp-json\/wp\/v2\/types\/post"}],"author":[{"embeddable":true,"href":"https:\/\/sgvaimudar.com.br\/index.php\/wp-json\/wp\/v2\/users\/5"}],"replies":[{"embeddable":true,"href":"https:\/\/sgvaimudar.com.br\/index.php\/wp-json\/wp\/v2\/comments?post=6757"}],"version-history":[{"count":1,"href":"https:\/\/sgvaimudar.com.br\/index.php\/wp-json\/wp\/v2\/posts\/6757\/revisions"}],"predecessor-version":[{"id":6760,"href":"https:\/\/sgvaimudar.com.br\/index.php\/wp-json\/wp\/v2\/posts\/6757\/revisions\/6760"}],"wp:featuredmedia":[{"embeddable":true,"href":"https:\/\/sgvaimudar.com.br\/index.php\/wp-json\/wp\/v2\/media\/6759"}],"wp:attachment":[{"href":"https:\/\/sgvaimudar.com.br\/index.php\/wp-json\/wp\/v2\/media?parent=6757"}],"wp:term":[{"taxonomy":"category","embeddable":true,"href":"https:\/\/sgvaimudar.com.br\/index.php\/wp-json\/wp\/v2\/categories?post=6757"},{"taxonomy":"post_tag","embeddable":true,"href":"https:\/\/sgvaimudar.com.br\/index.php\/wp-json\/wp\/v2\/tags?post=6757"}],"curies":[{"name":"wp","href":"https:\/\/api.w.org\/{rel}","templated":true}]}}