{"id":6747,"date":"2024-05-28T14:00:00","date_gmt":"2024-05-28T17:00:00","guid":{"rendered":"https:\/\/sgvaimudar.com.br\/?p=6747"},"modified":"2024-05-28T10:13:52","modified_gmt":"2024-05-28T13:13:52","slug":"obras-na-ciclorrota-avancam-do-rocha-ao-raul-veiga","status":"publish","type":"post","link":"https:\/\/sgvaimudar.com.br\/index.php\/2024\/05\/28\/obras-na-ciclorrota-avancam-do-rocha-ao-raul-veiga\/","title":{"rendered":"Obras na ciclorrota avan\u00e7am do Rocha ao Raul Veiga"},"content":{"rendered":"\n<p><em>Cal\u00e7adas tamb\u00e9m est\u00e3o sendo revitalizadas<\/em> <em>na Avenida Jornalista Roberto Marinho<\/em><\/p>\n\n\n\n<p>As obras da ciclorrota, que ir\u00e1 formar uma \u00e1rea exclusiva para ciclistas ligando a Pra\u00e7a Get\u00falio Vargas, no Rocha, at\u00e9 a Pra\u00e7a Chico Mendes, no Raul Veiga, seguem avan\u00e7ando. A ciclorrota ter\u00e1 4,4 quil\u00f4metros de extens\u00e3o e aproxidamente 1,60 metros de largura. Ela est\u00e1 sendo feita na Avenida Jornalista Roberto Marinho. As cal\u00e7adas pr\u00f3ximas tamb\u00e9m est\u00e3o sendo revitalizadas.<\/p>\n\n\n\n<figure class=\"wp-block-image size-large\"><img fetchpriority=\"high\" decoding=\"async\" width=\"1024\" height=\"684\" src=\"https:\/\/sgvaimudar.com.br\/wp-content\/uploads\/2024\/05\/unnamed-3-18-1024x684.jpg\" alt=\"\" class=\"wp-image-6748\" srcset=\"https:\/\/sgvaimudar.com.br\/wp-content\/uploads\/2024\/05\/unnamed-3-18-1024x684.jpg 1024w, https:\/\/sgvaimudar.com.br\/wp-content\/uploads\/2024\/05\/unnamed-3-18-300x200.jpg 300w, https:\/\/sgvaimudar.com.br\/wp-content\/uploads\/2024\/05\/unnamed-3-18-768x513.jpg 768w, https:\/\/sgvaimudar.com.br\/wp-content\/uploads\/2024\/05\/unnamed-3-18-1536x1027.jpg 1536w, https:\/\/sgvaimudar.com.br\/wp-content\/uploads\/2024\/05\/unnamed-3-18.jpg 1616w\" sizes=\"(max-width: 1024px) 100vw, 1024px\" \/><\/figure>\n\n\n\n<p>O projeto foi criado pela Secretaria Municipal de Gest\u00e3o Integrada e Projetos Especiais (Semgipe) e est\u00e1 sendo desenvolvido pela Secretaria de Estado das Cidades, do Governo do Estado, em parceria com a Prefeitura de S\u00e3o Gon\u00e7alo.<\/p>\n\n\n\n<p>&#8220;A ciclorrota est\u00e1 sendo feita do lado direito da via no sentido Raul Veiga. Uma parte j\u00e1 foi conclu\u00edda na \u00e1rea em frente \u00e0 Arena S\u00e3o Gon\u00e7alo. Do outro lado da rua, est\u00e3o sendo feitas cal\u00e7adas com o padr\u00e3o de altura de 15 cent\u00edmetros (com exce\u00e7\u00e3o de frentes de loja, onde as cal\u00e7adas ter\u00e3o cinco cent\u00edmetros, e garagens). Antes desse padr\u00e3o, as cal\u00e7adas do local tinham diversas alturas. Rampas de acessibilidade tamb\u00e9m est\u00e3o sendo projetadas nas novas cal\u00e7adas&#8221;, disse a Prefeitura na nota.<\/p>\n\n\n\n<p>O aposentado Eduardo de Assis, de 64 anos, est\u00e1 satisfeito com a obra. &#8220;Acompanho todos os dias e a obra avan\u00e7a de uma forma maravilhosa. O trabalho est\u00e1 sendo bem feito com capricho. S\u00e3o Gon\u00e7alo mudou 100% com a gest\u00e3o do Capit\u00e3o Nelson. Caminho aqui todos os dias e acho \u00f3timo o projeto&#8221;, disse o morador do Mutondo.<\/p>\n\n\n\n<p>Segundo o Executivo, o projeto prev\u00ea a mudan\u00e7a da paisagem local, incentiva o uso de bicicletas e a diminui\u00e7\u00e3o da emiss\u00e3o de gases poluentes, al\u00e9m de reordenar o tr\u00e2nsito. A ciclorrota tem previs\u00e3o de conclus\u00e3o para setembro deste ano.<\/p>\n\n\n\n<p><em>Fotos: Renan Otto<\/em><\/p>\n","protected":false},"excerpt":{"rendered":"<p>Cal\u00e7adas tamb\u00e9m est\u00e3o sendo revitalizadas na Avenida Jornalista Roberto Marinho As obras da ciclorrota, que ir\u00e1 formar uma \u00e1rea exclusiva&hellip;<\/p>\n","protected":false},"author":5,"featured_media":6749,"comment_status":"open","ping_status":"open","sticky":false,"template":"","format":"standard","meta":{"fifu_image_url":"","fifu_image_alt":"","footnotes":""},"categories":[3],"tags":[],"class_list":["post-6747","post","type-post","status-publish","format-standard","has-post-thumbnail","hentry","category-sao-goncalo"],"_links":{"self":[{"href":"https:\/\/sgvaimudar.com.br\/index.php\/wp-json\/wp\/v2\/posts\/6747","targetHints":{"allow":["GET"]}}],"collection":[{"href":"https:\/\/sgvaimudar.com.br\/index.php\/wp-json\/wp\/v2\/posts"}],"about":[{"href":"https:\/\/sgvaimudar.com.br\/index.php\/wp-json\/wp\/v2\/types\/post"}],"author":[{"embeddable":true,"href":"https:\/\/sgvaimudar.com.br\/index.php\/wp-json\/wp\/v2\/users\/5"}],"replies":[{"embeddable":true,"href":"https:\/\/sgvaimudar.com.br\/index.php\/wp-json\/wp\/v2\/comments?post=6747"}],"version-history":[{"count":2,"href":"https:\/\/sgvaimudar.com.br\/index.php\/wp-json\/wp\/v2\/posts\/6747\/revisions"}],"predecessor-version":[{"id":6752,"href":"https:\/\/sgvaimudar.com.br\/index.php\/wp-json\/wp\/v2\/posts\/6747\/revisions\/6752"}],"wp:featuredmedia":[{"embeddable":true,"href":"https:\/\/sgvaimudar.com.br\/index.php\/wp-json\/wp\/v2\/media\/6749"}],"wp:attachment":[{"href":"https:\/\/sgvaimudar.com.br\/index.php\/wp-json\/wp\/v2\/media?parent=6747"}],"wp:term":[{"taxonomy":"category","embeddable":true,"href":"https:\/\/sgvaimudar.com.br\/index.php\/wp-json\/wp\/v2\/categories?post=6747"},{"taxonomy":"post_tag","embeddable":true,"href":"https:\/\/sgvaimudar.com.br\/index.php\/wp-json\/wp\/v2\/tags?post=6747"}],"curies":[{"name":"wp","href":"https:\/\/api.w.org\/{rel}","templated":true}]}}