{"id":6636,"date":"2024-05-26T11:00:00","date_gmt":"2024-05-26T14:00:00","guid":{"rendered":"https:\/\/sgvaimudar.com.br\/?p=6636"},"modified":"2024-05-26T16:20:34","modified_gmt":"2024-05-26T19:20:34","slug":"marcha-para-jesus-arrasta-multidao-no-centro-do-rio","status":"publish","type":"post","link":"https:\/\/sgvaimudar.com.br\/index.php\/2024\/05\/26\/marcha-para-jesus-arrasta-multidao-no-centro-do-rio\/","title":{"rendered":"Marcha Para Jesus arrasta multid\u00e3o no Centro do Rio"},"content":{"rendered":"\n<p><em>P\u00fablico se concentrou por volta das 14h na Avenida Presidente Vargas, altura da Avenida Passos, e seguiu pra a Pra\u00e7a da Apoteose<\/em><\/p>\n\n\n\n<p>A Marcha Para Jesus do Rio de Janeiro, que est\u00e1 em sua 17\u00ba edi\u00e7\u00e3o, arrastou uma multid\u00e3o para o Centro da cidade, na tarde deste s\u00e1bado (25). Por volta das 14h, o p\u00fablico iniciou a concentra\u00e7\u00e3o na Avenida Presidente Vargas, na altura da Avenida Passos. Na sequ\u00eancia, o grupo seguiu para o palco montado na Pra\u00e7a da Apoteose.<\/p>\n\n\n\n<figure class=\"wp-block-video\"><video height=\"1920\" style=\"aspect-ratio: 1080 \/ 1920;\" width=\"1080\" controls src=\"https:\/\/sgvaimudar.com.br\/wp-content\/uploads\/2024\/05\/VEJA-O-QUE-JESUS-FEZ-Se-voce-tambem-e-grato-pelo-que-Ele-fez-na-sua-vida-vem-marchar-e-declarar-que-JESUS-e-o-Senhor-do-Rio-De-Janeiro-e-do-Brasil@marchaparajesusriodejaneiro.mp4\"><\/video><\/figure>\n\n\n\n<p>Ainda no in\u00edcio do evento, caravanas de \u00f4nibus chegavam animadas para curtir a festa, que come\u00e7ou com m\u00fasicas nos estilos Pop e Ax\u00e9. Muitas pessoas carregavam bandeiras de Brasil e Israel, que estavam sendo comercializadas por ambulantes.<\/p>\n\n\n\n<p>Os jovens cantavam&nbsp;louvores e m\u00fasicas gospel,&nbsp;animados por seis trios el\u00e9tricos, que seguiam em dire\u00e7\u00e3o \u00e0 Pra\u00e7a da Apoteose. Ainda no in\u00edcio do evento, caravanas de \u00f4nibus chegavam para participar da marcha, que come\u00e7ou com m\u00fasicas nos estilos pop e ax\u00e9.&nbsp;Com o slogan \u201cA For\u00e7a da Uni\u00e3o\u201d, o evento foi promovido pelo Conselho de Ministros Evang\u00e9licos do Rio de Janeiro (Comerj).&nbsp;<\/p>\n\n\n\n<figure class=\"wp-block-video\"><video height=\"1920\" style=\"aspect-ratio: 1080 \/ 1920;\" width=\"1080\" controls src=\"https:\/\/sgvaimudar.com.br\/wp-content\/uploads\/2024\/05\/ISSO-E-MARCHA-PARA-JESUS-2024-O-povo-de-Deus-nao-decepciona-nunca-e-veio-em-peso-desde-as-14h-marchando-pulando-e-cantando-pra-Jesus-sem-parar-@marchaparajesusriodejaneiro.mp4\"><\/video><\/figure>\n\n\n\n<p>Com o slogan &#8220;A For\u00e7a da Uni\u00e3o&#8221;, o evento \u00e9 promovido pelo Conselho de Ministros Evang\u00e9licos do Rio de Janeiro (Comerj) e contou com seis trios el\u00e9tricos. Diversos artistas se apresentaram durante a festa:\u00a0Thalles Roberto, Eli Soares, Samuel Messias, DiscoPraise, Valesca Mayssa, Lukas Agustinho, Bruna Karla, Gospel Night, Davi Sacer, Stella Laura, Marcus Salles, Arthur Callazans, Adriano Gospel Funk, Kailane Frauches, Sarando a Terra Ferida, Nesk Only, Brunno Ramos e 2metro.<\/p>\n\n\n\n<p>Segundo Alexandre Isquierdo, um dos organizadores do evento, a Marcha para Jesus Rio de Janeiro 2024 \u00e9 um sucesso. &#8220;Marchamos da Avenida Presidente Vargas \u00e0 Pra\u00e7a da Apoteose, onde aconteceu um grande momento de celebra\u00e7\u00e3o, com muito louvor e exalta\u00e7\u00e3o ao senhor&#8221;, comemorou ele.<\/p>\n\n\n\n<p>M\u00e1rcia Barreto, do Minist\u00e9rio Apascentar, de Nova Igua\u00e7u, tamb\u00e9m na Baixada, disse que participa do evento h\u00e1 12 anos. Ela estava acompanhada do filho&nbsp;de 9 anos&nbsp;e da neta, de apenas 11 meses, que ela empurrava no carrinho de beb\u00ea. \u201cCheguei \u00e0&nbsp;Marqu\u00eas de Sapuca\u00ed e vou andando at\u00e9 a Apoteose para assistir aos&nbsp;<em>shows<\/em>.\u201d&nbsp;Pessoas idosas preferiram assistir \u00e0&nbsp;festa sentadas nas arquibancadas dos setores 12 e 13, que estavam lotadas.<\/p>\n\n\n\n<p>V\u00e1rias fam\u00edlias completas participaram do evento. A artes\u00e3 Aline Souza, de 44 anos, da Igreja Nazareno, de Nil\u00f3polis, veio de carro, junto com o marido, a filha de 13 anos e a sogra. Ela chegou por volta das 17h e foi direto para a Pra\u00e7a da Apoteose, onde os cantores se apresentam. Mesmo com c\u00e9u nublado e amea\u00e7a de&nbsp;chuva, Aline disse que iria embora apenas quando o evento terminasse, por volta das 22h. <\/p>\n\n\n\n<p>\u201cEu vim aqui para [ouvir] as m\u00fasicas gospel, o rap e o samba. Eu perdi o&nbsp;<em>show<\/em>&nbsp;do Waguinho, que se apresentou no alto de um trio el\u00e9trico, mas agora n\u00e3o saio daqui t\u00e3o cedo.\u201d<\/p>\n\n\n\n<h2 class=\"wp-block-heading\">Tr\u00e2nsito<\/h2>\n\n\n\n<p>O Centro de Opera\u00e7\u00f5es Rio, por meio&nbsp;da Companhia de Engenharia de Tr\u00e1fego do Rio (CET-Rio), montou um esquema especial de tr\u00e2nsito no centro da cidade. Participam 74 operadores de tr\u00e2nsito, entre agentes da Guarda Municipal, da CET-Rio e apoiadores de tr\u00e1fego.<\/p>\n\n\n\n<p>A concession\u00e1ria Supervia e o Metr\u00f4 Rio seguiram a grade de hor\u00e1rio dos s\u00e1bados. Para retornar para casa, as melhores op\u00e7\u00f5es foram as esta\u00e7\u00f5es da Pra\u00e7a Onze ou da Cidade Nova, do metr\u00f4.\u00a0A esta\u00e7\u00e3o Central do Brasil foi a melhor op\u00e7\u00e3o para quem vai retornar para casa de trem.<\/p>\n\n\n\n<p>A Marcha para Jesus foi realizada&nbsp;pela primeira vez, no Rio de Janeiro, em 1998. No dia 3 de setembro de 2009, foi institu\u00eddo o Dia Nacional da Marcha para Jesus. Em&nbsp;11 de janeiro de 2011, o evento passou a ser inclu\u00eddo no calend\u00e1rio oficial da cidade.<\/p>\n","protected":false},"excerpt":{"rendered":"<p>P\u00fablico se concentrou por volta das 14h na Avenida Presidente Vargas, altura da Avenida Passos, e seguiu pra a Pra\u00e7a&hellip;<\/p>\n","protected":false},"author":5,"featured_media":6639,"comment_status":"open","ping_status":"open","sticky":false,"template":"","format":"standard","meta":{"fifu_image_url":"","fifu_image_alt":"","footnotes":""},"categories":[4],"tags":[],"class_list":["post-6636","post","type-post","status-publish","format-standard","has-post-thumbnail","hentry","category-brasil"],"_links":{"self":[{"href":"https:\/\/sgvaimudar.com.br\/index.php\/wp-json\/wp\/v2\/posts\/6636","targetHints":{"allow":["GET"]}}],"collection":[{"href":"https:\/\/sgvaimudar.com.br\/index.php\/wp-json\/wp\/v2\/posts"}],"about":[{"href":"https:\/\/sgvaimudar.com.br\/index.php\/wp-json\/wp\/v2\/types\/post"}],"author":[{"embeddable":true,"href":"https:\/\/sgvaimudar.com.br\/index.php\/wp-json\/wp\/v2\/users\/5"}],"replies":[{"embeddable":true,"href":"https:\/\/sgvaimudar.com.br\/index.php\/wp-json\/wp\/v2\/comments?post=6636"}],"version-history":[{"count":3,"href":"https:\/\/sgvaimudar.com.br\/index.php\/wp-json\/wp\/v2\/posts\/6636\/revisions"}],"predecessor-version":[{"id":6668,"href":"https:\/\/sgvaimudar.com.br\/index.php\/wp-json\/wp\/v2\/posts\/6636\/revisions\/6668"}],"wp:featuredmedia":[{"embeddable":true,"href":"https:\/\/sgvaimudar.com.br\/index.php\/wp-json\/wp\/v2\/media\/6639"}],"wp:attachment":[{"href":"https:\/\/sgvaimudar.com.br\/index.php\/wp-json\/wp\/v2\/media?parent=6636"}],"wp:term":[{"taxonomy":"category","embeddable":true,"href":"https:\/\/sgvaimudar.com.br\/index.php\/wp-json\/wp\/v2\/categories?post=6636"},{"taxonomy":"post_tag","embeddable":true,"href":"https:\/\/sgvaimudar.com.br\/index.php\/wp-json\/wp\/v2\/tags?post=6636"}],"curies":[{"name":"wp","href":"https:\/\/api.w.org\/{rel}","templated":true}]}}