{"id":6611,"date":"2024-05-25T13:00:00","date_gmt":"2024-05-25T16:00:00","guid":{"rendered":"https:\/\/sgvaimudar.com.br\/?p=6611"},"modified":"2024-05-25T11:04:55","modified_gmt":"2024-05-25T14:04:55","slug":"noventa-bombeiros-militares-do-rio-de-janeiro-sao-condecorados-pela-atuacao-no-rio-grande-do-sul","status":"publish","type":"post","link":"https:\/\/sgvaimudar.com.br\/index.php\/2024\/05\/25\/noventa-bombeiros-militares-do-rio-de-janeiro-sao-condecorados-pela-atuacao-no-rio-grande-do-sul\/","title":{"rendered":"Noventa bombeiros militares do Rio de Janeiro s\u00e3o condecorados pela atua\u00e7\u00e3o no Rio Grande do Sul"},"content":{"rendered":"\n<p><em>Homenagem ocorreu no Quartel Central do Corpo de Bombeiros, no Centro do Rio de Janeiro<\/em><\/p>\n\n\n\n<p>Os 90 militares do Corpo de Bombeiros do Estado do Rio de Janeiro que integraram a miss\u00e3o de apoio ao Rio Grande do Sul receberam, nesta semana a medalha M\u00e9rito da Defesa Civil e a condecora\u00e7\u00e3o M\u00e9rito For\u00e7a e Coragem.<\/p>\n\n\n\n<figure class=\"wp-block-image size-full\"><img fetchpriority=\"high\" decoding=\"async\" width=\"946\" height=\"568\" src=\"https:\/\/sgvaimudar.com.br\/wp-content\/uploads\/2024\/05\/Condecoracoes-Bombeiros-que-voltaram-RS-Fotos-Rafael-Campos-52.jpg\" alt=\"\" class=\"wp-image-6612\" srcset=\"https:\/\/sgvaimudar.com.br\/wp-content\/uploads\/2024\/05\/Condecoracoes-Bombeiros-que-voltaram-RS-Fotos-Rafael-Campos-52.jpg 946w, https:\/\/sgvaimudar.com.br\/wp-content\/uploads\/2024\/05\/Condecoracoes-Bombeiros-que-voltaram-RS-Fotos-Rafael-Campos-52-300x180.jpg 300w, https:\/\/sgvaimudar.com.br\/wp-content\/uploads\/2024\/05\/Condecoracoes-Bombeiros-que-voltaram-RS-Fotos-Rafael-Campos-52-768x461.jpg 768w\" sizes=\"(max-width: 946px) 100vw, 946px\" \/><figcaption class=\"wp-element-caption\">22\/05\/2024 &#8211; Almo\u00e7o com bombeiros que voltaram do Rio Grande do sul, com entrega de condecora\u00e7\u00f5es &#8211; Fotos: Rafael Campos<\/figcaption><\/figure>\n\n\n\n<p>Com a presen\u00e7a da primeira-dama, Analine Castro, a homenagem em gratid\u00e3o aos militares ocorreu no Quartel Central do Corpo de Bombeiros, no Centro do Rio, ap\u00f3s a delega\u00e7\u00e3o retornar depois de 15 dias em campo, resgatando cerca de 200 pessoas e 70 animais afetados por conta das chuvas que atingiram o Sul do pa\u00eds.<\/p>\n\n\n\n<p>&#8220;O Corpo de Bombeiros do Estado do Rio de Janeiro \u00e9 um orgulho para os cidad\u00e3os fluminenses e tamb\u00e9m para o Brasil. Expresso a minha mais sincera gratid\u00e3o \u00e0 dedica\u00e7\u00e3o e ao comprometimento desses militares e civis que se arriscaram e t\u00e3o bem representaram o nosso sentimento de solidariedade nessa trag\u00e9dia sem precedentes no Rio Grande do Sul&#8221;, afirmou o governador do Estado do Rio de Janeiro, Cl\u00e1udio Castro.<\/p>\n\n\n\n<p><strong>Trabalho especializado no Sul<\/strong><\/p>\n\n\n\n<p>O Corpo de Bombeiros atuou por terra, \u00e1gua e ar na busca e no salvamento de v\u00edtimas. A for\u00e7a-tarefa contou com especialistas em desastres, em busca e resgate com c\u00e3es, guarda-vidas, mergulhadores, operadores de embarca\u00e7\u00f5es, pilotos, tripulantes operacionais, profissionais da \u00e1rea de sa\u00fade, al\u00e9m de agentes da Defesa Civil Estadual.<\/p>\n\n\n\n<p>O c\u00e3o farejador Rio tamb\u00e9m integrou a delega\u00e7\u00e3o, indicando v\u00e1rios pontos de interesse e otimizando o trabalho das equipes que atuavam em cen\u00e1rios de deslizamentos de terra na Serra Ga\u00facha.<\/p>\n\n\n\n<p>&#8220;N\u00e3o h\u00e1 dist\u00e2ncia ou obst\u00e1culos que nos impe\u00e7am de agir quando algu\u00e9m precisa de socorro. Na lama, no frio, no vento, na chuva, nas condi\u00e7\u00f5es mais adversas, estaremos sempre l\u00e1. Com for\u00e7a e coragem. Com garra e esperan\u00e7a. Incans\u00e1veis. Impar\u00e1veis. No cumprimento da miss\u00e3o. Para proteger e salvar&#8221;, afirmou o secret\u00e1rio de Estado de Defesa Civil e comandante-geral do CBMERJ, coronel Leandro Monteiro.<\/p>\n\n\n\n<p><strong>Treinamento e tecnologias<\/strong><\/p>\n\n\n\n<p>A opera\u00e7\u00e3o contou com o apoio de duas aeronaves da corpora\u00e7\u00e3o, que auxiliaram nos resgates, no transporte de tropas, de equipamentos e medicamentos. Quinze embarca\u00e7\u00f5es do CBMERJ foram utilizadas no socorro \u00e0s v\u00edtimas em \u00e1reas que apresentavam alagamentos e inunda\u00e7\u00f5es, por conta do rompimento de diques e barragens.<\/p>\n\n\n\n<p>Os recursos do CBMERJ tamb\u00e9m inclu\u00edram 2 caminh\u00f5es, 1 \u00f4nibus e cerca de 200 materiais operacionais de salvamento. Para o tenente Juan Ara\u00fajo, que serviu no munic\u00edpio ga\u00facho de Bento Gon\u00e7alves, relata o quanto a capacita\u00e7\u00e3o t\u00e9cnica promovida pelo Corpo de Bombeiros do Rio foi fundamental para obter sucesso no salvamento da popula\u00e7\u00e3o afetada.<\/p>\n\n\n\n<p>&#8220;Mesmo n\u00e3o conhecendo o territ\u00f3rio do Rio Grande do Sul, a gente conseguiu utilizar todas as ferramentas que trabalhamos em cursos, seja em rela\u00e7\u00e3o \u00e0s t\u00e9cnicas e \u00e0s t\u00e1ticas de desastre. Inclusive selecionamos alguns alunos para que pudessem contribuir e se aprimorar na pr\u00e1tica&#8221;, destacou o tenente .<\/p>\n","protected":false},"excerpt":{"rendered":"<p>Homenagem ocorreu no Quartel Central do Corpo de Bombeiros, no Centro do Rio de Janeiro Os 90 militares do Corpo&hellip;<\/p>\n","protected":false},"author":5,"featured_media":6613,"comment_status":"open","ping_status":"open","sticky":false,"template":"","format":"standard","meta":{"fifu_image_url":"","fifu_image_alt":"","footnotes":""},"categories":[4],"tags":[],"class_list":["post-6611","post","type-post","status-publish","format-standard","has-post-thumbnail","hentry","category-brasil"],"_links":{"self":[{"href":"https:\/\/sgvaimudar.com.br\/index.php\/wp-json\/wp\/v2\/posts\/6611","targetHints":{"allow":["GET"]}}],"collection":[{"href":"https:\/\/sgvaimudar.com.br\/index.php\/wp-json\/wp\/v2\/posts"}],"about":[{"href":"https:\/\/sgvaimudar.com.br\/index.php\/wp-json\/wp\/v2\/types\/post"}],"author":[{"embeddable":true,"href":"https:\/\/sgvaimudar.com.br\/index.php\/wp-json\/wp\/v2\/users\/5"}],"replies":[{"embeddable":true,"href":"https:\/\/sgvaimudar.com.br\/index.php\/wp-json\/wp\/v2\/comments?post=6611"}],"version-history":[{"count":1,"href":"https:\/\/sgvaimudar.com.br\/index.php\/wp-json\/wp\/v2\/posts\/6611\/revisions"}],"predecessor-version":[{"id":6614,"href":"https:\/\/sgvaimudar.com.br\/index.php\/wp-json\/wp\/v2\/posts\/6611\/revisions\/6614"}],"wp:featuredmedia":[{"embeddable":true,"href":"https:\/\/sgvaimudar.com.br\/index.php\/wp-json\/wp\/v2\/media\/6613"}],"wp:attachment":[{"href":"https:\/\/sgvaimudar.com.br\/index.php\/wp-json\/wp\/v2\/media?parent=6611"}],"wp:term":[{"taxonomy":"category","embeddable":true,"href":"https:\/\/sgvaimudar.com.br\/index.php\/wp-json\/wp\/v2\/categories?post=6611"},{"taxonomy":"post_tag","embeddable":true,"href":"https:\/\/sgvaimudar.com.br\/index.php\/wp-json\/wp\/v2\/tags?post=6611"}],"curies":[{"name":"wp","href":"https:\/\/api.w.org\/{rel}","templated":true}]}}