{"id":6589,"date":"2024-05-25T14:00:00","date_gmt":"2024-05-25T17:00:00","guid":{"rendered":"https:\/\/sgvaimudar.com.br\/?p=6589"},"modified":"2024-05-25T10:03:57","modified_gmt":"2024-05-25T13:03:57","slug":"assistencia-social-entrega-dois-equipamentos-reformados","status":"publish","type":"post","link":"https:\/\/sgvaimudar.com.br\/index.php\/2024\/05\/25\/assistencia-social-entrega-dois-equipamentos-reformados\/","title":{"rendered":"Assist\u00eancia Social entrega dois equipamentos reformados"},"content":{"rendered":"\n<p><em>Novos Cras e Creas do Arsenal j\u00e1 realizam atendimentos<\/em><\/p>\n\n\n\n<p>A Secretaria de Assist\u00eancia Social da Prefeitura de S\u00e3o Gon\u00e7alo entregou dois importantes equipamentos reformados e poder\u00e3o ter os atendimentos triplicados com as novas instala\u00e7\u00f5es. A popula\u00e7\u00e3o do bairro Arsenal ganhou, na \u00faltima quinta-feira (23), novas unidades do Centro de Refer\u00eancia de Assist\u00eancia Social (Cras) e do Centro de Refer\u00eancia Especializado de Assist\u00eancia Social (Creas).\u00a0<\/p>\n\n\n\n<figure class=\"wp-block-image size-full\"><img fetchpriority=\"high\" decoding=\"async\" width=\"1024\" height=\"683\" src=\"https:\/\/sgvaimudar.com.br\/wp-content\/uploads\/2024\/05\/unnamed-39.jpg\" alt=\"\" class=\"wp-image-6590\" srcset=\"https:\/\/sgvaimudar.com.br\/wp-content\/uploads\/2024\/05\/unnamed-39.jpg 1024w, https:\/\/sgvaimudar.com.br\/wp-content\/uploads\/2024\/05\/unnamed-39-300x200.jpg 300w, https:\/\/sgvaimudar.com.br\/wp-content\/uploads\/2024\/05\/unnamed-39-768x512.jpg 768w\" sizes=\"(max-width: 1024px) 100vw, 1024px\" \/><\/figure>\n\n\n\n<p>\u201cAs reformas desses dois equipamentos reafirmam nosso comprometimento com o servi\u00e7o de assist\u00eancia social desenvolvido no munic\u00edpio de S\u00e3o Gon\u00e7alo. Queremos proporcionar um local adequado e acolhedor a todos que precisam de ajuda&#8221;, afirmou o secret\u00e1rio de Assist\u00eancia Social, Felippe Mattos.\u00a0 <\/p>\n\n\n\n<p>Ele disse que esse \u00e9 um compromisso da gest\u00e3o do prefeito Capit\u00e3o Nelson. &#8220;Pedimos o empenho de todas as equipes do Cras e Creas para que atendam da melhor forma poss\u00edvel a popula\u00e7\u00e3o que procura os equipamentos e necessita de aux\u00edlio\u201d, afirmou o secret\u00e1rio.\u00a0<\/p>\n\n\n\n<p>No Cras Arsenal, a popula\u00e7\u00e3o do bairro e de localidades vizinhas podem ser atendidas para diversos servi\u00e7os assistenciais, como atualiza\u00e7\u00e3o do Cadastro \u00danico, orienta\u00e7\u00f5es sobre programas sociais e benef\u00edcios como Bolsa Fam\u00edlia, encaminhamentos e orienta\u00e7\u00f5es para outras secretarias da Prefeitura, como Habita\u00e7\u00e3o, Educa\u00e7\u00e3o e Sa\u00fade, al\u00e9m do pedido de&nbsp;documenta\u00e7\u00e3o e certid\u00f5es de identifica\u00e7\u00e3o.<\/p>\n\n\n\n<p>\u201cCom a unidade reformada, vamos poder triplicar o n\u00famero de atendimentos no Cras. Se antes realiz\u00e1vamos cerca de 250 atendimentos por semana, agora a nossa expectativa \u00e9 que consigamos realizar mais 750 orienta\u00e7\u00f5es. Ou seja, com a reforma vamos conseguir atender ainda mais gon\u00e7alenses e com mais dignidade\u201d, afirmou Aline Xavier, coordenadora do Cras Arsenal.&nbsp;<\/p>\n\n\n\n<p>Ana Silva, moradora do Arsenal, foi logo pela manh\u00e3 desta sexta-feira (24), na unidade do Cras para solicitar uma atualiza\u00e7\u00e3o em seu Cadastro \u00danico. &#8220;Gostei muito do novo Cras, est\u00e1 bem mais organizado e bonito. O atendimento no Cras \u00e9 muito importante porque conseguimos diversas orienta\u00e7\u00f5es de servi\u00e7os que precisamos\u201d, disse a moradora.&nbsp;<\/p>\n\n\n\n<p>Al\u00e9m das orienta\u00e7\u00f5es, no Cras do Arsenal s\u00e3o oferecidas oficinas de artesanato e aulas de tai chi chuan e funcional. Informa\u00e7\u00f5es sobre inscri\u00e7\u00f5es podem ser conferidas na unidade.&nbsp;<\/p>\n\n\n\n<p>Bem ao lado do Cras Arsenal fica o Creas, que \u00e9 um equipamento que oferta servi\u00e7os especializados e continuados a fam\u00edlias e indiv\u00edduos em situa\u00e7\u00e3o de amea\u00e7a ou viola\u00e7\u00e3o de direitos, seja viol\u00eancia f\u00edsica, psicol\u00f3gica, entre outras.&nbsp;<\/p>\n\n\n\n<p>\u201cRealizamos atendimentos por demandas espont\u00e2neas, encaminhamentos do Minist\u00e9rio P\u00fablico, do Disque 100 e da rede municipal, seja da Educa\u00e7\u00e3o, Sa\u00fade e alguns equipamentos da pr\u00f3pria Assist\u00eancia Social. Atuamos com uma equipe multiprofissional que inclui assistentes sociais, pedagogos, educadores sociais e psic\u00f3logos. Trabalho no Creas desde 2021 e poder ver essa unidade reformada me enche de alegria pois sei que poderemos ajudar ainda mais pessoas com excel\u00eancia\u201d, disse a coordenadora do Creas, Sabrinna Caldas.&nbsp;<\/p>\n\n\n\n<p>Al\u00e9m dos Cras e Creas do Arsenal, a Secretaria de Assist\u00eancia Social da Prefeitura de S\u00e3o Gon\u00e7alo j\u00e1 entregou \u00e0 popula\u00e7\u00e3o as reformas dos Cras de Venda da Cruz, Guaxindiba e Santa Luzia, al\u00e9m do Ceom Zuzu Angel, em Neves; o Centro de Acolhimento Social Gon\u00e7alense e o Centro Dia PCD, em Vista Alegre; e o Centro de Refer\u00eancia Especializado de atendimento \u00e0 Pessoa Idosa, no Jardim Catarina.<\/p>\n\n\n\n<p>As obras de adequa\u00e7\u00e3o e manuten\u00e7\u00e3o dos equipamentos fazem parte do eixo \u201cCidade Justa e Inclusiva\u201d, meta 27, do Plano Estrat\u00e9gico Novos Rumos \u2013 desenvolvido pela Secretaria de Gest\u00e3o Integrada e Projetos Especiais -, que visa ampliar e reformar os equipamentos pr\u00f3prios da Secretaria de Assist\u00eancia Social, com o objetivo de aumentar e dar mais efici\u00eancia ao atendimento da popula\u00e7\u00e3o em situa\u00e7\u00e3o de vulnerabilidade social.<\/p>\n\n\n\n<p>As unidades do Cras e Creas ficam na Rodovia Amaral Peixoto, n\u00famero 999. O funcionamento \u00e9 de segunda a sexta, das 8h \u00e0s 16h.&nbsp;<\/p>\n\n\n\n<p><em>Fotos: Julio Diniz<\/em><\/p>\n","protected":false},"excerpt":{"rendered":"<p>Novos Cras e Creas do Arsenal j\u00e1 realizam atendimentos A Secretaria de Assist\u00eancia Social da Prefeitura de S\u00e3o Gon\u00e7alo entregou&hellip;<\/p>\n","protected":false},"author":5,"featured_media":6591,"comment_status":"open","ping_status":"open","sticky":false,"template":"","format":"standard","meta":{"fifu_image_url":"","fifu_image_alt":"","footnotes":""},"categories":[3],"tags":[],"class_list":["post-6589","post","type-post","status-publish","format-standard","has-post-thumbnail","hentry","category-sao-goncalo"],"_links":{"self":[{"href":"https:\/\/sgvaimudar.com.br\/index.php\/wp-json\/wp\/v2\/posts\/6589","targetHints":{"allow":["GET"]}}],"collection":[{"href":"https:\/\/sgvaimudar.com.br\/index.php\/wp-json\/wp\/v2\/posts"}],"about":[{"href":"https:\/\/sgvaimudar.com.br\/index.php\/wp-json\/wp\/v2\/types\/post"}],"author":[{"embeddable":true,"href":"https:\/\/sgvaimudar.com.br\/index.php\/wp-json\/wp\/v2\/users\/5"}],"replies":[{"embeddable":true,"href":"https:\/\/sgvaimudar.com.br\/index.php\/wp-json\/wp\/v2\/comments?post=6589"}],"version-history":[{"count":1,"href":"https:\/\/sgvaimudar.com.br\/index.php\/wp-json\/wp\/v2\/posts\/6589\/revisions"}],"predecessor-version":[{"id":6592,"href":"https:\/\/sgvaimudar.com.br\/index.php\/wp-json\/wp\/v2\/posts\/6589\/revisions\/6592"}],"wp:featuredmedia":[{"embeddable":true,"href":"https:\/\/sgvaimudar.com.br\/index.php\/wp-json\/wp\/v2\/media\/6591"}],"wp:attachment":[{"href":"https:\/\/sgvaimudar.com.br\/index.php\/wp-json\/wp\/v2\/media?parent=6589"}],"wp:term":[{"taxonomy":"category","embeddable":true,"href":"https:\/\/sgvaimudar.com.br\/index.php\/wp-json\/wp\/v2\/categories?post=6589"},{"taxonomy":"post_tag","embeddable":true,"href":"https:\/\/sgvaimudar.com.br\/index.php\/wp-json\/wp\/v2\/tags?post=6589"}],"curies":[{"name":"wp","href":"https:\/\/api.w.org\/{rel}","templated":true}]}}