{"id":6586,"date":"2024-05-25T12:00:00","date_gmt":"2024-05-25T15:00:00","guid":{"rendered":"https:\/\/sgvaimudar.com.br\/?p=6586"},"modified":"2024-05-25T09:48:01","modified_gmt":"2024-05-25T12:48:01","slug":"prefeitura-divulga-resultado-final-do-concurso-da-educacao","status":"publish","type":"post","link":"https:\/\/sgvaimudar.com.br\/index.php\/2024\/05\/25\/prefeitura-divulga-resultado-final-do-concurso-da-educacao\/","title":{"rendered":"Prefeitura divulga resultado final do concurso da Educa\u00e7\u00e3o\u00a0\u00a0"},"content":{"rendered":"\n<p><em>Processo seletivo para cargos de ensino superior foi homologado<\/em><\/p>\n\n\n\n<p>O resultado final e a homologa\u00e7\u00e3o do concurso p\u00fablico para profissionais da Educa\u00e7\u00e3o de S\u00e3o Gon\u00e7alo para cargos de ensino superior foram divulgados no Di\u00e1rio Oficial do munic\u00edpio e no site\u00a0<a rel=\"noreferrer noopener\" href=\"https:\/\/click.cse360.com.br\/Click\/AddCampaignEmailClick\/37d56dab-3a6a-41c0-f0bf-08dc75d40d6e\/http%253a%252f%252fwww.selecon.org.br%252f\/ac66966e-2b55-4484-fb2c-08dc491eed5f\/jornalistaws@gmail.com\/False\" target=\"_blank\">www.selecon.org.br<\/a>. As convoca\u00e7\u00f5es come\u00e7ar\u00e3o a ser publicadas ainda neste m\u00eas. S\u00e3o 699 vagas imediatas, al\u00e9m do cadastro de reserva, sendo reservado o percentual de 5% para candidatos PcD (Pessoa com Defici\u00eancia).\u00a0<\/p>\n\n\n\n<p>As convoca\u00e7\u00f5es ser\u00e3o publicadas no Di\u00e1rio Oficial do munic\u00edpio, contendo o prazo para apresenta\u00e7\u00e3o do candidato convocado, sendo imprescind\u00edvel a apresenta\u00e7\u00e3o de exames e documentos descritos no edital. A partir da data de homologa\u00e7\u00e3o do resultado final, o concurso tem validade de dois anos, podendo ser prorrogado por igual per\u00edodo, a crit\u00e9rio do munic\u00edpio.<\/p>\n\n\n\n<p><strong>Documentos necess\u00e1rios para a posse (originais e c\u00f3pias):<\/strong><\/p>\n\n\n\n<p>&#8211; Atestado de Sa\u00fade expedido pela Inspe\u00e7\u00e3o M\u00e9dica;<\/p>\n\n\n\n<p>&#8211; RG;<\/p>\n\n\n\n<p>&#8211; CPF;<\/p>\n\n\n\n<p>&#8211; PIS\/PASEP, exceto para o primeiro emprego;<\/p>\n\n\n\n<p>-Titulo de eleitor;<\/p>\n\n\n\n<p>-Certid\u00e3o de Quita\u00e7\u00e3o e crime Eleitoral expedida pela Justi\u00e7a Eleitoral;<\/p>\n\n\n\n<p>&#8211; Certid\u00e3o de Casamento ou Senten\u00e7a Declarat\u00f3ria de Uni\u00e3o Est\u00e1vel ou Escritura p\u00fablica de Uni\u00e3o Est\u00e1vel;<\/p>\n\n\n\n<p>&#8211; Certid\u00e3o de Nascimento dos dependentes;<\/p>\n\n\n\n<p>&#8211; Documento e quita\u00e7\u00e3o com o servi\u00e7o militar ou certificado de desobriga\u00e7\u00e3o militar expedido pelo ex\u00e9rcito para homens com mais de 45 anos;<\/p>\n\n\n\n<p>&#8211; Comprovante de endere\u00e7o atual;<\/p>\n\n\n\n<p>&#8211; Certid\u00e3o Criminal Federal dos lugares onde tenha residido nos \u00faltimos 05 (cinco) anos. A certid\u00e3o deve alcan\u00e7ar as inst\u00e2ncias de 1.\u00b0 e 2.9 graus;<\/p>\n\n\n\n<p>&#8211; Certid\u00e3o Criminal da Justi\u00e7a Estadual dos lugares onde tenha residido nos \u00faltimos 05 (cinco) anos. A certid\u00e3o deve alcan\u00e7ar as inst\u00e2ncias de 1.9 e 2.9 graus;<\/p>\n\n\n\n<p>&#8211;&nbsp;Diploma na \u00e1rea de atua\u00e7\u00e3o exigida no Edital, reconhecido pelo Minist\u00e9rio da Educa\u00e7\u00e3o (MEC);<\/p>\n\n\n\n<p>&#8211; Declara\u00e7\u00e3o de n\u00e3o ocupar ou receber proventos de aposentadoria de cargo, emprego ou fun\u00e7\u00e3o p\u00fablica, ressalvados os cargos acumul\u00e1veis previstos na CF\/88;<\/p>\n\n\n\n<p>&#8211; Declara\u00e7\u00e3o de que n\u00e3o foidemitido por justa causa ou em decorr\u00eancia de processo administrativo ou criminal;<\/p>\n\n\n\n<p>&#8211; Declara\u00e7\u00e3o de bens e valores que constituem seu patrim\u00f4nio e dos dependentes (IRRF):<\/p>\n\n\n\n<p>&#8211; Certid\u00f5es Negativas de penalidades do Estado do Rio de Janeiro e do Munic\u00edpio de S\u00e3o Gon\u00e7alo RJ;<\/p>\n\n\n\n<p>&#8211; Uma foto recente 3&#215;4.<\/p>\n\n\n\n<p><em>Fotos: Julio Diniz<\/em><\/p>\n","protected":false},"excerpt":{"rendered":"<p>Processo seletivo para cargos de ensino superior foi homologado O resultado final e a homologa\u00e7\u00e3o do concurso p\u00fablico para profissionais&hellip;<\/p>\n","protected":false},"author":5,"featured_media":6587,"comment_status":"open","ping_status":"open","sticky":false,"template":"","format":"standard","meta":{"fifu_image_url":"","fifu_image_alt":"","footnotes":""},"categories":[3],"tags":[],"class_list":["post-6586","post","type-post","status-publish","format-standard","has-post-thumbnail","hentry","category-sao-goncalo"],"_links":{"self":[{"href":"https:\/\/sgvaimudar.com.br\/index.php\/wp-json\/wp\/v2\/posts\/6586","targetHints":{"allow":["GET"]}}],"collection":[{"href":"https:\/\/sgvaimudar.com.br\/index.php\/wp-json\/wp\/v2\/posts"}],"about":[{"href":"https:\/\/sgvaimudar.com.br\/index.php\/wp-json\/wp\/v2\/types\/post"}],"author":[{"embeddable":true,"href":"https:\/\/sgvaimudar.com.br\/index.php\/wp-json\/wp\/v2\/users\/5"}],"replies":[{"embeddable":true,"href":"https:\/\/sgvaimudar.com.br\/index.php\/wp-json\/wp\/v2\/comments?post=6586"}],"version-history":[{"count":1,"href":"https:\/\/sgvaimudar.com.br\/index.php\/wp-json\/wp\/v2\/posts\/6586\/revisions"}],"predecessor-version":[{"id":6588,"href":"https:\/\/sgvaimudar.com.br\/index.php\/wp-json\/wp\/v2\/posts\/6586\/revisions\/6588"}],"wp:featuredmedia":[{"embeddable":true,"href":"https:\/\/sgvaimudar.com.br\/index.php\/wp-json\/wp\/v2\/media\/6587"}],"wp:attachment":[{"href":"https:\/\/sgvaimudar.com.br\/index.php\/wp-json\/wp\/v2\/media?parent=6586"}],"wp:term":[{"taxonomy":"category","embeddable":true,"href":"https:\/\/sgvaimudar.com.br\/index.php\/wp-json\/wp\/v2\/categories?post=6586"},{"taxonomy":"post_tag","embeddable":true,"href":"https:\/\/sgvaimudar.com.br\/index.php\/wp-json\/wp\/v2\/tags?post=6586"}],"curies":[{"name":"wp","href":"https:\/\/api.w.org\/{rel}","templated":true}]}}