{"id":6535,"date":"2024-05-24T12:00:00","date_gmt":"2024-05-24T15:00:00","guid":{"rendered":"https:\/\/sgvaimudar.com.br\/?p=6535"},"modified":"2024-05-24T09:29:06","modified_gmt":"2024-05-24T12:29:06","slug":"programa-de-nutricao-de-sao-goncalo-e-referencia-no-estado","status":"publish","type":"post","link":"https:\/\/sgvaimudar.com.br\/index.php\/2024\/05\/24\/programa-de-nutricao-de-sao-goncalo-e-referencia-no-estado\/","title":{"rendered":"Programa de nutri\u00e7\u00e3o de S\u00e3o Gon\u00e7alo \u00e9 destaque em Congresso Brasileiro"},"content":{"rendered":"\n<p><em>Linha de cuidado de sobrepeso e obesidade \u00e9 apresentada em congresso<\/em><\/p>\n\n\n\n<p>Nutricionistas da Secretaria de Sa\u00fade e Defesa Civil da Prefeitura de S\u00e3o Gon\u00e7alo participam do XXVIII Congresso Brasileiro de Nutri\u00e7\u00e3o (Conbran 2024) em S\u00e3o Paulo nesta semana, at\u00e9 a pr\u00f3xima sexta-feira (24). Elas apresentam o trabalho que est\u00e1 sendo desenvolvido na cidade e que \u00e9 refer\u00eancia no Estado do Rio de Janeiro: a Linha de Cuidado do Sobrepeso e Obesidade (LCSO).<\/p>\n\n\n\n<figure class=\"wp-block-image size-large\"><img fetchpriority=\"high\" decoding=\"async\" width=\"768\" height=\"1024\" src=\"https:\/\/sgvaimudar.com.br\/wp-content\/uploads\/2024\/05\/unnamed-11-9-768x1024.jpg\" alt=\"\" class=\"wp-image-6536\" srcset=\"https:\/\/sgvaimudar.com.br\/wp-content\/uploads\/2024\/05\/unnamed-11-9-768x1024.jpg 768w, https:\/\/sgvaimudar.com.br\/wp-content\/uploads\/2024\/05\/unnamed-11-9-225x300.jpg 225w, https:\/\/sgvaimudar.com.br\/wp-content\/uploads\/2024\/05\/unnamed-11-9.jpg 960w\" sizes=\"(max-width: 768px) 100vw, 768px\" \/><\/figure>\n\n\n\n<p>A \u00c1rea T\u00e9cnica de Alimenta\u00e7\u00e3o e Nutri\u00e7\u00e3o (Atan) da Secretaria construiu a LCSO com outros gestores da sa\u00fade, da educa\u00e7\u00e3o e da agricultura. No fim de 2020, a linha de cuidados foi aprovada pelo Conselho Municipal de Sa\u00fade. Em 2021, ela come\u00e7ou a ser implantada na rede. No ano passado, a Atan com a Aten\u00e7\u00e3o B\u00e1sica qualificaram mais de 130 profissionais de sa\u00fade das equipes de sa\u00fade da fam\u00edlia e e-Multi.<\/p>\n\n\n\n<p>\u201cHoje, estamos apresentando o desenvolvimento da linha de cuidado do sobrepeso e obesidade montada para S\u00e3o Gon\u00e7alo. J\u00e1 evolu\u00edmos no quesito qualifica\u00e7\u00e3o \u2013 apoiada por materiais do Minist\u00e9rio da Sa\u00fade \u2013 de nutricionistas, educadores f\u00edsicos, m\u00e9dicos, enfermeiros e coordenadores da Aten\u00e7\u00e3o B\u00e1sica, que j\u00e1 atendem nas unidades de sa\u00fade da Fam\u00edlia com esse olhar e direcionamento diferenciados\u201d, explicou a coordenadora da Atan, C\u00e1ssia Soares Santos Sousa.<\/p>\n\n\n\n<p>O objetivo \u00e9 expandir a qualifica\u00e7\u00e3o para outros profissionais de sa\u00fade, incluindo os agentes de sa\u00fade, e toda a rede. Al\u00e9m disso, h\u00e1 o estudo para a implementa\u00e7\u00e3o de consult\u00f3rios especializados para as pessoas com obesidade grave \u2013 adulto e infantil.<\/p>\n\n\n\n<p>\u201cJ\u00e1 avan\u00e7amos com a linha de cuidado. Agora, estamos direcionando a aten\u00e7\u00e3o para a escolha dos locais dos consult\u00f3rios especializados e como eles ir\u00e3o funcionar. Acredito que, at\u00e9 o fim deste ano, eles estar\u00e3o montados\u201d, disse o secret\u00e1rio de Sa\u00fade e Defesa Civil de S\u00e3o Gon\u00e7alo, Dr. Gleison Rocha.<\/p>\n","protected":false},"excerpt":{"rendered":"<p>Linha de cuidado de sobrepeso e obesidade \u00e9 apresentada em congresso Nutricionistas da Secretaria de Sa\u00fade e Defesa Civil da&hellip;<\/p>\n","protected":false},"author":5,"featured_media":6537,"comment_status":"open","ping_status":"open","sticky":false,"template":"","format":"standard","meta":{"fifu_image_url":"","fifu_image_alt":"","footnotes":""},"categories":[4],"tags":[],"class_list":["post-6535","post","type-post","status-publish","format-standard","has-post-thumbnail","hentry","category-brasil"],"_links":{"self":[{"href":"https:\/\/sgvaimudar.com.br\/index.php\/wp-json\/wp\/v2\/posts\/6535","targetHints":{"allow":["GET"]}}],"collection":[{"href":"https:\/\/sgvaimudar.com.br\/index.php\/wp-json\/wp\/v2\/posts"}],"about":[{"href":"https:\/\/sgvaimudar.com.br\/index.php\/wp-json\/wp\/v2\/types\/post"}],"author":[{"embeddable":true,"href":"https:\/\/sgvaimudar.com.br\/index.php\/wp-json\/wp\/v2\/users\/5"}],"replies":[{"embeddable":true,"href":"https:\/\/sgvaimudar.com.br\/index.php\/wp-json\/wp\/v2\/comments?post=6535"}],"version-history":[{"count":2,"href":"https:\/\/sgvaimudar.com.br\/index.php\/wp-json\/wp\/v2\/posts\/6535\/revisions"}],"predecessor-version":[{"id":6539,"href":"https:\/\/sgvaimudar.com.br\/index.php\/wp-json\/wp\/v2\/posts\/6535\/revisions\/6539"}],"wp:featuredmedia":[{"embeddable":true,"href":"https:\/\/sgvaimudar.com.br\/index.php\/wp-json\/wp\/v2\/media\/6537"}],"wp:attachment":[{"href":"https:\/\/sgvaimudar.com.br\/index.php\/wp-json\/wp\/v2\/media?parent=6535"}],"wp:term":[{"taxonomy":"category","embeddable":true,"href":"https:\/\/sgvaimudar.com.br\/index.php\/wp-json\/wp\/v2\/categories?post=6535"},{"taxonomy":"post_tag","embeddable":true,"href":"https:\/\/sgvaimudar.com.br\/index.php\/wp-json\/wp\/v2\/tags?post=6535"}],"curies":[{"name":"wp","href":"https:\/\/api.w.org\/{rel}","templated":true}]}}