{"id":6531,"date":"2024-05-24T11:00:00","date_gmt":"2024-05-24T14:00:00","guid":{"rendered":"https:\/\/sgvaimudar.com.br\/?p=6531"},"modified":"2024-05-24T09:19:20","modified_gmt":"2024-05-24T12:19:20","slug":"educacao-goncalense-homenageia-pais-de-alunos","status":"publish","type":"post","link":"https:\/\/sgvaimudar.com.br\/index.php\/2024\/05\/24\/educacao-goncalense-homenageia-pais-de-alunos\/","title":{"rendered":"Educa\u00e7\u00e3o gon\u00e7alense homenageia pais de alunos"},"content":{"rendered":"\n<p><em>Concerto com a Orquestra Municipal abriu semana dedicada a respons\u00e1veis<\/em><\/p>\n\n\n\n<p>Com o objetivo de acolher e valorizar os respons\u00e1veis dos alunos da rede municipal, a Secretaria de Educa\u00e7\u00e3o da Prefeitura de S\u00e3o Gon\u00e7alo, por meio da Subsecretaria de A\u00e7\u00f5es Pedag\u00f3gicas, realizou,  a abertura da semana \u201cCuidar de Quem Cuida\u201d, com um show da Orquestra Municipal de S\u00e3o Gon\u00e7alo, no Teatro Municipal, para as respons\u00e1veis dos alunos das 117 escolas.<\/p>\n\n\n\n<figure class=\"wp-block-image size-full\"><img fetchpriority=\"high\" decoding=\"async\" width=\"1024\" height=\"629\" src=\"https:\/\/sgvaimudar.com.br\/wp-content\/uploads\/2024\/05\/unnamed-10-9.jpg\" alt=\"\" class=\"wp-image-6532\" srcset=\"https:\/\/sgvaimudar.com.br\/wp-content\/uploads\/2024\/05\/unnamed-10-9.jpg 1024w, https:\/\/sgvaimudar.com.br\/wp-content\/uploads\/2024\/05\/unnamed-10-9-300x184.jpg 300w, https:\/\/sgvaimudar.com.br\/wp-content\/uploads\/2024\/05\/unnamed-10-9-768x472.jpg 768w\" sizes=\"(max-width: 1024px) 100vw, 1024px\" \/><\/figure>\n\n\n\n<p>Os 250 lugares foram divididos e cada escola p\u00f4de levar at\u00e9 tr\u00eas respons\u00e1veis, que foram definidos por sorteio. Sob a batuta do maestro Paulo Guarany, a orquestra apresentou sucessos de grandes artistas, como \u201cTriller\u201d, de Michael Jackson e \u201cTreasure\u201d, de Bruno Mars.<\/p>\n\n\n\n<p>\u201cEstou muito emocionada, n\u00e3o sabia que seria um evento desta propor\u00e7\u00e3o. S\u00f3 tenho a agradecer \u00e0 escola por ter me sorteado, eu j\u00e1 conhecia o trabalho da Orquestra e \u00e9 simplesmente maravilhoso. Eu estou amando\u2019, disse Nilcilene de Melo, m\u00e3e da Sophia, de 6 anos, estudante da Escola Municipal Padre Cipriano Douma, na Trindade.<\/p>\n\n\n\n<p>Na abertura, o secret\u00e1rio de Educa\u00e7\u00e3o, Maur\u00edcio Nascimento, falou da import\u00e2ncia de olhar tamb\u00e9m para as respons\u00e1veis dos alunos, j\u00e1 que elas tamb\u00e9m s\u00e3o fundamentais na educa\u00e7\u00e3o.<\/p>\n\n\n\n<p>\u201cGostaria de agradecer a todas as m\u00e3es aqui presentes e parabeniz\u00e1-las. Este \u00e9 um pequeno gesto de acolhimento que preparamos para homenagear voc\u00eas, que n\u00e3o medem esfor\u00e7os na parceria fam\u00edlia-escola. Tamb\u00e9m quero agradecer \u00e0 Orquestra, que prontamente atendeu a nossa solicita\u00e7\u00e3o e preparou um show maravilhoso para voc\u00eas\u201d, disse o secret\u00e1rio.<\/p>\n\n\n\n<p>Ainda na semana \u201cCuidar de Quem Cuida\u201d, o evento aconteceu ainda para m\u00e3es at\u00edpicas e, depois outro evento foi destinado para as m\u00e3es da Educa\u00e7\u00e3o de Jovens e Adultos (EJA), no audit\u00f3rio da Secretaria Municipal de Educa\u00e7\u00e3o.<\/p>\n\n\n\n<p><em>Fotos: Luiz Carvalho<\/em><\/p>\n","protected":false},"excerpt":{"rendered":"<p>Concerto com a Orquestra Municipal abriu semana dedicada a respons\u00e1veis Com o objetivo de acolher e valorizar os respons\u00e1veis dos&hellip;<\/p>\n","protected":false},"author":5,"featured_media":6533,"comment_status":"open","ping_status":"open","sticky":false,"template":"","format":"standard","meta":{"fifu_image_url":"","fifu_image_alt":"","footnotes":""},"categories":[6],"tags":[],"class_list":["post-6531","post","type-post","status-publish","format-standard","has-post-thumbnail","hentry","category-entretenimento"],"_links":{"self":[{"href":"https:\/\/sgvaimudar.com.br\/index.php\/wp-json\/wp\/v2\/posts\/6531","targetHints":{"allow":["GET"]}}],"collection":[{"href":"https:\/\/sgvaimudar.com.br\/index.php\/wp-json\/wp\/v2\/posts"}],"about":[{"href":"https:\/\/sgvaimudar.com.br\/index.php\/wp-json\/wp\/v2\/types\/post"}],"author":[{"embeddable":true,"href":"https:\/\/sgvaimudar.com.br\/index.php\/wp-json\/wp\/v2\/users\/5"}],"replies":[{"embeddable":true,"href":"https:\/\/sgvaimudar.com.br\/index.php\/wp-json\/wp\/v2\/comments?post=6531"}],"version-history":[{"count":1,"href":"https:\/\/sgvaimudar.com.br\/index.php\/wp-json\/wp\/v2\/posts\/6531\/revisions"}],"predecessor-version":[{"id":6534,"href":"https:\/\/sgvaimudar.com.br\/index.php\/wp-json\/wp\/v2\/posts\/6531\/revisions\/6534"}],"wp:featuredmedia":[{"embeddable":true,"href":"https:\/\/sgvaimudar.com.br\/index.php\/wp-json\/wp\/v2\/media\/6533"}],"wp:attachment":[{"href":"https:\/\/sgvaimudar.com.br\/index.php\/wp-json\/wp\/v2\/media?parent=6531"}],"wp:term":[{"taxonomy":"category","embeddable":true,"href":"https:\/\/sgvaimudar.com.br\/index.php\/wp-json\/wp\/v2\/categories?post=6531"},{"taxonomy":"post_tag","embeddable":true,"href":"https:\/\/sgvaimudar.com.br\/index.php\/wp-json\/wp\/v2\/tags?post=6531"}],"curies":[{"name":"wp","href":"https:\/\/api.w.org\/{rel}","templated":true}]}}