{"id":6526,"date":"2024-05-24T10:00:00","date_gmt":"2024-05-24T13:00:00","guid":{"rendered":"https:\/\/sgvaimudar.com.br\/?p=6526"},"modified":"2024-05-24T08:58:36","modified_gmt":"2024-05-24T11:58:36","slug":"forca-tarefa-instaurada-por-claudio-castro-ja-retirou-600-toneladas-de-materiais-de-ferros-velhos-ilegais","status":"publish","type":"post","link":"https:\/\/sgvaimudar.com.br\/index.php\/2024\/05\/24\/forca-tarefa-instaurada-por-claudio-castro-ja-retirou-600-toneladas-de-materiais-de-ferros-velhos-ilegais\/","title":{"rendered":"For\u00e7a-Tarefa instaurada por Cl\u00e1udio Castro j\u00e1 retirou 600 toneladas de materiais de ferros-velhos ilegais"},"content":{"rendered":"\n<p><em>Pela primeira vez, o Estado do Rio conta com uma for\u00e7a-tarefa de combate \u00e0 venda ilegal de pe\u00e7as automobil\u00edsticas<\/em><\/p>\n\n\n\n<p>Criada para combater o com\u00e9rcio irregular de pe\u00e7as e carca\u00e7as de ve\u00edculos, a for\u00e7a-tarefa instaurada em agosto de 2023 pelo governador Cl\u00e1udio Castro j\u00e1 retirou 600 toneladas de materiais de ferros-velhos ilegais. Pe\u00e7as armazenadas que apresentam risco ao meio ambiente s\u00e3o encaminhadas \u00e0 reciclagem, caso sejam il\u00edcitas, \u00e0 Pol\u00edcia Civil. Ainda este ano, a atua\u00e7\u00e3o ser\u00e1 refor\u00e7ada com o credenciamento de pe\u00e7as de autom\u00f3veis. A a\u00e7\u00e3o coordenada pelo Detran, tem a participa\u00e7\u00e3o das pol\u00edcias Civil, Militar, Corpo de Bombeiros, do Instituto do Ambiente (Inea) e da Secretaria de Fazenda.<\/p>\n\n\n\n<figure class=\"wp-block-image size-full\"><img fetchpriority=\"high\" decoding=\"async\" width=\"470\" height=\"354\" src=\"https:\/\/sgvaimudar.com.br\/wp-content\/uploads\/2024\/05\/acaoCriarImagem-1-1.jpg\" alt=\"\" class=\"wp-image-6527\" srcset=\"https:\/\/sgvaimudar.com.br\/wp-content\/uploads\/2024\/05\/acaoCriarImagem-1-1.jpg 470w, https:\/\/sgvaimudar.com.br\/wp-content\/uploads\/2024\/05\/acaoCriarImagem-1-1-300x226.jpg 300w\" sizes=\"(max-width: 470px) 100vw, 470px\" \/><\/figure>\n\n\n\n<p>&#8211; O interesse n\u00e3o est\u00e1 em punir os estabelecimentos que comercializam pe\u00e7as usadas de ve\u00edculos, mas regulamentar os com\u00e9rcios, para que funcionem legalmente. Assim coibimos a venda de materiais procedentes de ve\u00edculos roubados. Estamos fechando o cerco contra o crime organizado em todas as esferas, sufocando qualquer meio de enriquecimento de quadrilhas, incluindo a venda desses materiais \u2013 declarou o governador Cl\u00e1udio Castro.<\/p>\n\n\n\n<p>Pela primeira vez, o Estado do Rio conta com uma for\u00e7a-tarefa de combate \u00e0 venda ilegal de pe\u00e7as automobil\u00edsticas. Foram realizadas 13 a\u00e7\u00f5es de fiscaliza\u00e7\u00e3o, resultando na interdi\u00e7\u00e3o de 29 estabelecimentos que n\u00e3o possu\u00edam credenciamento junto ao Detran. At\u00e9 o momento quatro pessoas foram presas pelo crime de recepta\u00e7\u00e3o qualificada.<\/p>\n\n\n\n<p>Segundo o corregedor do Detran-RJ, Daniel Bandeira, o objetivo \u00e9 diminuir o \u00edndice de roubos de ve\u00edculos e tornar a aquisi\u00e7\u00e3o das pe\u00e7as usadas um ramo mais seguro , al\u00e9m de dar mais seguran\u00e7a aos cidad\u00e3os fluminenses.<\/p>\n\n\n\n<p>&#8211; A for\u00e7a-tarefa atua para coibir a venda desse material proveniente de il\u00edcito, sabemos que algumas pessoas morreram e foram feridas nos roubos desses carros. Pensando nisso, desenvolvemos um trabalho de intelig\u00eancia abastecido por outros \u00f3rg\u00e3os de seguran\u00e7a, e j\u00e1 tivemos \u00f3timos resultados, como a apreens\u00e3o de 148 motores de ve\u00edculos caros e importados, em Bangu, que totalizaram mais de R$ 6 milh\u00f5es de preju\u00edzo ao com\u00e9rcio ilegal \u2013 contou Daniel Bandeira.<\/p>\n\n\n\n<p>Em nove meses de atua\u00e7\u00e3o, mais de 110 motores raspados, com caracter\u00edsticas de origem criminosa foram apreendidos, al\u00e9m de 40 que aguardam per\u00edcia. A opera\u00e7\u00e3o tamb\u00e9m recuperou quatro ve\u00edculos de origem criminosa e centenas de pe\u00e7as sem garantias de proced\u00eancia foram destru\u00eddas.<\/p>\n\n\n\n<p><strong>Reciclagem do material apreendido<br><\/strong>Em agosto de 2023, foi publicado o decreto estadual 48642, que criou a for\u00e7a-tarefa. Por meio dele, foi determinado que pe\u00e7as armazenadas que causassem risco ao meio ambiente seriam apreendidas e destinadas a reciclagem. A remo\u00e7\u00e3o e destrui\u00e7\u00e3o do material \u00e9 realizada por empresas de reciclagem que possuem o devido credenciamento junto ao Detran-RJ.<\/p>\n\n\n\n<p>&#8211; Quando a for\u00e7a-tarefa identifica que o armazenamento do material apreendido causa risco ao meio ambiente, por exemplo o caso de \u00f3leo despejado de maneira irregular e ac\u00famulo de \u00e1gua causando a prolifera\u00e7\u00e3o de vetores, a recicladora credenciada \u00e9 acionada para retirar o material do local interditado &#8211; disse o assessor do Departamento de Desmontagem do Detran, F\u00e1bio Alc\u00e2ntara.<\/p>\n\n\n\n<p>Em casos de pe\u00e7as que n\u00e3o causem riscos ao meio ambiente, o material fica apreendido no local at\u00e9 que se aplique a pena de perdimento de bens, e a pe\u00e7a possa ser destru\u00edda. A destrui\u00e7\u00e3o s\u00f3 ocorre caso o propriet\u00e1rio n\u00e3o apresente a proced\u00eancia daquele material e n\u00e3o se credencie no ramo de desmontagem.<\/p>\n\n\n\n<p><strong>Credenciamento de com\u00e9rcios junto ao Detran-RJ<br><\/strong>O Detran realiza o reconhecimento e credenciamento dos estabelecimentos que comercializam pe\u00e7as de autom\u00f3veis. O sistema Desmonte RJ, do Departamento Estadual de Tr\u00e2nsito, conta, atualmente, com 140 empresas do ramo de desmontagem em processo de credenciamento, em um universo de aproximadamente 500 com\u00e9rcios espalhados pelo estado. Atualmente, a plataforma possui 16 estabelecimentos de desmontagem e com\u00e9rcio de pe\u00e7as totalmente cadastrados.<\/p>\n\n\n\n<p>Para se cadastrar, o propriet\u00e1rio do com\u00e9rcio deve acessar o site do Detran, na aba Desmonte, realizar um cadastro e entregar as documenta\u00e7\u00f5es. Uma vistoria \u00e9 feita pela equipe t\u00e9cnica do Departamento de Tr\u00e2nsito para verificar se as instala\u00e7\u00f5es da unidade s\u00e3o adequadas. O recebimento do termo de credenciamento n\u00e3o inibe as fiscaliza\u00e7\u00f5es, as puni\u00e7\u00f5es para os donos de ferros-velhos podem ocorrer na esfera criminal, por recepta\u00e7\u00e3o, ou at\u00e9 mesmo organiza\u00e7\u00e3o criminosa, e na parte administrativa, com a interdi\u00e7\u00e3o do estabelecimento e perdimento do material, al\u00e9m das multas.<\/p>\n\n\n\n<p>Durante o ano, pe\u00e7as de ve\u00edculos tamb\u00e9m precisam ser etiquetadas e credenciadas junto ao Detran. A ferramenta de busca dever\u00e1 reunir o estoque cadastrado e permitir pesquisas por tipo de ve\u00edculo, pelo nome da pe\u00e7a que o cidad\u00e3o procura e tamb\u00e9m pelo modelo de ve\u00edculo.<\/p>\n\n\n\n<p><strong>Aumento do \u00edndice de recupera\u00e7\u00e3o de ve\u00edculos<br><\/strong>Os tr\u00eas primeiros meses de 2024 apresentaram aumento no \u00edndice de recupera\u00e7\u00e3o de ve\u00edculos, na compara\u00e7\u00e3o com o mesmo per\u00edodo do ano passado. De janeiro a mar\u00e7o de 2024 foram 3.921 apreens\u00f5es realizadas pelas pol\u00edcias Civil e Militar, contra 3.632 no primeiro trimestre de 2023. Uma varia\u00e7\u00e3o percentual de 8% entre os acumulados.<\/p>\n","protected":false},"excerpt":{"rendered":"<p>Pela primeira vez, o Estado do Rio conta com uma for\u00e7a-tarefa de combate \u00e0 venda ilegal de pe\u00e7as automobil\u00edsticas Criada&hellip;<\/p>\n","protected":false},"author":5,"featured_media":6528,"comment_status":"open","ping_status":"open","sticky":false,"template":"","format":"standard","meta":{"fifu_image_url":"","fifu_image_alt":"","footnotes":""},"categories":[32],"tags":[],"class_list":["post-6526","post","type-post","status-publish","format-standard","has-post-thumbnail","hentry","category-casos-de-policia"],"_links":{"self":[{"href":"https:\/\/sgvaimudar.com.br\/index.php\/wp-json\/wp\/v2\/posts\/6526","targetHints":{"allow":["GET"]}}],"collection":[{"href":"https:\/\/sgvaimudar.com.br\/index.php\/wp-json\/wp\/v2\/posts"}],"about":[{"href":"https:\/\/sgvaimudar.com.br\/index.php\/wp-json\/wp\/v2\/types\/post"}],"author":[{"embeddable":true,"href":"https:\/\/sgvaimudar.com.br\/index.php\/wp-json\/wp\/v2\/users\/5"}],"replies":[{"embeddable":true,"href":"https:\/\/sgvaimudar.com.br\/index.php\/wp-json\/wp\/v2\/comments?post=6526"}],"version-history":[{"count":1,"href":"https:\/\/sgvaimudar.com.br\/index.php\/wp-json\/wp\/v2\/posts\/6526\/revisions"}],"predecessor-version":[{"id":6529,"href":"https:\/\/sgvaimudar.com.br\/index.php\/wp-json\/wp\/v2\/posts\/6526\/revisions\/6529"}],"wp:featuredmedia":[{"embeddable":true,"href":"https:\/\/sgvaimudar.com.br\/index.php\/wp-json\/wp\/v2\/media\/6528"}],"wp:attachment":[{"href":"https:\/\/sgvaimudar.com.br\/index.php\/wp-json\/wp\/v2\/media?parent=6526"}],"wp:term":[{"taxonomy":"category","embeddable":true,"href":"https:\/\/sgvaimudar.com.br\/index.php\/wp-json\/wp\/v2\/categories?post=6526"},{"taxonomy":"post_tag","embeddable":true,"href":"https:\/\/sgvaimudar.com.br\/index.php\/wp-json\/wp\/v2\/tags?post=6526"}],"curies":[{"name":"wp","href":"https:\/\/api.w.org\/{rel}","templated":true}]}}