{"id":6506,"date":"2024-05-23T20:00:00","date_gmt":"2024-05-23T23:00:00","guid":{"rendered":"https:\/\/sgvaimudar.com.br\/?p=6506"},"modified":"2024-05-23T09:33:17","modified_gmt":"2024-05-23T12:33:17","slug":"6506","status":"publish","type":"post","link":"https:\/\/sgvaimudar.com.br\/index.php\/2024\/05\/23\/6506\/","title":{"rendered":"S\u00e3o Gon\u00e7alo sedia encontro regional sobre Educa\u00e7\u00e3o"},"content":{"rendered":"\n<p><em>Evento da Seeduc reuniu munic\u00edpios da Regi\u00e3o Metropolitana<\/em><\/p>\n\n\n\n<p>Ao buscar mostrar um pouco do trabalho realizado nas escolas da rede municipal, a cidade de S\u00e3o Gon\u00e7alo parou para participou, nesta ter\u00e7a-feira (21), do evento \u201cEncontros Regionais de Mobiliza\u00e7\u00e3o e Partilhas de Saberes e Boas Pr\u00e1ticas\u201d, participando da etapa da Regi\u00e3o Metropolitana do \u201cPr\u00eamio Magda Soares: Transformando Vidas Pela Leitura\u201d, da Secretaria de Estado de Educa\u00e7\u00e3o do Rio de Janeiro (Seeduc), concorrendo com representantes dos munic\u00edpios de Itabora\u00ed, Maric\u00e1 e Tangu\u00e1.<\/p>\n\n\n\n<figure class=\"wp-block-image size-full\"><img fetchpriority=\"high\" decoding=\"async\" width=\"1024\" height=\"683\" src=\"https:\/\/sgvaimudar.com.br\/wp-content\/uploads\/2024\/05\/unnamed-7-11.jpg\" alt=\"\" class=\"wp-image-6507\" srcset=\"https:\/\/sgvaimudar.com.br\/wp-content\/uploads\/2024\/05\/unnamed-7-11.jpg 1024w, https:\/\/sgvaimudar.com.br\/wp-content\/uploads\/2024\/05\/unnamed-7-11-300x200.jpg 300w, https:\/\/sgvaimudar.com.br\/wp-content\/uploads\/2024\/05\/unnamed-7-11-768x512.jpg 768w\" sizes=\"(max-width: 1024px) 100vw, 1024px\" \/><\/figure>\n\n\n\n<p>Para representar S\u00e3o Gon\u00e7alo, a escolhida foi a professora das escolas municipais Alberto Torres e Duque Estrada, Andreza Barros, com o projeto \u201cContos, Cantos e Encantos: Costurando uma Colcha de Retalhos\u201d, que coloca a leitura e a escrita em contato com a individualidade de cada aluno e o respeito \u00e0s diferen\u00e7as. O projeto ficou em segundo lugar dentre os apresentados.<\/p>\n\n\n\n<p>\u201cA turma do segundo ano da Escola Municipal Duque Estrada tinha dificuldades com leitura e escrita e tamb\u00e9m dificuldades de relacionamento, socializar. Uma turma muito diversa, com hist\u00f3rias de vida muito diferentes e uma dificuldade grande de se respeitar. Ent\u00e3o, n\u00f3s iniciamos este projeto, com a ideia de mostrar para os alunos que, assim como uma colcha de retalhos, cada um tem uma hist\u00f3ria e essa hist\u00f3ria precisa ser respeitada\u201d, disse a professora.<\/p>\n\n\n\n<p>Presente no evento, o secret\u00e1rio de Educa\u00e7\u00e3o de S\u00e3o Gon\u00e7alo, Maur\u00edcio Nascimento, falou da import\u00e2ncia da integra\u00e7\u00e3o dos munic\u00edpios com o Estado, visando a melhora da qualidade do ensino.<\/p>\n\n\n\n<p>\u201cGostaria de agradecer \u00e0s representantes da Seeduc por terem escolhido S\u00e3o Gon\u00e7alo para sediar este encontro, que tanto vai acrescentar para as nossas pr\u00e1ticas pedag\u00f3gicas. A parceria da Educa\u00e7\u00e3o do munic\u00edpio com o Estado \u00e9 primordial para que a gente possa caminhar buscando sempre o di\u00e1logo e a melhora do servi\u00e7o para a popula\u00e7\u00e3o\u201d, afirmou o secret\u00e1rio.<\/p>\n\n\n\n<p><em>Fotos: Luiz Carvalho<\/em><\/p>\n","protected":false},"excerpt":{"rendered":"<p>Evento da Seeduc reuniu munic\u00edpios da Regi\u00e3o Metropolitana Ao buscar mostrar um pouco do trabalho realizado nas escolas da rede&hellip;<\/p>\n","protected":false},"author":5,"featured_media":6508,"comment_status":"open","ping_status":"open","sticky":false,"template":"","format":"standard","meta":{"fifu_image_url":"","fifu_image_alt":"","footnotes":""},"categories":[3],"tags":[],"class_list":["post-6506","post","type-post","status-publish","format-standard","has-post-thumbnail","hentry","category-sao-goncalo"],"_links":{"self":[{"href":"https:\/\/sgvaimudar.com.br\/index.php\/wp-json\/wp\/v2\/posts\/6506","targetHints":{"allow":["GET"]}}],"collection":[{"href":"https:\/\/sgvaimudar.com.br\/index.php\/wp-json\/wp\/v2\/posts"}],"about":[{"href":"https:\/\/sgvaimudar.com.br\/index.php\/wp-json\/wp\/v2\/types\/post"}],"author":[{"embeddable":true,"href":"https:\/\/sgvaimudar.com.br\/index.php\/wp-json\/wp\/v2\/users\/5"}],"replies":[{"embeddable":true,"href":"https:\/\/sgvaimudar.com.br\/index.php\/wp-json\/wp\/v2\/comments?post=6506"}],"version-history":[{"count":2,"href":"https:\/\/sgvaimudar.com.br\/index.php\/wp-json\/wp\/v2\/posts\/6506\/revisions"}],"predecessor-version":[{"id":6511,"href":"https:\/\/sgvaimudar.com.br\/index.php\/wp-json\/wp\/v2\/posts\/6506\/revisions\/6511"}],"wp:featuredmedia":[{"embeddable":true,"href":"https:\/\/sgvaimudar.com.br\/index.php\/wp-json\/wp\/v2\/media\/6508"}],"wp:attachment":[{"href":"https:\/\/sgvaimudar.com.br\/index.php\/wp-json\/wp\/v2\/media?parent=6506"}],"wp:term":[{"taxonomy":"category","embeddable":true,"href":"https:\/\/sgvaimudar.com.br\/index.php\/wp-json\/wp\/v2\/categories?post=6506"},{"taxonomy":"post_tag","embeddable":true,"href":"https:\/\/sgvaimudar.com.br\/index.php\/wp-json\/wp\/v2\/tags?post=6506"}],"curies":[{"name":"wp","href":"https:\/\/api.w.org\/{rel}","templated":true}]}}