{"id":6502,"date":"2024-05-23T18:00:00","date_gmt":"2024-05-23T21:00:00","guid":{"rendered":"https:\/\/sgvaimudar.com.br\/?p=6502"},"modified":"2024-05-23T09:26:16","modified_gmt":"2024-05-23T12:26:16","slug":"prefeitura-avanca-nas-obras-do-jardim-alcantara","status":"publish","type":"post","link":"https:\/\/sgvaimudar.com.br\/index.php\/2024\/05\/23\/prefeitura-avanca-nas-obras-do-jardim-alcantara\/","title":{"rendered":"Prefeitura avan\u00e7a nas obras do Jardim Alc\u00e2ntara"},"content":{"rendered":"\n<p><em>Segundo os moradores, as interven\u00e7\u00f5es est\u00e3o transformando a regi\u00e3o<\/em><\/p>\n\n\n\n<p>A paisagem do bairro Jardim Alc\u00e2ntara segue sendo revitalizada pelas Secretarias de Desenvolvimento Urbano e de Conserva\u00e7\u00e3o da Prefeitura de S\u00e3o Gon\u00e7alo. Na Rua Capit\u00e3o Juvenal Figueiredo, uma grande \u00e1rea onde moradores realizavam descarte irregular de detritos est\u00e1 recebendo obras para a melhoria do local. Al\u00e9m disso, um estacionamento com v\u00e1rios m\u00f3dulos est\u00e1 sendo constru\u00eddo na via.<\/p>\n\n\n\n<figure class=\"wp-block-image size-full\"><img fetchpriority=\"high\" decoding=\"async\" width=\"1024\" height=\"684\" src=\"https:\/\/sgvaimudar.com.br\/wp-content\/uploads\/2024\/05\/unnamed-5-11.jpg\" alt=\"\" class=\"wp-image-6504\" srcset=\"https:\/\/sgvaimudar.com.br\/wp-content\/uploads\/2024\/05\/unnamed-5-11.jpg 1024w, https:\/\/sgvaimudar.com.br\/wp-content\/uploads\/2024\/05\/unnamed-5-11-300x200.jpg 300w, https:\/\/sgvaimudar.com.br\/wp-content\/uploads\/2024\/05\/unnamed-5-11-768x513.jpg 768w\" sizes=\"(max-width: 1024px) 100vw, 1024px\" \/><\/figure>\n\n\n\n<p>A \u00e1rea revitalizada passou por drenagem e terraplanagem. Depois, foram replantadas palmeiras que foram retiradas pela Subsecretaria de Parques e Jardins dos espa\u00e7os onde est\u00e3o ocorrendo as obras do Muvi (Mobilidade Urbana Verde Integrada) e da Pra\u00e7a do Coluband\u00ea. Agora, o local vai ser pavimentado.<\/p>\n\n\n\n<p>O projeto ainda inclui urbaniza\u00e7\u00e3o, ilumina\u00e7\u00e3o e c\u00e2meras de monitoramento, que ser\u00e3o instaladas na regi\u00e3o para evitar que a popula\u00e7\u00e3o volte a jogar lixo no local. No in\u00edcio da revitaliza\u00e7\u00e3o do espa\u00e7o, mais de 80 caminh\u00f5es com detritos foram retirados.<\/p>\n\n\n\n<p>Vera L\u00facia Stoffel, de 64 anos, mora no local e est\u00e1 satisfeita com a transforma\u00e7\u00e3o que vem sendo feita no bairro.<\/p>\n\n\n\n<p>&#8220;Est\u00e1 ficando \u00f3timo e vai ficar melhor ainda. Eu moro aqui desde 2001 e tinha mato at\u00e9 no meio da rua. No espa\u00e7o onde jogavam lixo era ch\u00e3o de terra, tinha muito lixo, urubus e mal cheiro. Agora \u00e9 outra realidade. Temos at\u00e9 ilumina\u00e7\u00e3o p\u00fablica na nossa rua. Est\u00e1 ficando \u00f3timo e vai melhorar mais ainda, se Deus quiser&#8221;, afirmou Vera.<\/p>\n\n\n\n<p>&#8220;Al\u00e9m da revitaliza\u00e7\u00e3o, um estacionamento com v\u00e1rios m\u00f3dulos est\u00e1 sendo constru\u00eddo, tamb\u00e9m pelas equipes da Secretaria de Desenvolvimento Urbano, na Rua Capit\u00e3o Juvenal Figueiredo. O primeiro m\u00f3dulo possui 96 vagas de estacionamento; j\u00e1 o segundo m\u00f3dulo tem 30 vagas e est\u00e1 recebendo o paisagismo e uma nova cal\u00e7ada&#8221;, disse a Prefeitura na nota.<\/p>\n\n\n\n<p>Ao todo, 126 novas vagas de estacionamento j\u00e1 foram criadas na regi\u00e3o, que recebe um grande fluxo de ve\u00edculos diariamente. Novos m\u00f3dulos de estacionamento ainda ser\u00e3o constru\u00eddos no local, que abriga um dos principais polos de autope\u00e7as do Estado do Rio de Janeiro.<\/p>\n\n\n\n<p>O projeto do estacionamento prev\u00ea ainda faixas de pedestres, cria\u00e7\u00e3o de rampas de acessibilidade, regulariza\u00e7\u00e3o das cal\u00e7adas e manuten\u00e7\u00e3o da vegeta\u00e7\u00e3o existente. As interven\u00e7\u00f5es est\u00e3o sendo realizadas com o apoio das Secretarias de Desenvolvimento Econ\u00f4mico, Transportes e Gest\u00e3o Integrada e Projeto Especiais.<\/p>\n\n\n\n<p><em>Fotos: Renan Otto<\/em><\/p>\n","protected":false},"excerpt":{"rendered":"<p>Segundo os moradores, as interven\u00e7\u00f5es est\u00e3o transformando a regi\u00e3o A paisagem do bairro Jardim Alc\u00e2ntara segue sendo revitalizada pelas Secretarias&hellip;<\/p>\n","protected":false},"author":5,"featured_media":6503,"comment_status":"open","ping_status":"open","sticky":false,"template":"","format":"standard","meta":{"fifu_image_url":"","fifu_image_alt":"","footnotes":""},"categories":[3],"tags":[],"class_list":["post-6502","post","type-post","status-publish","format-standard","has-post-thumbnail","hentry","category-sao-goncalo"],"_links":{"self":[{"href":"https:\/\/sgvaimudar.com.br\/index.php\/wp-json\/wp\/v2\/posts\/6502","targetHints":{"allow":["GET"]}}],"collection":[{"href":"https:\/\/sgvaimudar.com.br\/index.php\/wp-json\/wp\/v2\/posts"}],"about":[{"href":"https:\/\/sgvaimudar.com.br\/index.php\/wp-json\/wp\/v2\/types\/post"}],"author":[{"embeddable":true,"href":"https:\/\/sgvaimudar.com.br\/index.php\/wp-json\/wp\/v2\/users\/5"}],"replies":[{"embeddable":true,"href":"https:\/\/sgvaimudar.com.br\/index.php\/wp-json\/wp\/v2\/comments?post=6502"}],"version-history":[{"count":1,"href":"https:\/\/sgvaimudar.com.br\/index.php\/wp-json\/wp\/v2\/posts\/6502\/revisions"}],"predecessor-version":[{"id":6505,"href":"https:\/\/sgvaimudar.com.br\/index.php\/wp-json\/wp\/v2\/posts\/6502\/revisions\/6505"}],"wp:featuredmedia":[{"embeddable":true,"href":"https:\/\/sgvaimudar.com.br\/index.php\/wp-json\/wp\/v2\/media\/6503"}],"wp:attachment":[{"href":"https:\/\/sgvaimudar.com.br\/index.php\/wp-json\/wp\/v2\/media?parent=6502"}],"wp:term":[{"taxonomy":"category","embeddable":true,"href":"https:\/\/sgvaimudar.com.br\/index.php\/wp-json\/wp\/v2\/categories?post=6502"},{"taxonomy":"post_tag","embeddable":true,"href":"https:\/\/sgvaimudar.com.br\/index.php\/wp-json\/wp\/v2\/tags?post=6502"}],"curies":[{"name":"wp","href":"https:\/\/api.w.org\/{rel}","templated":true}]}}