{"id":6490,"date":"2024-05-23T12:00:00","date_gmt":"2024-05-23T15:00:00","guid":{"rendered":"https:\/\/sgvaimudar.com.br\/?p=6490"},"modified":"2024-05-23T09:10:38","modified_gmt":"2024-05-23T12:10:38","slug":"mprj-capacita-a-guarda-municipal-goncalense","status":"publish","type":"post","link":"https:\/\/sgvaimudar.com.br\/index.php\/2024\/05\/23\/mprj-capacita-a-guarda-municipal-goncalense\/","title":{"rendered":"MPRJ capacita a Guarda Municipal gon\u00e7alense"},"content":{"rendered":"\n<p><em>O encontro ocorreu no audit\u00f3rio da sede do CRAAI S\u00e3o Gon\u00e7alo<\/em><\/p>\n\n\n\n<p>A coordenadora da Coordenadoria de Media\u00e7\u00e3o, M\u00e9todos Autocompositivos e Sistema Restaurativo do Minist\u00e9rio P\u00fablico do Estado do Rio de Janeiro (CEMEAR\/MPRJ), Roberta Rosa Ribeiro e o Psic\u00f3logo e facilitador da CEMEAR Esley Cardoso, realizaram, no in\u00edcio desta semana (segunda-feira, 20\/05), o primeiro debate de um ciclo de palestras para capacita\u00e7\u00e3o de integrantes da Guarda Municipal de S\u00e3o Gon\u00e7alo. <\/p>\n\n\n\n<figure class=\"wp-block-image size-large\"><img fetchpriority=\"high\" decoding=\"async\" width=\"1024\" height=\"768\" src=\"https:\/\/sgvaimudar.com.br\/wp-content\/uploads\/2024\/05\/WhatsApp-Image-2024-05-21-at-18.48.38-1024x768.jpeg\" alt=\"\" class=\"wp-image-6491\" srcset=\"https:\/\/sgvaimudar.com.br\/wp-content\/uploads\/2024\/05\/WhatsApp-Image-2024-05-21-at-18.48.38-1024x768.jpeg 1024w, https:\/\/sgvaimudar.com.br\/wp-content\/uploads\/2024\/05\/WhatsApp-Image-2024-05-21-at-18.48.38-300x225.jpeg 300w, https:\/\/sgvaimudar.com.br\/wp-content\/uploads\/2024\/05\/WhatsApp-Image-2024-05-21-at-18.48.38-768x576.jpeg 768w, https:\/\/sgvaimudar.com.br\/wp-content\/uploads\/2024\/05\/WhatsApp-Image-2024-05-21-at-18.48.38.jpeg 1280w\" sizes=\"(max-width: 1024px) 100vw, 1024px\" \/><\/figure>\n\n\n\n<p>Cerca de 300 profissionais ser\u00e3o beneficiados com a iniciativa da 1\u00aa Promotoria de Justi\u00e7a de Tutela Coletiva de S\u00e3o Gon\u00e7alo, que surgiu da necessidade de qualificar profissionais deste segmento do sistema p\u00fablico de seguran\u00e7a para a melhoria do atendimento ao cidad\u00e3o.<\/p>\n\n\n\n<p>Nessa atividade, a promotora Roberta Rosa e o psic\u00f3golo Esley Cardoso citaram a atua\u00e7\u00e3o do Minist\u00e9rio P\u00fablico, apresentaram os projetos da CEMEAR\/MPRJ e sensibilizaram os servidores da GM de S\u00e3o Gon\u00e7alo para a import\u00e2ncia da ado\u00e7\u00e3o de outras formas de lidar com os conflitos. <\/p>\n\n\n\n<p>Elas ressaltaram a import\u00e2ncia da condu\u00e7\u00e3o da media\u00e7\u00e3o de conflitos, especialmente para este grupamento, que lida frequentemente com situa\u00e7\u00f5es de viol\u00eancia. Aproveitaram, ainda, para lan\u00e7ar no terreno da GM de S\u00e3o Gon\u00e7alo a semente da restaura\u00e7\u00e3o como via poss\u00edvel para lidar com os diversos conflitos que os guardas minicipais enfrentam em seu cotidiano.<\/p>\n\n\n\n<p>&#8220;Por fim, fica evidente a import\u00e2ncia de espa\u00e7os de escuta e acolhimento para aqueles que est\u00e3o na linha de frente quando o assunto \u00e9 seguran\u00e7a p\u00fablica&#8221;, disse o MP no texto.<\/p>\n","protected":false},"excerpt":{"rendered":"<p>O encontro ocorreu no audit\u00f3rio da sede do CRAAI S\u00e3o Gon\u00e7alo A coordenadora da Coordenadoria de Media\u00e7\u00e3o, M\u00e9todos Autocompositivos e&hellip;<\/p>\n","protected":false},"author":5,"featured_media":6492,"comment_status":"open","ping_status":"open","sticky":false,"template":"","format":"standard","meta":{"fifu_image_url":"","fifu_image_alt":"","footnotes":""},"categories":[32],"tags":[],"class_list":["post-6490","post","type-post","status-publish","format-standard","has-post-thumbnail","hentry","category-casos-de-policia"],"_links":{"self":[{"href":"https:\/\/sgvaimudar.com.br\/index.php\/wp-json\/wp\/v2\/posts\/6490","targetHints":{"allow":["GET"]}}],"collection":[{"href":"https:\/\/sgvaimudar.com.br\/index.php\/wp-json\/wp\/v2\/posts"}],"about":[{"href":"https:\/\/sgvaimudar.com.br\/index.php\/wp-json\/wp\/v2\/types\/post"}],"author":[{"embeddable":true,"href":"https:\/\/sgvaimudar.com.br\/index.php\/wp-json\/wp\/v2\/users\/5"}],"replies":[{"embeddable":true,"href":"https:\/\/sgvaimudar.com.br\/index.php\/wp-json\/wp\/v2\/comments?post=6490"}],"version-history":[{"count":1,"href":"https:\/\/sgvaimudar.com.br\/index.php\/wp-json\/wp\/v2\/posts\/6490\/revisions"}],"predecessor-version":[{"id":6493,"href":"https:\/\/sgvaimudar.com.br\/index.php\/wp-json\/wp\/v2\/posts\/6490\/revisions\/6493"}],"wp:featuredmedia":[{"embeddable":true,"href":"https:\/\/sgvaimudar.com.br\/index.php\/wp-json\/wp\/v2\/media\/6492"}],"wp:attachment":[{"href":"https:\/\/sgvaimudar.com.br\/index.php\/wp-json\/wp\/v2\/media?parent=6490"}],"wp:term":[{"taxonomy":"category","embeddable":true,"href":"https:\/\/sgvaimudar.com.br\/index.php\/wp-json\/wp\/v2\/categories?post=6490"},{"taxonomy":"post_tag","embeddable":true,"href":"https:\/\/sgvaimudar.com.br\/index.php\/wp-json\/wp\/v2\/tags?post=6490"}],"curies":[{"name":"wp","href":"https:\/\/api.w.org\/{rel}","templated":true}]}}