{"id":6465,"date":"2024-05-22T18:00:00","date_gmt":"2024-05-22T21:00:00","guid":{"rendered":"https:\/\/sgvaimudar.com.br\/?p=6465"},"modified":"2024-05-22T09:58:23","modified_gmt":"2024-05-22T12:58:23","slug":"criancas-e-adolescentes-goncalenses-recebem-vacinacao-contra-dengue","status":"publish","type":"post","link":"https:\/\/sgvaimudar.com.br\/index.php\/2024\/05\/22\/criancas-e-adolescentes-goncalenses-recebem-vacinacao-contra-dengue\/","title":{"rendered":"Crian\u00e7as e adolescentes gon\u00e7alenses recebem vacina\u00e7\u00e3o contra dengue"},"content":{"rendered":"\n<p><em>O imunizante \u00e9 aplicado em duas doses com intervalo de tr\u00eas meses entre a primeira e a segunda dose<\/em><\/p>\n\n\n\n<p>Crian\u00e7as e adolescentes de 10 a 14 anos come\u00e7aram a ser vacinados, nesta ter\u00e7a-feira (21), contra a dengue. A Secretaria de Sa\u00fade e Defesa Civil da Prefeitura de S\u00e3o Gon\u00e7alo aplica o imunizante nos cinco polos sanit\u00e1rios da cidade de segunda a sexta, das 8h \u00e0s 17h.<\/p>\n\n\n\n<p>\u00a0\u00a0\u00a0\u00a0\u00a0A trader Aline Oliveira, de 42 anos, n\u00e3o deixou para depois e levou o filho Jo\u00e3o Oliveira, 10, logo no primeiro dia ao Polo Sanit\u00e1rio Washington Luiz, no Z\u00e9 Garoto. \u201c\u00c9 quest\u00e3o de preven\u00e7\u00e3o. A gente tem os cuidados em casa, usa repelente, mas nada se compara \u00e0 prote\u00e7\u00e3o que a vacina traz. Ela d\u00e1 uma prote\u00e7\u00e3o extra, que \u00e9 fundamental. A gente n\u00e3o deixa de vacinar de jeito nenhum. Toda vacina dispon\u00edvel, eu estou aqui aplicando nas crian\u00e7as\u201d, disse Aline.\u00a0\u00a0<\/p>\n\n\n\n<figure class=\"wp-block-image size-full\"><img fetchpriority=\"high\" decoding=\"async\" width=\"1024\" height=\"683\" src=\"https:\/\/sgvaimudar.com.br\/wp-content\/uploads\/2024\/05\/unnamed-1-15.jpg\" alt=\"\" class=\"wp-image-6469\" srcset=\"https:\/\/sgvaimudar.com.br\/wp-content\/uploads\/2024\/05\/unnamed-1-15.jpg 1024w, https:\/\/sgvaimudar.com.br\/wp-content\/uploads\/2024\/05\/unnamed-1-15-300x200.jpg 300w, https:\/\/sgvaimudar.com.br\/wp-content\/uploads\/2024\/05\/unnamed-1-15-768x512.jpg 768w\" sizes=\"(max-width: 1024px) 100vw, 1024px\" \/><\/figure>\n\n\n\n<p>&nbsp;&nbsp;&nbsp;&nbsp;&nbsp;A vacina contra a dengue foi incorporada ao Sistema \u00danico de Sa\u00fade (SUS) pelo Programa Nacional de Imuniza\u00e7\u00f5es (PNI) em fevereiro deste ano. A vacina tem perfil de seguran\u00e7a para utiliza\u00e7\u00e3o no grupo adolescente, tendo sido autorizada pela Ag\u00eancia Nacional de Vigil\u00e2ncia Sanit\u00e1ria (Anvisa), recomendada pelo Minist\u00e9rio da Sa\u00fade e protege contra quatro tipos de v\u00edrus da dengue (Denv-1, Denv-2, Denv-3 e Denv-4).<\/p>\n\n\n\n<p>&nbsp;&nbsp;&nbsp;&nbsp;Alcineia Brand\u00e3o de Almeida, dona de casa, tamb\u00e9m levou a filha Rafaela Brand\u00e3o da Cruz, de 11 anos, para tomar a vacina contra a dengue no Polo Sanit\u00e1rio H\u00e9lio Cruz, em Alc\u00e2ntara. \u201cSabemos da import\u00e2ncia das vacinas para a preven\u00e7\u00e3o das doen\u00e7as. Se est\u00e1 dispon\u00edvel, \u00e9 porque tem que tomar. N\u00e3o deixo nada para depois. J\u00e1 que tem que vacinar, \u00e9 melhor ir logo\u201d, explicou Alcineia.&nbsp;<\/p>\n\n\n\n<p>&nbsp;&nbsp;&nbsp;&nbsp;O imunizante \u00e9 aplicado em duas doses com intervalo de tr\u00eas meses entre a primeira e a segunda dose. A vacina contra a dengue n\u00e3o pode ser aplicada, simultaneamente, com nenhum outro imunizante. E, se o adolescente teve dengue, \u00e9 recomendado aguardar seis meses para o in\u00edcio do esquema vacinal, de acordo com o Programa Nacional de Imuniza\u00e7\u00e3o (PNI).<\/p>\n\n\n\n<p>&nbsp;&nbsp;&nbsp;&nbsp;&nbsp;N\u00e3o podem tomar a vacina contra a dengue quem tem alergia grave a um dos componentes, imunocomprometidos e gestantes. Para tomar a vacina, o gon\u00e7alense deve levar caderneta de vacina\u00e7\u00e3o, cart\u00e3o do SUS e CPF.<\/p>\n\n\n\n<p>Polos Sanit\u00e1rios:<\/p>\n\n\n\n<p>\u25cf Polo Sanit\u00e1rio Washington Luiz Lopes, Z\u00e9 Garoto<\/p>\n\n\n\n<p>\u25cf Polo Sanit\u00e1rio H\u00e9lio Cruz, Alc\u00e2ntara<\/p>\n\n\n\n<p>\u25cf Polo Sanit\u00e1rio Jorge Teixeira de Lima, Jardim Catarina<\/p>\n\n\n\n<p>\u25cf Polo Sanit\u00e1rio Paulo Marques Rangel, Port\u00e3o do Rosa<\/p>\n\n\n\n<p>\u25cf Polo Sanit\u00e1rio Dr\u00b0 Augusto Sena, Rio do Ouro.<\/p>\n\n\n\n<p><em>Fotos: Fabio Guimar\u00e3es<\/em><\/p>\n","protected":false},"excerpt":{"rendered":"<p>O imunizante \u00e9 aplicado em duas doses com intervalo de tr\u00eas meses entre a primeira e a segunda dose Crian\u00e7as&hellip;<\/p>\n","protected":false},"author":5,"featured_media":6468,"comment_status":"open","ping_status":"open","sticky":false,"template":"","format":"standard","meta":{"fifu_image_url":"","fifu_image_alt":"","footnotes":""},"categories":[3,7],"tags":[],"class_list":["post-6465","post","type-post","status-publish","format-standard","has-post-thumbnail","hentry","category-sao-goncalo","category-saude"],"_links":{"self":[{"href":"https:\/\/sgvaimudar.com.br\/index.php\/wp-json\/wp\/v2\/posts\/6465","targetHints":{"allow":["GET"]}}],"collection":[{"href":"https:\/\/sgvaimudar.com.br\/index.php\/wp-json\/wp\/v2\/posts"}],"about":[{"href":"https:\/\/sgvaimudar.com.br\/index.php\/wp-json\/wp\/v2\/types\/post"}],"author":[{"embeddable":true,"href":"https:\/\/sgvaimudar.com.br\/index.php\/wp-json\/wp\/v2\/users\/5"}],"replies":[{"embeddable":true,"href":"https:\/\/sgvaimudar.com.br\/index.php\/wp-json\/wp\/v2\/comments?post=6465"}],"version-history":[{"count":2,"href":"https:\/\/sgvaimudar.com.br\/index.php\/wp-json\/wp\/v2\/posts\/6465\/revisions"}],"predecessor-version":[{"id":6470,"href":"https:\/\/sgvaimudar.com.br\/index.php\/wp-json\/wp\/v2\/posts\/6465\/revisions\/6470"}],"wp:featuredmedia":[{"embeddable":true,"href":"https:\/\/sgvaimudar.com.br\/index.php\/wp-json\/wp\/v2\/media\/6468"}],"wp:attachment":[{"href":"https:\/\/sgvaimudar.com.br\/index.php\/wp-json\/wp\/v2\/media?parent=6465"}],"wp:term":[{"taxonomy":"category","embeddable":true,"href":"https:\/\/sgvaimudar.com.br\/index.php\/wp-json\/wp\/v2\/categories?post=6465"},{"taxonomy":"post_tag","embeddable":true,"href":"https:\/\/sgvaimudar.com.br\/index.php\/wp-json\/wp\/v2\/tags?post=6465"}],"curies":[{"name":"wp","href":"https:\/\/api.w.org\/{rel}","templated":true}]}}