{"id":6405,"date":"2024-05-21T12:00:00","date_gmt":"2024-05-21T15:00:00","guid":{"rendered":"https:\/\/sgvaimudar.com.br\/?p=6405"},"modified":"2024-05-21T09:04:42","modified_gmt":"2024-05-21T12:04:42","slug":"assistencia-social-faz-acao-de-sensibilizacao-no-maio-laranja","status":"publish","type":"post","link":"https:\/\/sgvaimudar.com.br\/index.php\/2024\/05\/21\/assistencia-social-faz-acao-de-sensibilizacao-no-maio-laranja\/","title":{"rendered":"Assist\u00eancia Social faz a\u00e7\u00e3o de sensibiliza\u00e7\u00e3o no Maio Laranja"},"content":{"rendered":"\n<p><em>Mobiliza\u00e7\u00e3o contra a explora\u00e7\u00e3o sexual de crian\u00e7as e adolescentes<\/em><\/p>\n\n\n\n<p>A\u00a0Secretaria de Assist\u00eancia Social da Prefeitura de S\u00e3o Gon\u00e7alo, atrav\u00e9s da Subsecretaria de Inf\u00e2ncia e Adolesc\u00eancia e Programa Crian\u00e7a Feliz, em alus\u00e3o ao Maio Laranja, m\u00eas de combate \u00e0 explora\u00e7\u00e3o sexual de crian\u00e7as e adolescentes, realizou uma uma a\u00e7\u00e3o de sensibiliza\u00e7\u00e3o, na manh\u00e3 desta segunda-feira, em Alc\u00e2ntara.\u00a0<\/p>\n\n\n\n<figure class=\"wp-block-image size-large\"><img fetchpriority=\"high\" decoding=\"async\" width=\"1024\" height=\"768\" src=\"https:\/\/sgvaimudar.com.br\/wp-content\/uploads\/2024\/05\/unnamed-8-9-1024x768.jpg\" alt=\"\" class=\"wp-image-6406\" srcset=\"https:\/\/sgvaimudar.com.br\/wp-content\/uploads\/2024\/05\/unnamed-8-9-1024x768.jpg 1024w, https:\/\/sgvaimudar.com.br\/wp-content\/uploads\/2024\/05\/unnamed-8-9-300x225.jpg 300w, https:\/\/sgvaimudar.com.br\/wp-content\/uploads\/2024\/05\/unnamed-8-9-768x576.jpg 768w, https:\/\/sgvaimudar.com.br\/wp-content\/uploads\/2024\/05\/unnamed-8-9-1536x1152.jpg 1536w, https:\/\/sgvaimudar.com.br\/wp-content\/uploads\/2024\/05\/unnamed-8-9.jpg 1600w\" sizes=\"(max-width: 1024px) 100vw, 1024px\" \/><\/figure>\n\n\n\n<p>O objetivo da a\u00e7\u00e3o foi disseminar informa\u00e7\u00f5es a respeito dos cuidados que devem ser destinados \u00e0s crian\u00e7as e aos adolescentes, principalmente no que se refere \u00e0 preven\u00e7\u00e3o de casos de abuso e explora\u00e7\u00e3o sexual. Segundo dados do Disque 100, em 2023 foram mais de 228 mil den\u00fancias, sendo mais de um milh\u00e3o e 300 mil de viol\u00eancias e outras viola\u00e7\u00f5es dos direitos de crian\u00e7as e adolescentes em todo o pa\u00eds.&nbsp;<\/p>\n\n\n\n<p>\u201cA mobiliza\u00e7\u00e3o realizada com a popula\u00e7\u00e3o da nossa cidade \u00e9 de grande import\u00e2ncia no que se refere ao enfrentamento dos casos de abuso e explora\u00e7\u00e3o sexual praticada contra crian\u00e7as e adolescentes, pois o dever do cuidado, da prote\u00e7\u00e3o e da promo\u00e7\u00e3o de direitos s\u00e3o de responsabilidade conjunta da fam\u00edlia, da sociedade e do poder p\u00fablico&#8221;, disse o coordenador do Programa Primeira Inf\u00e2ncia no SUAS\/Crian\u00e7a Feliz de S\u00e3o Gon\u00e7alo, Matheus Short de Araujo.<\/p>\n\n\n\n<p>Ele disse que o poder p\u00fablico est\u00e1  nas ruas. &#8220;Somos defensores dos direitos humanos de crian\u00e7as e adolescentes, para disseminar informa\u00e7\u00f5es \u00e0s fam\u00edlias, orientar sobre os sinais de viol\u00eancias e divulgar os principais canais para a realiza\u00e7\u00e3o de den\u00fancias\u201d, enfatizou o coordenador.<\/p>\n\n\n\n<p>Durante a atividade, foi realizada a distribui\u00e7\u00e3o de panfletos informativos com canais para realiza\u00e7\u00e3o de den\u00fancias, oficina de pinturinha com as crian\u00e7as que passavam pelo local e din\u00e2micas l\u00fadicas.\u00a0<\/p>\n\n\n\n<p>&#8220;Deram apoio ao longo da a\u00e7\u00e3o, que tamb\u00e9m ressaltou o Dia Nacional do Combate \u00e0 Explora\u00e7\u00e3o Sexual de Crian\u00e7as e Adolescentes, celebrado no \u00faltimo s\u00e1bado (18), o Conselho Municipal dos Direitos da Crian\u00e7a e do Adolescente, o F\u00f3rum Permanente de Defesa dos Direitos da Crian\u00e7a e do Adolescente, e o Sest\/Senat, que puderam contribuir com a campanha de sensibiliza\u00e7\u00e3o&#8221;, destacou a Prefeitura no texto.\u00a0<\/p>\n","protected":false},"excerpt":{"rendered":"<p>Mobiliza\u00e7\u00e3o contra a explora\u00e7\u00e3o sexual de crian\u00e7as e adolescentes A\u00a0Secretaria de Assist\u00eancia Social da Prefeitura de S\u00e3o Gon\u00e7alo, atrav\u00e9s da&hellip;<\/p>\n","protected":false},"author":5,"featured_media":6408,"comment_status":"open","ping_status":"open","sticky":false,"template":"","format":"standard","meta":{"fifu_image_url":"","fifu_image_alt":"","footnotes":""},"categories":[3],"tags":[],"class_list":["post-6405","post","type-post","status-publish","format-standard","has-post-thumbnail","hentry","category-sao-goncalo"],"_links":{"self":[{"href":"https:\/\/sgvaimudar.com.br\/index.php\/wp-json\/wp\/v2\/posts\/6405","targetHints":{"allow":["GET"]}}],"collection":[{"href":"https:\/\/sgvaimudar.com.br\/index.php\/wp-json\/wp\/v2\/posts"}],"about":[{"href":"https:\/\/sgvaimudar.com.br\/index.php\/wp-json\/wp\/v2\/types\/post"}],"author":[{"embeddable":true,"href":"https:\/\/sgvaimudar.com.br\/index.php\/wp-json\/wp\/v2\/users\/5"}],"replies":[{"embeddable":true,"href":"https:\/\/sgvaimudar.com.br\/index.php\/wp-json\/wp\/v2\/comments?post=6405"}],"version-history":[{"count":2,"href":"https:\/\/sgvaimudar.com.br\/index.php\/wp-json\/wp\/v2\/posts\/6405\/revisions"}],"predecessor-version":[{"id":6410,"href":"https:\/\/sgvaimudar.com.br\/index.php\/wp-json\/wp\/v2\/posts\/6405\/revisions\/6410"}],"wp:featuredmedia":[{"embeddable":true,"href":"https:\/\/sgvaimudar.com.br\/index.php\/wp-json\/wp\/v2\/media\/6408"}],"wp:attachment":[{"href":"https:\/\/sgvaimudar.com.br\/index.php\/wp-json\/wp\/v2\/media?parent=6405"}],"wp:term":[{"taxonomy":"category","embeddable":true,"href":"https:\/\/sgvaimudar.com.br\/index.php\/wp-json\/wp\/v2\/categories?post=6405"},{"taxonomy":"post_tag","embeddable":true,"href":"https:\/\/sgvaimudar.com.br\/index.php\/wp-json\/wp\/v2\/tags?post=6405"}],"curies":[{"name":"wp","href":"https:\/\/api.w.org\/{rel}","templated":true}]}}