{"id":6398,"date":"2024-05-21T08:42:12","date_gmt":"2024-05-21T11:42:12","guid":{"rendered":"https:\/\/sgvaimudar.com.br\/?p=6398"},"modified":"2024-05-21T08:42:13","modified_gmt":"2024-05-21T11:42:13","slug":"homem-e-preso-por-latrocinio-em-jardim-miriambi-irmaos-nao-pararam-moto-e-foram-baleados-por-criminoso","status":"publish","type":"post","link":"https:\/\/sgvaimudar.com.br\/index.php\/2024\/05\/21\/homem-e-preso-por-latrocinio-em-jardim-miriambi-irmaos-nao-pararam-moto-e-foram-baleados-por-criminoso\/","title":{"rendered":"Homem \u00e9 preso por latroc\u00ednio em Jardim Miriambi; irm\u00e3os n\u00e3o pararam moto e foram baleados por criminoso"},"content":{"rendered":"\n<p><em>C\u00e2meras de seguran\u00e7a mostram que, segundos antes de atirar, Maicon Douglas e o comparsa Leonardo de Figueiredo Carreiras Filho j\u00e1 tinham feito outros tr\u00eas roubos no mesmo local<\/em><\/p>\n\n\n\n<figure class=\"wp-block-image size-full\"><img fetchpriority=\"high\" decoding=\"async\" width=\"868\" height=\"528\" src=\"https:\/\/sgvaimudar.com.br\/wp-content\/uploads\/2024\/05\/latro.jpg\" alt=\"\" class=\"wp-image-6399\" srcset=\"https:\/\/sgvaimudar.com.br\/wp-content\/uploads\/2024\/05\/latro.jpg 868w, https:\/\/sgvaimudar.com.br\/wp-content\/uploads\/2024\/05\/latro-300x182.jpg 300w, https:\/\/sgvaimudar.com.br\/wp-content\/uploads\/2024\/05\/latro-768x467.jpg 768w\" sizes=\"(max-width: 868px) 100vw, 868px\" \/><\/figure>\n\n\n\n<p>Um homem foi preso no bairro Jardim Miriambi, nesta segunda-feira (20), suspeito de matar um jovem de 23 anos numa tentativa de assalto em Maric\u00e1 em fevereiro desse ano. Maicon Douglas Alves de Oliveira foi levado para a Delegacia de Homic\u00eddios de Niter\u00f3i.<\/p>\n\n\n\n<p>Segundo as investiga\u00e7\u00f5es, ele aparece em imagens gravadas por c\u00e2meras de seguran\u00e7a da regi\u00e3o tentando abordar dois homens em uma moto. Como os ocupantes n\u00e3o param. Ele dispara.<\/p>\n\n\n\n<p>Os dois ocupantes da moto eram irm\u00e3os e foram baleados. Um deles, identificado como Jos\u00e9 Corr\u00eaa das Neves, de 23 anos, n\u00e3o resistiu aos ferimentos e morreu. O crime foi por volta das 23h.<\/p>\n\n\n\n<p>C\u00e2meras de seguran\u00e7a mostram que, segundos antes de atirar, Maicon Douglas e o comparsa Leonardo de Figueiredo Carreiras Filho j\u00e1 tinham feito outros tr\u00eas roubos.<\/p>\n\n\n\n<p>Primeiro, a c\u00e2mera registra a dupla assaltando duas pessoas que est\u00e3o na cal\u00e7ada. Enquanto Maicon Douglas pega os pertences delas, o comparsa corre para abordar um rapaz que estava de mochila, na mesma rua.<\/p>\n\n\n\n<p>Leonardo de Figueiredo, conhecido como &#8220;LD&#8221; foi identificado como sendo o piloto da moto usada no crime. Ele foi preso no m\u00eas passado, num shopping em S\u00e3o Gon\u00e7alo.<\/p>\n\n\n\n<p>De acordo com as investiga\u00e7\u00f5es, ele fazia parte do tr\u00e1fico de drogas do local. Leonardo e Maicon Douglas v\u00e3o responder por latroc\u00ednio, que \u00e9 o roubo seguido de morte.<\/p>\n\n\n\n<p>Imagens de c\u00e2meras de seguran\u00e7a na regi\u00e3o registraram o crime e ajudaram na identifica\u00e7\u00e3o dos bandidos.<\/p>\n","protected":false},"excerpt":{"rendered":"<p>C\u00e2meras de seguran\u00e7a mostram que, segundos antes de atirar, Maicon Douglas e o comparsa Leonardo de Figueiredo Carreiras Filho j\u00e1&hellip;<\/p>\n","protected":false},"author":5,"featured_media":6400,"comment_status":"open","ping_status":"open","sticky":false,"template":"","format":"standard","meta":{"fifu_image_url":"","fifu_image_alt":"","footnotes":""},"categories":[32],"tags":[],"class_list":["post-6398","post","type-post","status-publish","format-standard","has-post-thumbnail","hentry","category-casos-de-policia"],"_links":{"self":[{"href":"https:\/\/sgvaimudar.com.br\/index.php\/wp-json\/wp\/v2\/posts\/6398","targetHints":{"allow":["GET"]}}],"collection":[{"href":"https:\/\/sgvaimudar.com.br\/index.php\/wp-json\/wp\/v2\/posts"}],"about":[{"href":"https:\/\/sgvaimudar.com.br\/index.php\/wp-json\/wp\/v2\/types\/post"}],"author":[{"embeddable":true,"href":"https:\/\/sgvaimudar.com.br\/index.php\/wp-json\/wp\/v2\/users\/5"}],"replies":[{"embeddable":true,"href":"https:\/\/sgvaimudar.com.br\/index.php\/wp-json\/wp\/v2\/comments?post=6398"}],"version-history":[{"count":1,"href":"https:\/\/sgvaimudar.com.br\/index.php\/wp-json\/wp\/v2\/posts\/6398\/revisions"}],"predecessor-version":[{"id":6401,"href":"https:\/\/sgvaimudar.com.br\/index.php\/wp-json\/wp\/v2\/posts\/6398\/revisions\/6401"}],"wp:featuredmedia":[{"embeddable":true,"href":"https:\/\/sgvaimudar.com.br\/index.php\/wp-json\/wp\/v2\/media\/6400"}],"wp:attachment":[{"href":"https:\/\/sgvaimudar.com.br\/index.php\/wp-json\/wp\/v2\/media?parent=6398"}],"wp:term":[{"taxonomy":"category","embeddable":true,"href":"https:\/\/sgvaimudar.com.br\/index.php\/wp-json\/wp\/v2\/categories?post=6398"},{"taxonomy":"post_tag","embeddable":true,"href":"https:\/\/sgvaimudar.com.br\/index.php\/wp-json\/wp\/v2\/tags?post=6398"}],"curies":[{"name":"wp","href":"https:\/\/api.w.org\/{rel}","templated":true}]}}