{"id":6394,"date":"2024-05-21T10:00:00","date_gmt":"2024-05-21T13:00:00","guid":{"rendered":"https:\/\/sgvaimudar.com.br\/?p=6394"},"modified":"2024-05-21T08:57:24","modified_gmt":"2024-05-21T11:57:24","slug":"secretaria-de-transportes-realiza-acao-do-maio-amarelo-para-rodoviarios","status":"publish","type":"post","link":"https:\/\/sgvaimudar.com.br\/index.php\/2024\/05\/21\/secretaria-de-transportes-realiza-acao-do-maio-amarelo-para-rodoviarios\/","title":{"rendered":"Secretaria de Transportes realiza a\u00e7\u00e3o do Maio Amarelo para rodovi\u00e1rios"},"content":{"rendered":"\n<p>O Departamento de Educa\u00e7\u00e3o para o Tr\u00e2nsito da Secretaria de Transportes da Prefeitura de S\u00e3o Gon\u00e7alo segue realizando a\u00e7\u00f5es do movimento Maio Amarelo. Nesta ter\u00e7a-feira (14), os funcion\u00e1rio da via\u00e7\u00e3o Rio Ita, em Ita\u00fana, receberam mais uma edi\u00e7\u00e3o do Projeto Sa\u00fade e Educa\u00e7\u00e3o\/ Preven\u00e7\u00e3o de Acidentes.<\/p>\n\n\n\n<figure class=\"wp-block-image size-full\"><img fetchpriority=\"high\" decoding=\"async\" width=\"1024\" height=\"683\" src=\"https:\/\/sgvaimudar.com.br\/wp-content\/uploads\/2024\/05\/unnamed-6-11.jpg\" alt=\"\" class=\"wp-image-6395\" srcset=\"https:\/\/sgvaimudar.com.br\/wp-content\/uploads\/2024\/05\/unnamed-6-11.jpg 1024w, https:\/\/sgvaimudar.com.br\/wp-content\/uploads\/2024\/05\/unnamed-6-11-300x200.jpg 300w, https:\/\/sgvaimudar.com.br\/wp-content\/uploads\/2024\/05\/unnamed-6-11-768x512.jpg 768w\" sizes=\"(max-width: 1024px) 100vw, 1024px\" \/><\/figure>\n\n\n\n<p>O Maio Amarelo busca conscientizar a popula\u00e7\u00e3o e debater temas que ajudem na redu\u00e7\u00e3o de acidentes de tr\u00e2nsito, com a popula\u00e7\u00e3o adotando um comportamento mais seguro enquanto dirige. A campanha nacional do Maio Amarelo deste ano \u00e9 \u2018Paz no Tr\u00e2nsito Come\u00e7a Por Voc\u00ea\u2019.<\/p>\n\n\n\n<p>No evento, que come\u00e7ou no in\u00edcio da manh\u00e3 e se estendeu at\u00e9 \u00e0s 16h, o Departamento de Educa\u00e7\u00e3o para o Tr\u00e2nsito debateu temas como a Lei Seca e utilizou um simulador de embriaguez para conscientizar as pessoas sobre a combina\u00e7\u00e3o desastrosa entre bebida e a dire\u00e7\u00e3o de ve\u00edculos.<\/p>\n\n\n\n<p>Al\u00e9m disso, profissionais de sa\u00fade tamb\u00e9m atuaram na a\u00e7\u00e3o e realizaram exames de AIDS, hepatite e s\u00edfilis, aferi\u00e7\u00e3o de press\u00e3o, vacina\u00e7\u00e3o contra a gripe, al\u00e9m de debates sobre a sa\u00fade do homem, da mulher (com profissionais do Espa\u00e7o Rosa) e dos idosos, promovendo o autocuidado.<\/p>\n\n\n\n<p>O Sest Senat tamb\u00e9m estava no local divulgando cursos gratuitos para a empresa, como motoristas de \u00f4nibus, condutor de emerg\u00eancia, de produtos perigosos e escolar, e servi\u00e7os, como odontologia e fisioterapia.<\/p>\n\n\n\n<p>O secret\u00e1rio de Transportes, F\u00e1bio Lemos, falou sobre o projeto. &#8220;A\u00e7\u00f5es do tipo promovem a conscientiza\u00e7\u00e3o, o respeito pelas leis de tr\u00e2nsito e a ado\u00e7\u00e3o de comportamentos seguros ao utilizar as vias p\u00fablicas, atitudes que s\u00e3o imprescind\u00edveis para evitar acidentes e mortes&#8221;, destacou.<\/p>\n\n\n\n<p>Neide Quintanilha, de 38 anos, que trabalha na empresa, afirmou que sempre participa do projeto e acredita que cuidar da sa\u00fade nunca \u00e9 demais.<\/p>\n\n\n\n<p>&#8220;Eu trabalho aqui h\u00e1 13 anos e participo da a\u00e7\u00e3o, todos os anos. A gente trabalha e cuida da fam\u00edlia, por isso, com a rotina, \u00e0s vezes fica dif\u00edcil de se cuidar, de ir ao m\u00e9dico, e aqui conseguimos resolver isso, recebemos vacina, por exemplo, e orienta\u00e7\u00f5es sobre a nossa sa\u00fade, para o nosso autocuidado. Eu acho muito importante e sempre fico ansiosa para essas a\u00e7\u00f5es&#8221;, disse ela que tomou vacina de gripe e realizou testes r\u00e1pidos nesta ter\u00e7a-feira (14).<\/p>\n\n\n\n<p>O eletricista Alessandro da Silva Firmino, de 41 anos, trabalha na empresa h\u00e1 17 anos. Ele tamb\u00e9m aprovou a a\u00e7\u00e3o. &#8220;\u00c9 muito legal! Me diverti muito com o simulador de embriaguez, \u00e9 interessante. A informa\u00e7\u00e3o \u00e9 algo sempre muito legal. Hoje, eu verifiquei minha press\u00e3o e fiz exames dos testes r\u00e1pidos&#8221;, afirmou.<\/p>\n\n\n\n<p>Ainda neste m\u00eas, mais tr\u00eas a\u00e7\u00f5es sobre o Maio Amarelo ir\u00e3o ocorrer no munic\u00edpio: uma palestra sobre a import\u00e2ncia do cuidado na pr\u00f3xima quarta-feira (15) na UMEI George Savalla Gomes \u2013 Palha\u00e7o Carequinha, uma outra edi\u00e7\u00e3o do Projeto Sa\u00fade e Educa\u00e7\u00e3o\/ Preven\u00e7\u00e3o de Acidentes na garagem da Via\u00e7\u00e3o Fagundes na pr\u00f3xima quinta-feira (16), e uma campanha educativa em conjunto com a Arteris Fluminense no dia 21 de maio.<\/p>\n","protected":false},"excerpt":{"rendered":"<p>O Departamento de Educa\u00e7\u00e3o para o Tr\u00e2nsito da Secretaria de Transportes da Prefeitura de S\u00e3o Gon\u00e7alo segue realizando a\u00e7\u00f5es do&hellip;<\/p>\n","protected":false},"author":5,"featured_media":6396,"comment_status":"open","ping_status":"open","sticky":false,"template":"","format":"standard","meta":{"fifu_image_url":"","fifu_image_alt":"","footnotes":""},"categories":[3],"tags":[],"class_list":["post-6394","post","type-post","status-publish","format-standard","has-post-thumbnail","hentry","category-sao-goncalo"],"_links":{"self":[{"href":"https:\/\/sgvaimudar.com.br\/index.php\/wp-json\/wp\/v2\/posts\/6394","targetHints":{"allow":["GET"]}}],"collection":[{"href":"https:\/\/sgvaimudar.com.br\/index.php\/wp-json\/wp\/v2\/posts"}],"about":[{"href":"https:\/\/sgvaimudar.com.br\/index.php\/wp-json\/wp\/v2\/types\/post"}],"author":[{"embeddable":true,"href":"https:\/\/sgvaimudar.com.br\/index.php\/wp-json\/wp\/v2\/users\/5"}],"replies":[{"embeddable":true,"href":"https:\/\/sgvaimudar.com.br\/index.php\/wp-json\/wp\/v2\/comments?post=6394"}],"version-history":[{"count":1,"href":"https:\/\/sgvaimudar.com.br\/index.php\/wp-json\/wp\/v2\/posts\/6394\/revisions"}],"predecessor-version":[{"id":6397,"href":"https:\/\/sgvaimudar.com.br\/index.php\/wp-json\/wp\/v2\/posts\/6394\/revisions\/6397"}],"wp:featuredmedia":[{"embeddable":true,"href":"https:\/\/sgvaimudar.com.br\/index.php\/wp-json\/wp\/v2\/media\/6396"}],"wp:attachment":[{"href":"https:\/\/sgvaimudar.com.br\/index.php\/wp-json\/wp\/v2\/media?parent=6394"}],"wp:term":[{"taxonomy":"category","embeddable":true,"href":"https:\/\/sgvaimudar.com.br\/index.php\/wp-json\/wp\/v2\/categories?post=6394"},{"taxonomy":"post_tag","embeddable":true,"href":"https:\/\/sgvaimudar.com.br\/index.php\/wp-json\/wp\/v2\/tags?post=6394"}],"curies":[{"name":"wp","href":"https:\/\/api.w.org\/{rel}","templated":true}]}}