{"id":6389,"date":"2024-05-21T08:15:43","date_gmt":"2024-05-21T11:15:43","guid":{"rendered":"https:\/\/sgvaimudar.com.br\/?p=6389"},"modified":"2024-05-21T08:15:43","modified_gmt":"2024-05-21T11:15:43","slug":"goncalenses-fazem-eleicao-para-o-conselho-de-cultura","status":"publish","type":"post","link":"https:\/\/sgvaimudar.com.br\/index.php\/2024\/05\/21\/goncalenses-fazem-eleicao-para-o-conselho-de-cultura\/","title":{"rendered":"Gon\u00e7alenses fazem elei\u00e7\u00e3o para o Conselho de Cultura"},"content":{"rendered":"\n<p><em>Pleito aconteceu no dia 17; resultado sai esta semana<\/em><\/p>\n\n\n\n<p>O\u00a0resultado da elei\u00e7\u00e3o para o Conselho Municipal de Cultura de S\u00e3o Gon\u00e7alo ser\u00e1 divulgado no Di\u00e1rio Oficial do Munic\u00edpio at\u00e9 o final desta semana.\u00a0O pleito foi realizado ao longo da \u00faltima sexta-feira (17), no hall do Teatro Municipal George Savalla Gomes, no Centro.<\/p>\n\n\n\n<figure class=\"wp-block-image size-full\"><img fetchpriority=\"high\" decoding=\"async\" width=\"1024\" height=\"683\" src=\"https:\/\/sgvaimudar.com.br\/wp-content\/uploads\/2024\/05\/unnamed-5-9.jpg\" alt=\"\" class=\"wp-image-6391\" srcset=\"https:\/\/sgvaimudar.com.br\/wp-content\/uploads\/2024\/05\/unnamed-5-9.jpg 1024w, https:\/\/sgvaimudar.com.br\/wp-content\/uploads\/2024\/05\/unnamed-5-9-300x200.jpg 300w, https:\/\/sgvaimudar.com.br\/wp-content\/uploads\/2024\/05\/unnamed-5-9-768x512.jpg 768w\" sizes=\"(max-width: 1024px) 100vw, 1024px\" \/><\/figure>\n\n\n\n<p>O conselho ser\u00e1 composto por 16 membros titulares e seus respectivos suplentes. Na vota\u00e7\u00e3o, o cidad\u00e3o deve escolher cinco op\u00e7\u00f5es para titulares da classe art\u00edstica e movimentos culturais e duas para entidades da sociedade civil n\u00e3o estritamente culturais. A vota\u00e7\u00e3o \u00e9 acompanhada pela coordena\u00e7\u00e3o da Comiss\u00e3o Eleitoral do Conselho.\u00a0<\/p>\n\n\n\n<figure class=\"wp-block-image size-full\"><img decoding=\"async\" width=\"1024\" height=\"683\" src=\"https:\/\/sgvaimudar.com.br\/wp-content\/uploads\/2024\/05\/unnamed-4-10.jpg\" alt=\"\" class=\"wp-image-6392\" srcset=\"https:\/\/sgvaimudar.com.br\/wp-content\/uploads\/2024\/05\/unnamed-4-10.jpg 1024w, https:\/\/sgvaimudar.com.br\/wp-content\/uploads\/2024\/05\/unnamed-4-10-300x200.jpg 300w, https:\/\/sgvaimudar.com.br\/wp-content\/uploads\/2024\/05\/unnamed-4-10-768x512.jpg 768w\" sizes=\"(max-width: 1024px) 100vw, 1024px\" \/><\/figure>\n\n\n\n<p>Tamb\u00e9m v\u00e3o compor o Conselho um titular da Secretaria Municipal de Turismo e Cultura e seu suplente; um titular da Faelsg e seu suplente; tr\u00eas titulares de outras unidades administrativas municipais e seus suplentes, sendo do Gabinete do Prefeito, Secretaria de Educa\u00e7\u00e3o e Secretaria de Assist\u00eancia Social; um titular da C\u00e2mara de Vereadores do Munic\u00edpio e seu suplente; um titular da Secretaria Municipal de Desenvolvimento Econ\u00f4mico e seu suplente; um titular das universidades p\u00fablicas e seus suplentes; e um titular das faculdades privadas e seus suplentes.<\/p>\n\n\n\n<p>Os eleitos ir\u00e3o compor o Conselho Municipal de Cultura de S\u00e3o Gon\u00e7alo, no per\u00edodo de 2024 e 2025. Os membros do Conselho Municipal de Cultura ter\u00e3o mandato de dois anos. Ao todo, 44 pessoas votaram na elei\u00e7\u00e3o do Conselho.<\/p>\n","protected":false},"excerpt":{"rendered":"<p>Pleito aconteceu no dia 17; resultado sai esta semana O\u00a0resultado da elei\u00e7\u00e3o para o Conselho Municipal de Cultura de S\u00e3o&hellip;<\/p>\n","protected":false},"author":5,"featured_media":6390,"comment_status":"open","ping_status":"open","sticky":false,"template":"","format":"standard","meta":{"fifu_image_url":"","fifu_image_alt":"","footnotes":""},"categories":[3],"tags":[],"class_list":["post-6389","post","type-post","status-publish","format-standard","has-post-thumbnail","hentry","category-sao-goncalo"],"_links":{"self":[{"href":"https:\/\/sgvaimudar.com.br\/index.php\/wp-json\/wp\/v2\/posts\/6389","targetHints":{"allow":["GET"]}}],"collection":[{"href":"https:\/\/sgvaimudar.com.br\/index.php\/wp-json\/wp\/v2\/posts"}],"about":[{"href":"https:\/\/sgvaimudar.com.br\/index.php\/wp-json\/wp\/v2\/types\/post"}],"author":[{"embeddable":true,"href":"https:\/\/sgvaimudar.com.br\/index.php\/wp-json\/wp\/v2\/users\/5"}],"replies":[{"embeddable":true,"href":"https:\/\/sgvaimudar.com.br\/index.php\/wp-json\/wp\/v2\/comments?post=6389"}],"version-history":[{"count":1,"href":"https:\/\/sgvaimudar.com.br\/index.php\/wp-json\/wp\/v2\/posts\/6389\/revisions"}],"predecessor-version":[{"id":6393,"href":"https:\/\/sgvaimudar.com.br\/index.php\/wp-json\/wp\/v2\/posts\/6389\/revisions\/6393"}],"wp:featuredmedia":[{"embeddable":true,"href":"https:\/\/sgvaimudar.com.br\/index.php\/wp-json\/wp\/v2\/media\/6390"}],"wp:attachment":[{"href":"https:\/\/sgvaimudar.com.br\/index.php\/wp-json\/wp\/v2\/media?parent=6389"}],"wp:term":[{"taxonomy":"category","embeddable":true,"href":"https:\/\/sgvaimudar.com.br\/index.php\/wp-json\/wp\/v2\/categories?post=6389"},{"taxonomy":"post_tag","embeddable":true,"href":"https:\/\/sgvaimudar.com.br\/index.php\/wp-json\/wp\/v2\/tags?post=6389"}],"curies":[{"name":"wp","href":"https:\/\/api.w.org\/{rel}","templated":true}]}}