{"id":6368,"date":"2024-05-20T11:00:00","date_gmt":"2024-05-20T14:00:00","guid":{"rendered":"https:\/\/sgvaimudar.com.br\/?p=6368"},"modified":"2024-05-20T09:12:04","modified_gmt":"2024-05-20T12:12:04","slug":"ciesg-inova-no-atendimento-a-pessoas-com-deficiencia","status":"publish","type":"post","link":"https:\/\/sgvaimudar.com.br\/index.php\/2024\/05\/20\/ciesg-inova-no-atendimento-a-pessoas-com-deficiencia\/","title":{"rendered":"Ciesg inova no atendimento a pessoas com defici\u00eancia"},"content":{"rendered":"\n<p><em>Centro de Imagens tem funcion\u00e1rios PCDs qualificados para receber pacientes<\/em><\/p>\n\n\n\n<p>O Centro de Imagens e Especialidades de S\u00e3o Gon\u00e7alo (Ciesg), no Vila Tr\u00eas, al\u00e9m de oferecer uma gama de exames e especialidades m\u00e9dicas, tem acessibilidade para os deficientes.\u00a0Segundo a Prefeitura, o local chegou para revolucionar os atendimentos de sa\u00fade na cidade.<\/p>\n\n\n\n<figure class=\"wp-block-image size-full\"><img fetchpriority=\"high\" decoding=\"async\" width=\"829\" height=\"768\" src=\"https:\/\/sgvaimudar.com.br\/wp-content\/uploads\/2024\/05\/unnamed-34.jpg\" alt=\"\" class=\"wp-image-6370\" srcset=\"https:\/\/sgvaimudar.com.br\/wp-content\/uploads\/2024\/05\/unnamed-34.jpg 829w, https:\/\/sgvaimudar.com.br\/wp-content\/uploads\/2024\/05\/unnamed-34-300x278.jpg 300w, https:\/\/sgvaimudar.com.br\/wp-content\/uploads\/2024\/05\/unnamed-34-768x711.jpg 768w\" sizes=\"(max-width: 829px) 100vw, 829px\" \/><\/figure>\n\n\n\n<p>&#8220;Funcion\u00e1rios do local tamb\u00e9m s\u00e3o capacitados para acompanhar os deficientes, dando todo o suporte necess\u00e1rio at\u00e9 os locais de atendimento. E, como a unidade \u00e9 inclusiva, ela tamb\u00e9m conta com profissionais contratados que s\u00e3o pessoas com defici\u00eancias (PCDs) que auxiliam os mudos e deficientes auditivos&#8221;, disse o Executivo na nota.\u00a0<\/p>\n\n\n\n<p>O assistente administrativo Wallace Pereira da Silva, de 29 anos, que \u00e9 deficiente auditivo, \u00e9 um dos colaboradores da unidade e sabe das dificuldades que enfrenta para se comunicar com as outras pessoas. Ele acredita que os deficientes auditivos costumam ter mais dificuldades porque dependem dos outros o tempo todo quando n\u00e3o h\u00e1 quem se comunique atrav\u00e9s da l\u00edngua brasileira de sinais (libras) com eles.<\/p>\n\n\n\n<p>\u201cN\u00f3s tamb\u00e9m somos deficientes e temos muita dificuldade para os atendimentos, tanto para entender as pessoas quanto para ser entendido. Por isso, sabemos que essa ajuda \u00e9 fundamental. Eu fiquei muito emocionado quando ajudei o primeiro cego, surdo e mudo e me deu vontade de chorar. Eu j\u00e1 passei por muita dificuldade. Imagina ele, sendo cego, surdo e mudo. \u00c9 tudo muito mais dif\u00edcil. Ele j\u00e1 tinha passado por v\u00e1rios lugares e n\u00e3o conseguia fazer o que queria porque as pessoas n\u00e3o o entendiam\u201d, contou Wallace.\u00a0<\/p>\n\n\n\n<p>\u00a0O paciente a que Wallace se refere \u00e9 Braulino Ant\u00f4nio de Oliveira Filho, 54, que iniciou tratamento odontol\u00f3gico no Ciesg e vai passar por consultas e exames. Ap\u00f3s o atendimento com os PCDs da unidade, ele aproveitou para fazer outros pedidos de consultas e exames que precisa fazer. Ele agradeceu a equipe e, atrav\u00e9s da l\u00edngua brasileira de sinais, disse que sem o atendimento mais adaptado e acess\u00edvel, ele n\u00e3o conseguiria se comunicar.\u00a0<\/p>\n\n\n\n<p>O atendimento inclusivo tamb\u00e9m conta com elevador para os cadeirantes e idosos, piso t\u00e1til direcional para os deficientes visuais e funcion\u00e1rios preparados para atender e acompanhar os deficientes durante todo o percurso dentro da unidade de sa\u00fade, como aconteceu com o casal aposentado Luiz Vander Vieira, 64, que \u00e9 deficiente visual; e Edna Barbosa Vieira, 58, que \u00e9 deficiente f\u00edsica.\u00a0<\/p>\n\n\n\n<p>\u201cN\u00e3o tenho como descrever o atendimento deste lugar. \u00c9 tudo muito bom mesmo. Um dos melhores lugares que eu j\u00e1 estive em rela\u00e7\u00e3o ao tratamento, acessibilidade e educa\u00e7\u00e3o dos funcion\u00e1rios. \u00c9 percept\u00edvel o carinho deles com n\u00f3s dois. \u00c9 muito acolhedor. Eles nos acompanham o tempo todo pela unidade. N\u00e3o temos o que reclamar daqui\u201d, disse Luiz Vander, que foi acompanhar a esposa ao cardiologista, mas tamb\u00e9m \u00e9 paciente na unidade.<\/p>\n\n\n\n<p>\u00a0Edna concorda com o marido. \u201cSe n\u00e3o tivesse essa acessibilidade, ia ficar tudo mais dif\u00edcil. N\u00e3o \u00e9 qualquer lugar que a gente vai que tem elevador para nos levar. Normalmente, eu tenho que ser carregada. Nunca tive esse acolhimento. \u00c9 um diferencial. Pe\u00e7o muito a Deus que continue assim\u201d, opinou a mulher, que fez ecocardiograma e ia passar pelo cardiologista.\u00a0<\/p>\n\n\n\n<p>O secret\u00e1rio de Sa\u00fade de S\u00e3o Gon\u00e7alo, Dr. Gleison Rocha, conta que o objetivo \u00e9 melhorar a inclus\u00e3o em todas as unidades de sa\u00fade. \u201cTodas as unidades b\u00e1sicas de sa\u00fade que foram revitalizadas j\u00e1 receberam as obras de acessibilidade, assim como as novas constru\u00e7\u00f5es, como o Ciesg, PAM Neves e Cl\u00ednica do Coluband\u00ea. Todas tem piso t\u00e1til, banheiros adaptados para PCDs e rampas. As unidades antigas tamb\u00e9m recebem obras para as adapta\u00e7\u00f5es\u201d, finalizou o secret\u00e1rio.\u00a0\u00a0\u00a0<\/p>\n\n\n\n<p><strong>Agendamentos \u2013\u00a0<\/strong>Todasas consultas e exames s\u00e3o agendados atrav\u00e9s da Central de Regula\u00e7\u00e3o da Secretaria Municipal de Sa\u00fade e Defesa Civil de S\u00e3o Gon\u00e7alo. Para marcar, o gon\u00e7alense pode procurar qualquer unidade de sa\u00fade da rede municipal para ser inserido no sistema. As unidades inserem os pacientes no sistema da Central de Regula\u00e7\u00e3o, que vai entrar em contato \u2013 atrav\u00e9s do telefone \u2013 para avisar sobre a marca\u00e7\u00e3o do servi\u00e7o.<\/p>\n\n\n\n<p>\u00c9 necess\u00e1rio que os pacientes mantenham um telefone que funcione e esteja atualizado no cadastro. O contato e endere\u00e7o do morador tamb\u00e9m podem ser atualizados em qualquer unidade de sa\u00fade. Se houver alguma pend\u00eancia no pedido, os funcion\u00e1rios das unidades de sa\u00fade avisam ao paciente para que regularize a situa\u00e7\u00e3o. Com qualquer pend\u00eancia, o paciente n\u00e3o \u00e9 chamado.<\/p>\n\n\n\n<p>Para marcar exames e consultas \u00e9 necess\u00e1rio levar o pedido m\u00e9dico do SUS, xerox da identidade, CPF e comprovante de resid\u00eancia atualizado em nome da pr\u00f3pria pessoa de, no m\u00e1ximo, tr\u00eas meses. O Ciesg fica na Rua Alagoas, 240, Vila Tr\u00eas.\u00a0<\/p>\n\n\n\n<p><em>Fotos: Luiz Carvalho<\/em><\/p>\n","protected":false},"excerpt":{"rendered":"<p>Centro de Imagens tem funcion\u00e1rios PCDs qualificados para receber pacientes O Centro de Imagens e Especialidades de S\u00e3o Gon\u00e7alo (Ciesg),&hellip;<\/p>\n","protected":false},"author":5,"featured_media":6369,"comment_status":"open","ping_status":"open","sticky":false,"template":"","format":"standard","meta":{"fifu_image_url":"","fifu_image_alt":"","footnotes":""},"categories":[7],"tags":[],"class_list":["post-6368","post","type-post","status-publish","format-standard","has-post-thumbnail","hentry","category-saude"],"_links":{"self":[{"href":"https:\/\/sgvaimudar.com.br\/index.php\/wp-json\/wp\/v2\/posts\/6368","targetHints":{"allow":["GET"]}}],"collection":[{"href":"https:\/\/sgvaimudar.com.br\/index.php\/wp-json\/wp\/v2\/posts"}],"about":[{"href":"https:\/\/sgvaimudar.com.br\/index.php\/wp-json\/wp\/v2\/types\/post"}],"author":[{"embeddable":true,"href":"https:\/\/sgvaimudar.com.br\/index.php\/wp-json\/wp\/v2\/users\/5"}],"replies":[{"embeddable":true,"href":"https:\/\/sgvaimudar.com.br\/index.php\/wp-json\/wp\/v2\/comments?post=6368"}],"version-history":[{"count":1,"href":"https:\/\/sgvaimudar.com.br\/index.php\/wp-json\/wp\/v2\/posts\/6368\/revisions"}],"predecessor-version":[{"id":6371,"href":"https:\/\/sgvaimudar.com.br\/index.php\/wp-json\/wp\/v2\/posts\/6368\/revisions\/6371"}],"wp:featuredmedia":[{"embeddable":true,"href":"https:\/\/sgvaimudar.com.br\/index.php\/wp-json\/wp\/v2\/media\/6369"}],"wp:attachment":[{"href":"https:\/\/sgvaimudar.com.br\/index.php\/wp-json\/wp\/v2\/media?parent=6368"}],"wp:term":[{"taxonomy":"category","embeddable":true,"href":"https:\/\/sgvaimudar.com.br\/index.php\/wp-json\/wp\/v2\/categories?post=6368"},{"taxonomy":"post_tag","embeddable":true,"href":"https:\/\/sgvaimudar.com.br\/index.php\/wp-json\/wp\/v2\/tags?post=6368"}],"curies":[{"name":"wp","href":"https:\/\/api.w.org\/{rel}","templated":true}]}}