{"id":6337,"date":"2024-05-19T14:00:00","date_gmt":"2024-05-19T17:00:00","guid":{"rendered":"https:\/\/sgvaimudar.com.br\/?p=6337"},"modified":"2024-05-19T09:46:58","modified_gmt":"2024-05-19T12:46:58","slug":"celebracao-religiosa-em-sao-goncalo-ganha-exposicao-no-teatro-municipal","status":"publish","type":"post","link":"https:\/\/sgvaimudar.com.br\/index.php\/2024\/05\/19\/celebracao-religiosa-em-sao-goncalo-ganha-exposicao-no-teatro-municipal\/","title":{"rendered":"Celebra\u00e7\u00e3o religiosa em S\u00e3o Gon\u00e7alo ganha exposi\u00e7\u00e3o no Teatro Municipal"},"content":{"rendered":"\n<p><em>Mostra re\u00fane fotos<\/em> do tapete de sal de Corpus Christi da Am\u00e9rica Latina.<\/p>\n\n\n\n<p>Foi aberta ao p\u00fablico a exposi\u00e7\u00e3o \u201cCorpus Christi\u201d, que re\u00fane, no hall do Teatro Municipal de S\u00e3o Gon\u00e7alo, 19 fotografias sobre a celebra\u00e7\u00e3o religiosa que atrai mais de 100 mil pessoas para a cidade. S\u00e3o Gon\u00e7alo confecciona o maior tapete de sal de Corpus Christi da Am\u00e9rica Latina.\u00a0<\/p>\n\n\n\n<figure class=\"wp-block-image size-full\"><img fetchpriority=\"high\" decoding=\"async\" width=\"1024\" height=\"683\" src=\"https:\/\/sgvaimudar.com.br\/wp-content\/uploads\/2024\/05\/unnamed-2-9.jpg\" alt=\"\" class=\"wp-image-6339\" srcset=\"https:\/\/sgvaimudar.com.br\/wp-content\/uploads\/2024\/05\/unnamed-2-9.jpg 1024w, https:\/\/sgvaimudar.com.br\/wp-content\/uploads\/2024\/05\/unnamed-2-9-300x200.jpg 300w, https:\/\/sgvaimudar.com.br\/wp-content\/uploads\/2024\/05\/unnamed-2-9-768x512.jpg 768w\" sizes=\"(max-width: 1024px) 100vw, 1024px\" \/><\/figure>\n\n\n\n<p>A mostra \u00e9 uma realiza\u00e7\u00e3o da Secretaria de Turismo e Cultura da Prefeitura de S\u00e3o Gon\u00e7alo em parceria com a Arquidiocese de Niter\u00f3i.<\/p>\n\n\n\n<p>A exposi\u00e7\u00e3o conta com registros dos tapetes de sal, da manifesta\u00e7\u00e3o de f\u00e9 dos fieis que acompanham a celebra\u00e7\u00e3o, de momentos da Santa Missa e da dimens\u00e3o do Corpus Christi pelas ruas de S\u00e3o Gon\u00e7alo.&nbsp;<\/p>\n\n\n\n<p>Entre as 19 fotos selecionadas &#8211; sendo 16 delas do acervo da equipe que integra a cobertura dos Vicariatos S\u00e3o Gon\u00e7alo e Alc\u00e2ntara -, tr\u00eas foram escolhidas por meio de um concurso realizado pela Secretaria de Turismo e Cultura.<\/p>\n\n\n\n<p>Quem j\u00e1 marcou presen\u00e7a na mostra foi um dos expositores, o fot\u00f3grafo gon\u00e7alense, de 39 anos, Edu Gomes, que ao lado de sua esposa e seus filhos, destacou a emo\u00e7\u00e3o de poder ver suas fotografias expostas nas paredes do Teatro Municipal.&nbsp;<\/p>\n\n\n\n<p>\u201cSempre estive envolvido com Corpus Christi, seja ajudando a montar os tapetes ou com a fotografia. Tenho centenas de registros desses longos anos de dedica\u00e7\u00e3o \u00e0 celebra\u00e7\u00e3o e ter algumas delas expostas me emociona muito e me deixa muito feliz, porque o Corpus Christi \u00e9 um dia de muita dedica\u00e7\u00e3o e entrega que esperamos durante todo o ano e quando acaba j\u00e1 estamos pensando no pr\u00f3ximo ano. Muito gratificante ter meu trabalho exposto\u201d, disse o fot\u00f3grafo, morador do bairro Z\u00e9 Garoto.&nbsp;<\/p>\n\n\n\n<p>A visita\u00e7\u00e3o da exposi\u00e7\u00e3o &#8220;Corpus Christi&#8221; pode ser feita de segunda a sexta, das 9h \u00e0s 17h, at\u00e9 o dia 30 de maio, quando acontece a celebra\u00e7\u00e3o da maior festa religiosa do munic\u00edpio. A exposi\u00e7\u00e3o tem entrada franca e classifica\u00e7\u00e3o livre.&nbsp;<\/p>\n\n\n\n<p><em>Fotos: Luiz Carvalho<\/em><\/p>\n","protected":false},"excerpt":{"rendered":"<p>Mostra re\u00fane fotos do tapete de sal de Corpus Christi da Am\u00e9rica Latina. Foi aberta ao p\u00fablico a exposi\u00e7\u00e3o \u201cCorpus&hellip;<\/p>\n","protected":false},"author":5,"featured_media":6338,"comment_status":"open","ping_status":"open","sticky":false,"template":"","format":"standard","meta":{"fifu_image_url":"","fifu_image_alt":"","footnotes":""},"categories":[6,3],"tags":[],"class_list":["post-6337","post","type-post","status-publish","format-standard","has-post-thumbnail","hentry","category-entretenimento","category-sao-goncalo"],"_links":{"self":[{"href":"https:\/\/sgvaimudar.com.br\/index.php\/wp-json\/wp\/v2\/posts\/6337","targetHints":{"allow":["GET"]}}],"collection":[{"href":"https:\/\/sgvaimudar.com.br\/index.php\/wp-json\/wp\/v2\/posts"}],"about":[{"href":"https:\/\/sgvaimudar.com.br\/index.php\/wp-json\/wp\/v2\/types\/post"}],"author":[{"embeddable":true,"href":"https:\/\/sgvaimudar.com.br\/index.php\/wp-json\/wp\/v2\/users\/5"}],"replies":[{"embeddable":true,"href":"https:\/\/sgvaimudar.com.br\/index.php\/wp-json\/wp\/v2\/comments?post=6337"}],"version-history":[{"count":1,"href":"https:\/\/sgvaimudar.com.br\/index.php\/wp-json\/wp\/v2\/posts\/6337\/revisions"}],"predecessor-version":[{"id":6340,"href":"https:\/\/sgvaimudar.com.br\/index.php\/wp-json\/wp\/v2\/posts\/6337\/revisions\/6340"}],"wp:featuredmedia":[{"embeddable":true,"href":"https:\/\/sgvaimudar.com.br\/index.php\/wp-json\/wp\/v2\/media\/6338"}],"wp:attachment":[{"href":"https:\/\/sgvaimudar.com.br\/index.php\/wp-json\/wp\/v2\/media?parent=6337"}],"wp:term":[{"taxonomy":"category","embeddable":true,"href":"https:\/\/sgvaimudar.com.br\/index.php\/wp-json\/wp\/v2\/categories?post=6337"},{"taxonomy":"post_tag","embeddable":true,"href":"https:\/\/sgvaimudar.com.br\/index.php\/wp-json\/wp\/v2\/tags?post=6337"}],"curies":[{"name":"wp","href":"https:\/\/api.w.org\/{rel}","templated":true}]}}