{"id":6285,"date":"2024-05-18T14:00:00","date_gmt":"2024-05-18T17:00:00","guid":{"rendered":"https:\/\/sgvaimudar.com.br\/?p=6285"},"modified":"2024-05-18T08:14:03","modified_gmt":"2024-05-18T11:14:03","slug":"prefeitura-reinaugura-centro-de-acolhimento-social-em-vista-alegre","status":"publish","type":"post","link":"https:\/\/sgvaimudar.com.br\/index.php\/2024\/05\/18\/prefeitura-reinaugura-centro-de-acolhimento-social-em-vista-alegre\/","title":{"rendered":"Prefeitura reinaugura Centro de Acolhimento Social em Vista Alegre\u00a0"},"content":{"rendered":"\n<p><em>Local contar\u00e1 com equipe multidisciplinar para atendimento a acolhidos<\/em><\/p>\n\n\n\n<p>A Prefeitura de S\u00e3o Gon\u00e7alo reinaugurou, nesta sexta-feira (17), o Centro de Acolhimento Social Gon\u00e7alense (Casg), que fica localizado no bairro de Vista Alegre. O local passou por reformas recentemente para oferecer um atendimento mais humanizado e qualificado.<\/p>\n\n\n\n<figure class=\"wp-block-image size-full\"><img fetchpriority=\"high\" decoding=\"async\" width=\"1024\" height=\"681\" src=\"https:\/\/sgvaimudar.com.br\/wp-content\/uploads\/2024\/05\/unnamed-5-7.jpg\" alt=\"\" class=\"wp-image-6286\" srcset=\"https:\/\/sgvaimudar.com.br\/wp-content\/uploads\/2024\/05\/unnamed-5-7.jpg 1024w, https:\/\/sgvaimudar.com.br\/wp-content\/uploads\/2024\/05\/unnamed-5-7-300x200.jpg 300w, https:\/\/sgvaimudar.com.br\/wp-content\/uploads\/2024\/05\/unnamed-5-7-768x511.jpg 768w\" sizes=\"(max-width: 1024px) 100vw, 1024px\" \/><\/figure>\n\n\n\n<p>O Casg \u00e9 um equipamento da Subsecretaria de Prote\u00e7\u00e3o Social Especial da Secretaria de Assist\u00eancia Social da Prefeitura de S\u00e3o Gon\u00e7alo. A fun\u00e7\u00e3o do local \u00e9 abrigar, por um determinado per\u00edodo de tempo, pessoas em situa\u00e7\u00e3o de rua que, durante as abordagens realizadas semanalmente por equipes t\u00e9cnicas do Centro de Refer\u00eancia Especializado para Popula\u00e7\u00e3o em Situa\u00e7\u00e3o de Rua (Centro Pop), aceitam acolhimento.<\/p>\n\n\n\n<p>No equipamento, atuar\u00e1 uma equipe formada por psicopedagogo, psic\u00f3logo, assistentes sociais e educadores sociais. O local revitalizado poder\u00e1 abrigar at\u00e9 12 pessoas ao mesmo tempo. O equipamento possui agora dois banheiros adaptados para Pessoas com Defici\u00eancia (PcDs), sala de conviv\u00eancia, dormit\u00f3rios, sala de atendimento personalizado, sala para a equipe t\u00e9cnica debater sobre os casos espec\u00edficos, sala de descanso, recep\u00e7\u00e3o e enfermaria.<\/p>\n\n\n\n<p>O prefeito Capit\u00e3o Nelson esteve na cerim\u00f4nia de reinaugura\u00e7\u00e3o e ressaltou o quanto est\u00e1 orgulhoso de entregar mais um equipamento da Secretaria de Assist\u00eancia Social.<\/p>\n\n\n\n<p>&#8220;Estamos entregando mais um equipamento revitalizado, com tudo novo, e isso \u00e9 de extrema import\u00e2ncia. \u00c9 uma satisfa\u00e7\u00e3o muito grande estar aqui! Mesmo com o or\u00e7amento apertado, estamos transformando a cidade de S\u00e3o Gon\u00e7alo. Para que isso continue ocorrendo, eu dependo dos secret\u00e1rios, subsecret\u00e1rios, coordenadores, diretores e todos que est\u00e3o aqui, que precisam cuidar desse espa\u00e7o e realizarem suas atividades como servidores p\u00fablicos da melhor forma poss\u00edvel para a popula\u00e7\u00e3o&#8221;, disse o prefeito, que estava acompanhado do vice-prefeito Sergio Gev\u00fa.<\/p>\n\n\n\n<p>O secret\u00e1rio municipal de Assist\u00eancia Social, Felippe Mattos Monteiro, tamb\u00e9m destacou o apoio que vem recebendo do Executivo para melhorar os equipamentos do munic\u00edpio.<\/p>\n\n\n\n<p>&#8220;Esse \u00e9 mais um equipamento da Assist\u00eancia que estamos entregando. Essa equipamento aqui, no entanto, \u00e9 diferente para mim porque come\u00e7amos com a Prote\u00e7\u00e3o Social B\u00e1sica, na inaugura\u00e7\u00e3o do primeiro CRAS de Guaxindiba, que \u00e9 a porta de entrada. Depois passamos por outras inaugura\u00e7\u00f5es e agora estamos aqui na inaugura\u00e7\u00e3o desse equipamento da Prote\u00e7\u00e3o Social Especial, que \u00e9 quando a pessoa j\u00e1 est\u00e1 com seu v\u00ednculo rompido, com bastante problema. O prefeito Capit\u00e3o Nelson vem dando uma aten\u00e7\u00e3o especial a todos os nossos equipamentos, que se integram&#8221;, disse.<\/p>\n\n\n\n<p>A reforma do Casg faz parte do eixo \u201cCidade Justa e Inclusiva\u201d, meta 27, do Plano Estrat\u00e9gico Novos Rumos \u2013 desenvolvido pela Secretaria de Gest\u00e3o Integrada e Projetos Especiais -, que visa ampliar e reformar os equipamentos pr\u00f3prios da Secretaria de Assist\u00eancia Social, com o objetivo de aumentar e dar mais efici\u00eancia ao atendimento da popula\u00e7\u00e3o em situa\u00e7\u00e3o de vulnerabilidade social.<\/p>\n\n\n\n<p><em>Fotos: Julio Diniz<\/em><\/p>\n","protected":false},"excerpt":{"rendered":"<p>Local contar\u00e1 com equipe multidisciplinar para atendimento a acolhidos A Prefeitura de S\u00e3o Gon\u00e7alo reinaugurou, nesta sexta-feira (17), o Centro&hellip;<\/p>\n","protected":false},"author":5,"featured_media":6287,"comment_status":"open","ping_status":"open","sticky":false,"template":"","format":"standard","meta":{"fifu_image_url":"","fifu_image_alt":"","footnotes":""},"categories":[3],"tags":[],"class_list":["post-6285","post","type-post","status-publish","format-standard","has-post-thumbnail","hentry","category-sao-goncalo"],"_links":{"self":[{"href":"https:\/\/sgvaimudar.com.br\/index.php\/wp-json\/wp\/v2\/posts\/6285","targetHints":{"allow":["GET"]}}],"collection":[{"href":"https:\/\/sgvaimudar.com.br\/index.php\/wp-json\/wp\/v2\/posts"}],"about":[{"href":"https:\/\/sgvaimudar.com.br\/index.php\/wp-json\/wp\/v2\/types\/post"}],"author":[{"embeddable":true,"href":"https:\/\/sgvaimudar.com.br\/index.php\/wp-json\/wp\/v2\/users\/5"}],"replies":[{"embeddable":true,"href":"https:\/\/sgvaimudar.com.br\/index.php\/wp-json\/wp\/v2\/comments?post=6285"}],"version-history":[{"count":1,"href":"https:\/\/sgvaimudar.com.br\/index.php\/wp-json\/wp\/v2\/posts\/6285\/revisions"}],"predecessor-version":[{"id":6288,"href":"https:\/\/sgvaimudar.com.br\/index.php\/wp-json\/wp\/v2\/posts\/6285\/revisions\/6288"}],"wp:featuredmedia":[{"embeddable":true,"href":"https:\/\/sgvaimudar.com.br\/index.php\/wp-json\/wp\/v2\/media\/6287"}],"wp:attachment":[{"href":"https:\/\/sgvaimudar.com.br\/index.php\/wp-json\/wp\/v2\/media?parent=6285"}],"wp:term":[{"taxonomy":"category","embeddable":true,"href":"https:\/\/sgvaimudar.com.br\/index.php\/wp-json\/wp\/v2\/categories?post=6285"},{"taxonomy":"post_tag","embeddable":true,"href":"https:\/\/sgvaimudar.com.br\/index.php\/wp-json\/wp\/v2\/tags?post=6285"}],"curies":[{"name":"wp","href":"https:\/\/api.w.org\/{rel}","templated":true}]}}