{"id":6270,"date":"2024-05-18T10:00:00","date_gmt":"2024-05-18T13:00:00","guid":{"rendered":"https:\/\/sgvaimudar.com.br\/?p=6270"},"modified":"2024-05-18T10:58:39","modified_gmt":"2024-05-18T13:58:39","slug":"6270","status":"publish","type":"post","link":"https:\/\/sgvaimudar.com.br\/index.php\/2024\/05\/18\/6270\/","title":{"rendered":"Dia Mundial da Reciclagem \u00e9 comemorado no Ecoponto do Barro Vermelho"},"content":{"rendered":"\n<p>A Secretaria de Conserva\u00e7\u00e3o da Prefeitura de S\u00e3o Gon\u00e7alo, no Dia Mundial da Reciclagem, celebrado nesta sexta-feira (17), em conjunto com a Eccos Sustent\u00e1vel, realizou o \u2018Movimento Recicla S\u00e3o Gon\u00e7alo\u2019, no Ecoponto do Barro Vermelho, localizado na Rua L\u00facio Tom\u00e9 Feteira. No evento, foram debatidos diversos temas envolvendo reciclagem e a preserva\u00e7\u00e3o do meio ambiente.<\/p>\n\n\n\n<figure class=\"wp-block-image size-full\"><img fetchpriority=\"high\" decoding=\"async\" width=\"1024\" height=\"681\" src=\"https:\/\/sgvaimudar.com.br\/wp-content\/uploads\/2024\/05\/unnamed-3-9.jpg\" alt=\"\" class=\"wp-image-6271\" srcset=\"https:\/\/sgvaimudar.com.br\/wp-content\/uploads\/2024\/05\/unnamed-3-9.jpg 1024w, https:\/\/sgvaimudar.com.br\/wp-content\/uploads\/2024\/05\/unnamed-3-9-300x200.jpg 300w, https:\/\/sgvaimudar.com.br\/wp-content\/uploads\/2024\/05\/unnamed-3-9-768x511.jpg 768w\" sizes=\"(max-width: 1024px) 100vw, 1024px\" \/><\/figure>\n\n\n\n<p>O evento teve in\u00edcio por volta das 9h. Essa \u00e9 a segunda edi\u00e7\u00e3o do evento no munic\u00edpio. A primeira ocorreu em fevereiro deste ano, no Ecoponto de Santa Luzia.<\/p>\n\n\n\n<p>Durante o \u2018Movimento Recicla S\u00e3o Gon\u00e7alo\u2019 desta sexta-feira (17), diversos gon\u00e7alenses aprenderam mais sobre o meio ambiente. Foram desenvolvidas palestras com especialistas sobre temas como: biodiesel, reciclagem de isopor e reciclagem de \u00f3leo, dentre outros. <\/p>\n\n\n\n<p>&#8220;Al\u00e9m disso, foi feita uma exposi\u00e7\u00e3o e venda de produtos de artes\u00e3os de recicl\u00e1veis em barraquinhas, sorteios, distribui\u00e7\u00e3o de brindes de materiais recicl\u00e1veis e campanha de educa\u00e7\u00e3o ambiental. O evento foi aberto ao p\u00fablico e contou tamb\u00e9m com a participa\u00e7\u00e3o de alunos da Escola Municipal Joaquim Lavoura&#8221;, informou a Prefeitura na nota.<\/p>\n\n\n\n<p>Para o secret\u00e1rio de Conserva\u00e7\u00e3o, Edson Leal, o Ecoponto \u00e9 motivo de orgulho e um exemplo quando se fala em reciclagem e meio ambiente. O Ecoponto venceu a 12\u00aa edi\u00e7\u00e3o do Pr\u00eamio Sebrae Prefeitura Empreendedora, na categoria Sustentabilidade e Meio Ambiente, sendo habilitada a concorrer na etapa nacional do pr\u00eamio, que ser\u00e1 realizada no dia 11 de junho, em Bras\u00edlia.<\/p>\n\n\n\n<p>&#8220;Esse evento \u00e9 mais um desenvolvido pela Secretaria de Conserva\u00e7\u00e3o com o Ecoponto, atrav\u00e9s do projeto Limpa S\u00e3o Gon\u00e7alo, criado na gest\u00e3o do Capit\u00e3o Nelson. Com o Ecoponto, queremos expandir conhecimento para a popula\u00e7\u00e3o para que possamos alcan\u00e7ar cada vez mais o segmento da reciclagem, atraindo novos parceiros e ajudando o meio ambiente&#8221;, disse o secret\u00e1rio.<\/p>\n\n\n\n<p>Segundo ele, essa \u00e9 mais uma programa\u00e7\u00e3o de incentivo e promo\u00e7\u00e3o ao meio ambiente. Estamos chamando a aten\u00e7\u00e3o. &#8220;Ontem, por exemplo, apresentamos nosso projeto do Ecoponto na Alerj e tem um grupo de Guapimirim e outro do Rio aqui hoje tamb\u00e9m. Eles est\u00e3o conhecendo nosso trabalho hoje, dentre outros munic\u00edpios, para implement\u00e1-lo tamb\u00e9m em outras cidades&#8221;, afirmou Edson Leal.<\/p>\n\n\n\n<p>O consultor ambiental Edson Freitas, que atua nos Ecopontos, fica realizado com o sucesso do evento.<\/p>\n\n\n\n<p>&#8220;Hoje, no Dia Internacional da Reciclagem, o Ecoponto do Barro Vermelho realizou palestras, organizou uma feira de artes\u00e3o e uma campanha ambiental. Todos que passaram aqui ficaram encantados. Elas est\u00e3o observando que a mat\u00e9ria-prima que antes era tratada como lixo \u00e9 importante para virar novas embalagens e obras de artes&#8221;, afirmou Freitas.<\/p>\n\n\n\n<p>A advogada Marilene Mariano de Oliveira \u00e9 moradora do Barro Vermelho e, apesar de n\u00e3o trocar seus res\u00edduos por dinheiro, ela ajuda quem precisa doando seu lixo para os catadores. Segundo ela, a reciclagem de res\u00edduos \u00e9 boa para todos.<\/p>\n\n\n\n<p>&#8220;Eu tenho um tempo muito corrido, ent\u00e3o, o que eu fa\u00e7o: separo para os catadores que precisam os meus res\u00edduos recicl\u00e1veis. Eu sempre venho aqui no Ecoponto, conhe\u00e7o o projeto e passei a separar os res\u00edduos da minha casa. Acho o projeto \u00f3timo para o meio ambiente, para as crian\u00e7as aprenderem sobre reciclagem e para todo o nosso munic\u00edpio. \u00c9 incr\u00edvel e espero que esse movimento cres\u00e7a cada vez mais&#8221;, disse a advogada.<\/p>\n\n\n\n<p>\u00c9 no Ecoponto que a popula\u00e7\u00e3o pode realizar a troca de res\u00edduos e materiais recicl\u00e1veis por dinheiro digital. Os Ecopontos surgiram a partir da Meta 18 do Plano Estrat\u00e9gico Novos Rumos, desenvolvido pela Secretaria de Gest\u00e3o Integrada e Projetos Especiais (Semgipe), que prev\u00ea a implanta\u00e7\u00e3o da coleta seletiva de lixo no munic\u00edpio. A a\u00e7\u00e3o \u00e9 uma iniciativa da campanha \u201cLimpa S\u00e3o Gon\u00e7alo\u201d, desenvolvida pela Secretaria de Conserva\u00e7\u00e3o da Prefeitura de S\u00e3o Gon\u00e7alo.<\/p>\n\n\n\n<p>No Ecoponto, s\u00e3o aceitos materiais recicl\u00e1veis de pl\u00e1sticos (garrafas PET, potes, embalagens de pl\u00e1stico em geral), pap\u00e9is (jornais, revistas, folhetos, caixas de papel\u00e3o, embalagens de papel), vidros (potes de alimentos, garrafas, copos, cacos de vidro), metais (latas de alum\u00ednio, latas de a\u00e7o, pregos, tampas, panelas de alum\u00ednio, cobre, ferro), eletros (aparelhos de televis\u00e3o, computadores, celulares, eletrodom\u00e9sticos, r\u00e1dios, geladeira, microondas) e \u00f3leo de cozinha vegetal usado.<\/p>\n\n\n\n<p>Vale lembrar que a Secretaria de Assist\u00eancia Social da Prefeitura de S\u00e3o Gon\u00e7alo est\u00e1 nos Ecopontos todos os dias e marcar\u00e1 presen\u00e7a no evento com o objetivo de emitir a documenta\u00e7\u00e3o necess\u00e1ria para aqueles que n\u00e3o a possuem. Assim, o catador poder\u00e1 ser cadastrado e sua conta digital ser\u00e1 aberta. De l\u00e1, os catadores cadastrados j\u00e1 saem com o cart\u00e3o que j\u00e1 pode ser usado nos com\u00e9rcios locais.<\/p>\n\n\n\n<p><em>Fotos: Julio Diniz<\/em><\/p>\n","protected":false},"excerpt":{"rendered":"<p>A Secretaria de Conserva\u00e7\u00e3o da Prefeitura de S\u00e3o Gon\u00e7alo, no Dia Mundial da Reciclagem, celebrado nesta sexta-feira (17), em conjunto&hellip;<\/p>\n","protected":false},"author":5,"featured_media":6272,"comment_status":"open","ping_status":"open","sticky":false,"template":"","format":"standard","meta":{"fifu_image_url":"","fifu_image_alt":"","footnotes":""},"categories":[3],"tags":[],"class_list":["post-6270","post","type-post","status-publish","format-standard","has-post-thumbnail","hentry","category-sao-goncalo"],"_links":{"self":[{"href":"https:\/\/sgvaimudar.com.br\/index.php\/wp-json\/wp\/v2\/posts\/6270","targetHints":{"allow":["GET"]}}],"collection":[{"href":"https:\/\/sgvaimudar.com.br\/index.php\/wp-json\/wp\/v2\/posts"}],"about":[{"href":"https:\/\/sgvaimudar.com.br\/index.php\/wp-json\/wp\/v2\/types\/post"}],"author":[{"embeddable":true,"href":"https:\/\/sgvaimudar.com.br\/index.php\/wp-json\/wp\/v2\/users\/5"}],"replies":[{"embeddable":true,"href":"https:\/\/sgvaimudar.com.br\/index.php\/wp-json\/wp\/v2\/comments?post=6270"}],"version-history":[{"count":2,"href":"https:\/\/sgvaimudar.com.br\/index.php\/wp-json\/wp\/v2\/posts\/6270\/revisions"}],"predecessor-version":[{"id":6304,"href":"https:\/\/sgvaimudar.com.br\/index.php\/wp-json\/wp\/v2\/posts\/6270\/revisions\/6304"}],"wp:featuredmedia":[{"embeddable":true,"href":"https:\/\/sgvaimudar.com.br\/index.php\/wp-json\/wp\/v2\/media\/6272"}],"wp:attachment":[{"href":"https:\/\/sgvaimudar.com.br\/index.php\/wp-json\/wp\/v2\/media?parent=6270"}],"wp:term":[{"taxonomy":"category","embeddable":true,"href":"https:\/\/sgvaimudar.com.br\/index.php\/wp-json\/wp\/v2\/categories?post=6270"},{"taxonomy":"post_tag","embeddable":true,"href":"https:\/\/sgvaimudar.com.br\/index.php\/wp-json\/wp\/v2\/tags?post=6270"}],"curies":[{"name":"wp","href":"https:\/\/api.w.org\/{rel}","templated":true}]}}