{"id":6266,"date":"2024-05-18T09:00:00","date_gmt":"2024-05-18T12:00:00","guid":{"rendered":"https:\/\/sgvaimudar.com.br\/?p=6266"},"modified":"2024-05-18T07:48:13","modified_gmt":"2024-05-18T10:48:13","slug":"assistencia-social-realiza-forum-sobre-acolhimento-familiar-em-tribobo","status":"publish","type":"post","link":"https:\/\/sgvaimudar.com.br\/index.php\/2024\/05\/18\/assistencia-social-realiza-forum-sobre-acolhimento-familiar-em-tribobo\/","title":{"rendered":"Assist\u00eancia Social realiza f\u00f3rum sobre acolhimento familiar em Tribob\u00f3"},"content":{"rendered":"\n<p><em>Profissionais de v\u00e1rios munic\u00edpios estiveram presentes\u00a0<\/em><\/p>\n\n\n\n<p>A Secretaria de Assist\u00eancia Social da Prefeitura de S\u00e3o Gon\u00e7alo, atrav\u00e9s da Subsecretaria de Inf\u00e2ncia e Adolesc\u00eancia, realizou, no audit\u00f3rio do Sest Senat S\u00e3o Gon\u00e7alo, no bairro de Tribob\u00f3, o F\u00f3rum em Alus\u00e3o ao Dia Mundial de Acolhimento Familiar.<\/p>\n\n\n\n<figure class=\"wp-block-image size-full\"><img fetchpriority=\"high\" decoding=\"async\" width=\"1024\" height=\"683\" src=\"https:\/\/sgvaimudar.com.br\/wp-content\/uploads\/2024\/05\/unnamed-1-9.jpg\" alt=\"\" class=\"wp-image-6268\" srcset=\"https:\/\/sgvaimudar.com.br\/wp-content\/uploads\/2024\/05\/unnamed-1-9.jpg 1024w, https:\/\/sgvaimudar.com.br\/wp-content\/uploads\/2024\/05\/unnamed-1-9-300x200.jpg 300w, https:\/\/sgvaimudar.com.br\/wp-content\/uploads\/2024\/05\/unnamed-1-9-768x512.jpg 768w\" sizes=\"(max-width: 1024px) 100vw, 1024px\" \/><\/figure>\n\n\n\n<p>O evento, de n\u00edvel estadual, contou com palestras de respons\u00e1veis pelo Servi\u00e7o de Acolhimento Familiar (SAF) do munic\u00edpio, que dividiram suas experi\u00eancias e desafios com ouvintes que atuam no acolhimento familiar em outras cidades, como Niter\u00f3i, Rio Bonito, Maric\u00e1 e outros.<\/p>\n\n\n\n<p>O secret\u00e1rio municipal de Assist\u00eancia Social, Felippe Mattos Monteiro, falou sobre a import\u00e2ncia do evento para o munic\u00edpio. No ano passado, S\u00e3o Gon\u00e7alo tamb\u00e9m sediou o evento.<\/p>\n\n\n\n<p>&#8220;Esse evento \u00e9 estadual, estamos recebendo profissionais, como psic\u00f3logos, pedagogos, fam\u00edlias acolhedoras, assistentes e educadores sociais, dos mais variados munic\u00edpios. Neste m\u00eas, \u00e9 celebrado o Dia Mundial do Acolhimento Familiar. Conseguimos, ent\u00e3o, alguns palestrantes e estamos apresentando alguns cases nossos para eles. Somos um dos munic\u00edpios mais antigos no quesito acolhimento familiar e estamos passando para outras cidades que est\u00e3o come\u00e7ando quais s\u00e3o as nossas dificuldades, como lidamos com as situa\u00e7\u00f5es, nossos avan\u00e7os&#8221;, afirmou o secret\u00e1rio.<\/p>\n\n\n\n<p>Ele anunciou tamb\u00e9m que foi enviada para a C\u00e2mara de Vereadores um projeto de lei que reformula legisla\u00e7\u00e3o de 2010, que criava o acolhimento familiar no munic\u00edpio.<\/p>\n\n\n\n<p>&#8220;Em 14 anos, tivemos muitos debates e pedimos pela atualiza\u00e7\u00e3o da legisla\u00e7\u00e3o. Agrade\u00e7o ao Capit\u00e3o Nelson pelo cuidado e apoio com a Assist\u00eancia Social, como a cria\u00e7\u00e3o de mais um Conselho Tutelar no munic\u00edpio, dentre outros equipamentos&#8221;, destacou Felippe Mattos .<\/p>\n\n\n\n<p>Dentre os palestrantes do evento, estavam a subsecret\u00e1ria da Inf\u00e2ncia e Adolesc\u00eancia Mariana Frizieiro; a professora Andrea Ledig, doutora em Pol\u00edticas P\u00fablicas e uma das respons\u00e1veis por acompanhar o processo da supervis\u00e3o t\u00e9cnica das crian\u00e7as; e Lindomar Dar\u00f3s, psic\u00f3logo da equipe t\u00e9cnica da Vara da Inf\u00e2ncia e Adolesc\u00eancia de S\u00e3o Gon\u00e7alo. O evento ocorre todos os anos, em diversos munic\u00edpios. Nos dois \u00faltimos anos, ele foi realizado em S\u00e3o Gon\u00e7alo.<\/p>\n\n\n\n<p><strong>Sobre o acolhimento<\/strong>\u00a0&#8211; O acolhimento familiar \u00e9 diferente de adotar uma crian\u00e7a. No acolhimento, fam\u00edlias recebem crian\u00e7as que foram v\u00edtimas de neglig\u00eancia, abandono, situa\u00e7\u00e3o de vulnerabilidade, que estiveram em risco social, viveram abusos e viol\u00eancia dom\u00e9stica, por exemplo. A fam\u00edlia fica com a crian\u00e7a por seis meses e fornece os cuidados necess\u00e1rios. <\/p>\n\n\n\n<p>A fam\u00edlia \u00e9 escolhida ap\u00f3s avalia\u00e7\u00f5es feitas pela equipe do Servi\u00e7o de Acolhimento Familiar (SAF), que inclui tr\u00eas assistentes sociais, tr\u00eas psic\u00f3logos, coordena\u00e7\u00e3o e supervis\u00e3o t\u00e9cnica. Depois desse per\u00edodo, a crian\u00e7a vai para a ado\u00e7\u00e3o ou para a reinser\u00e7\u00e3o familiar, dependendo do caso. Durante o acolhimento, tanto as crian\u00e7as quanto a fam\u00edlia de origem e a fam\u00edlia acolhedora recebem apoio e orienta\u00e7\u00e3o da equipe t\u00e9cnica da secretaria.<\/p>\n\n\n\n<p><em>Fotos: Julio Diniz<\/em><\/p>\n","protected":false},"excerpt":{"rendered":"<p>Profissionais de v\u00e1rios munic\u00edpios estiveram presentes\u00a0 A Secretaria de Assist\u00eancia Social da Prefeitura de S\u00e3o Gon\u00e7alo, atrav\u00e9s da Subsecretaria de&hellip;<\/p>\n","protected":false},"author":5,"featured_media":6267,"comment_status":"open","ping_status":"open","sticky":false,"template":"","format":"standard","meta":{"fifu_image_url":"","fifu_image_alt":"","footnotes":""},"categories":[3],"tags":[],"class_list":["post-6266","post","type-post","status-publish","format-standard","has-post-thumbnail","hentry","category-sao-goncalo"],"_links":{"self":[{"href":"https:\/\/sgvaimudar.com.br\/index.php\/wp-json\/wp\/v2\/posts\/6266","targetHints":{"allow":["GET"]}}],"collection":[{"href":"https:\/\/sgvaimudar.com.br\/index.php\/wp-json\/wp\/v2\/posts"}],"about":[{"href":"https:\/\/sgvaimudar.com.br\/index.php\/wp-json\/wp\/v2\/types\/post"}],"author":[{"embeddable":true,"href":"https:\/\/sgvaimudar.com.br\/index.php\/wp-json\/wp\/v2\/users\/5"}],"replies":[{"embeddable":true,"href":"https:\/\/sgvaimudar.com.br\/index.php\/wp-json\/wp\/v2\/comments?post=6266"}],"version-history":[{"count":1,"href":"https:\/\/sgvaimudar.com.br\/index.php\/wp-json\/wp\/v2\/posts\/6266\/revisions"}],"predecessor-version":[{"id":6269,"href":"https:\/\/sgvaimudar.com.br\/index.php\/wp-json\/wp\/v2\/posts\/6266\/revisions\/6269"}],"wp:featuredmedia":[{"embeddable":true,"href":"https:\/\/sgvaimudar.com.br\/index.php\/wp-json\/wp\/v2\/media\/6267"}],"wp:attachment":[{"href":"https:\/\/sgvaimudar.com.br\/index.php\/wp-json\/wp\/v2\/media?parent=6266"}],"wp:term":[{"taxonomy":"category","embeddable":true,"href":"https:\/\/sgvaimudar.com.br\/index.php\/wp-json\/wp\/v2\/categories?post=6266"},{"taxonomy":"post_tag","embeddable":true,"href":"https:\/\/sgvaimudar.com.br\/index.php\/wp-json\/wp\/v2\/tags?post=6266"}],"curies":[{"name":"wp","href":"https:\/\/api.w.org\/{rel}","templated":true}]}}