{"id":6227,"date":"2024-05-17T09:15:27","date_gmt":"2024-05-17T12:15:27","guid":{"rendered":"https:\/\/sgvaimudar.com.br\/?p=6227"},"modified":"2024-05-17T10:18:48","modified_gmt":"2024-05-17T13:18:48","slug":"impasse-na-r-o-moradores-de-piratininga-pedem-sossego-e-secretario-diz-que-nao-existe-pertubacao-no-local","status":"publish","type":"post","link":"https:\/\/sgvaimudar.com.br\/index.php\/2024\/05\/17\/impasse-na-r-o-moradores-de-piratininga-pedem-sossego-e-secretario-diz-que-nao-existe-pertubacao-no-local\/","title":{"rendered":"Impasse na R.O.: Moradores de Piratininga pedem sossego e secret\u00e1rio diz que n\u00e3o existe perturba\u00e7\u00e3o no local"},"content":{"rendered":"\n<p>Os moradores de Piratininga h\u00e1 tempo protestam de v\u00e1rias formas e nos \u00faltimos dias foram \u00e0s redes sociais para se manifestarem contra o of\u00edcio do secret\u00e1rio de Ordem P\u00fablica, Paulo Henrique Azevedo de Moraes, enviado no dia 10 de maio, como resposta para a Ouvidoria da Prefeitura de Niter\u00f3i, no qual ele afirma que o Zen Bar, acusado pela vizinhan\u00e7a de ser barulhento, j\u00e1 possuir o&nbsp;Projeto de Tratamento Ac\u00fastico (PTA) aprovado e que o local n\u00e3o perturba o sossego p\u00fablico.<\/p>\n\n\n\n<p>\u201cNada justifica. J\u00e1 pedimos, solicitamos, denunciamos, chamamos a pol\u00edcia, mas nada parece conter o desrespeito \u00e0 Lei do Sil\u00eancio. Com esse despacho ele t\u00e1 querendo dizer que dezenas de grava\u00e7\u00f5es de moradores de Piratininga, que atestam o som alto emitido por uma boate \u00e9 mentira? Ser\u00e1 que o estabelecimento tem sua total prote\u00e7\u00e3o? \u00e9 isso?&#8221;, indagou o morador Jos\u00e9 Messias Xavier.<\/p>\n\n\n\n<figure class=\"wp-block-image size-full\"><img fetchpriority=\"high\" decoding=\"async\" width=\"450\" height=\"545\" src=\"https:\/\/sgvaimudar.com.br\/wp-content\/uploads\/2024\/05\/oficio.jpg\" alt=\"\" class=\"wp-image-6229\" srcset=\"https:\/\/sgvaimudar.com.br\/wp-content\/uploads\/2024\/05\/oficio.jpg 450w, https:\/\/sgvaimudar.com.br\/wp-content\/uploads\/2024\/05\/oficio-248x300.jpg 248w\" sizes=\"(max-width: 450px) 100vw, 450px\" \/><\/figure>\n\n\n\n<p>Eles protocolaram ainda um abaixo-assinado junto ao Minist\u00e9rio P\u00fablico do Rio de Janeiro (MPRJ) pedindo a ado\u00e7\u00e3o de medidas de controle de polui\u00e7\u00e3o sonora e contra a desordem urbana na localidade.<\/p>\n\n\n\n<figure class=\"wp-block-video\"><video height=\"360\" style=\"aspect-ratio: 640 \/ 360;\" width=\"640\" controls src=\"https:\/\/sgvaimudar.com.br\/wp-content\/uploads\/2024\/05\/436007586_1004914694359030_674132455803539444_n.mp4\"><\/video><\/figure>\n\n\n\n<p>Segundo os moradores essa grava\u00e7\u00e3o \u00e9 de 11 de maio e foi feita pouco depois da 1h da manh\u00e3, como mostra o registro do cart\u00e3o SD. Que prote\u00e7\u00e3o ac\u00fastica \u00e9 essa? pergunta um vizinho incomodado.<\/p>\n\n\n\n<p>As pessoas querem que o \u00f3rg\u00e3o interfira junto \u00e0 prefeitura para que sejam realizados estudos de impacto ambiental e de vizinhan\u00e7a, al\u00e9m de fiscaliza\u00e7\u00e3o para instala\u00e7\u00e3o de prote\u00e7\u00e3o ac\u00fastica em estabelecimentos comerciais e religiosos que ficam na Estrada Francisco da Cruz Nunes e em ruas adjacentes e realizam eventos musicais.<\/p>\n\n\n\n<figure class=\"wp-block-video\"><video height=\"360\" style=\"aspect-ratio: 640 \/ 360;\" width=\"640\" controls src=\"https:\/\/sgvaimudar.com.br\/wp-content\/uploads\/2024\/05\/436638673_971599697507533_6352238464176864294_n.mp4\"><\/video><\/figure>\n\n\n\n<p>De acordo com o documento enviado ao Judici\u00e1rio, os principais logradouros afetados pelos problemas s\u00e3o a ruas Roma, Eurico Arag\u00e3o e F\u00e9lix Gomes da Costa, al\u00e9m da pr\u00f3pria Estrada Francisco da Cruz Nunes. A medida solicitada pelos moradores abrange \u201cestabelecimentos comerciais e religiosos, instalados e que venham a se instalar na Estrada Francisco da Cruz Nunes, em ambos os lados da via e em suas transversais, no trecho compreendido entre as ruas Ari Gomes da Silva e Jornalista Ramiro Cruz\u201d, diz o texto encaminhado ao MP.<\/p>\n\n\n\n<p>Segundo Jo\u00e3o Carlos da Silva Sousa, que mora h\u00e1 30 anos na Estrada Francisco da Cruz Nunes, al\u00e9m do Zen Bar, quatro igrejas promovem m\u00fasica alta e carros estacionados nas ruas transversais e na via principal, impedindo o acesso dos pedestres \u00e0s cal\u00e7adas.<\/p>\n\n\n\n<p>&#8220;Perdemos a qualidade de vida, noites de sono, sossego e confian\u00e7a no cumprimento da lei, porque n\u00e3o \u00e9 poss\u00edvel que diante de seguidas den\u00fancias e flagrantes nada seja feito para resolver este problema\u201d, disse o aposentado.<\/p>\n\n\n\n<p><strong>Multa por descumprimento<\/strong><\/p>\n\n\n\n<p>Em nota, o Departamento de Fiscaliza\u00e7\u00e3o de Posturas informou que tem realizado fiscaliza\u00e7\u00f5es constantes nos locais. Esclareceu ainda que, no caso da boate Zen, o estabelecimento tem Projeto de Tratamento Ac\u00fastico (PTA) aprovado para funcionamento de portas fechadas. O \u00f3rg\u00e3o enfatiza ainda que novas fiscaliza\u00e7\u00f5es ser\u00e3o feitas para constatar se a determina\u00e7\u00e3o vem sendo descumprida.<\/p>\n\n\n\n<p>\u201cNeste caso, os respons\u00e1veis ser\u00e3o intimados a suspender qualquer atividade com som e, se desrespeitarem o acordo, pagar\u00e3o multa que pode chegar a R$ 30 mil\u201d, disse o \u00f3rg\u00e3o na nota.<\/p>\n\n\n\n<p>Procurada, a Prefeitura n\u00e3o se manifestou at\u00e9 o fechamento da mat\u00e9ria sobre o of\u00edcio. J\u00e1 o Bar Zen disse que em nenhum momento n\u00e3o houve qualquer notifica\u00e7\u00e3o com rela\u00e7\u00e3o a isso. &#8220;Soube pela internet tamb\u00e9m. Estamos 100% dentro das normas e documentados com rela\u00e7\u00e3o a tratamento sonoro&#8221;, respondeu o estabelecimento.<\/p>\n","protected":false},"excerpt":{"rendered":"<p>Os moradores de Piratininga h\u00e1 tempo protestam de v\u00e1rias formas e nos \u00faltimos dias foram \u00e0s redes sociais para se&hellip;<\/p>\n","protected":false},"author":5,"featured_media":6232,"comment_status":"open","ping_status":"open","sticky":false,"template":"","format":"standard","meta":{"fifu_image_url":"","fifu_image_alt":"","footnotes":""},"categories":[34],"tags":[],"class_list":["post-6227","post","type-post","status-publish","format-standard","has-post-thumbnail","hentry","category-niteroi"],"_links":{"self":[{"href":"https:\/\/sgvaimudar.com.br\/index.php\/wp-json\/wp\/v2\/posts\/6227","targetHints":{"allow":["GET"]}}],"collection":[{"href":"https:\/\/sgvaimudar.com.br\/index.php\/wp-json\/wp\/v2\/posts"}],"about":[{"href":"https:\/\/sgvaimudar.com.br\/index.php\/wp-json\/wp\/v2\/types\/post"}],"author":[{"embeddable":true,"href":"https:\/\/sgvaimudar.com.br\/index.php\/wp-json\/wp\/v2\/users\/5"}],"replies":[{"embeddable":true,"href":"https:\/\/sgvaimudar.com.br\/index.php\/wp-json\/wp\/v2\/comments?post=6227"}],"version-history":[{"count":4,"href":"https:\/\/sgvaimudar.com.br\/index.php\/wp-json\/wp\/v2\/posts\/6227\/revisions"}],"predecessor-version":[{"id":6246,"href":"https:\/\/sgvaimudar.com.br\/index.php\/wp-json\/wp\/v2\/posts\/6227\/revisions\/6246"}],"wp:featuredmedia":[{"embeddable":true,"href":"https:\/\/sgvaimudar.com.br\/index.php\/wp-json\/wp\/v2\/media\/6232"}],"wp:attachment":[{"href":"https:\/\/sgvaimudar.com.br\/index.php\/wp-json\/wp\/v2\/media?parent=6227"}],"wp:term":[{"taxonomy":"category","embeddable":true,"href":"https:\/\/sgvaimudar.com.br\/index.php\/wp-json\/wp\/v2\/categories?post=6227"},{"taxonomy":"post_tag","embeddable":true,"href":"https:\/\/sgvaimudar.com.br\/index.php\/wp-json\/wp\/v2\/tags?post=6227"}],"curies":[{"name":"wp","href":"https:\/\/api.w.org\/{rel}","templated":true}]}}