{"id":6181,"date":"2024-05-16T12:00:00","date_gmt":"2024-05-16T15:00:00","guid":{"rendered":"https:\/\/sgvaimudar.com.br\/?p=6181"},"modified":"2024-05-15T19:37:47","modified_gmt":"2024-05-15T22:37:47","slug":"galerias-para-macrodrenagem-no-porto-do-rosa-sao-instaladas","status":"publish","type":"post","link":"https:\/\/sgvaimudar.com.br\/index.php\/2024\/05\/16\/galerias-para-macrodrenagem-no-porto-do-rosa-sao-instaladas\/","title":{"rendered":"Galerias para macrodrenagem no Porto do Rosa s\u00e3o instaladas\u00a0"},"content":{"rendered":"\n<p><em>Obras de infraestrutura incluem os bairros do Mutu\u00e1 e Mutuagua\u00e7u<\/em><\/p>\n\n\n\n<p>As obras nas 14 ruas dos bairros do Mutu\u00e1, Mutuagua\u00e7u e Porto do Rosa seguem a todo vapor. Na \u00faltima quinta-feira (11), foi instalado, na rua Guimar\u00e3es Passos, um sistema de drenagem e macrodrenagem com galerias para conter os alagamentos da \u00e1rea. &#8220;Com isso, as \u00e1guas que antes alagavam a regi\u00e3o passar\u00e3o a ser direcionadas para um canal. De l\u00e1, as \u00e1guas ir\u00e3o desembocar na Ba\u00eda de Guanabara, minimizando os alagamentos cr\u00f4nicos nos bairros&#8221;, disse a Prefeitura na nota.<\/p>\n\n\n\n<figure class=\"wp-block-image size-full\"><img fetchpriority=\"high\" decoding=\"async\" width=\"681\" height=\"1024\" src=\"https:\/\/sgvaimudar.com.br\/wp-content\/uploads\/2024\/05\/unnamed-10-6.jpg\" alt=\"\" class=\"wp-image-6183\" srcset=\"https:\/\/sgvaimudar.com.br\/wp-content\/uploads\/2024\/05\/unnamed-10-6.jpg 681w, https:\/\/sgvaimudar.com.br\/wp-content\/uploads\/2024\/05\/unnamed-10-6-200x300.jpg 200w\" sizes=\"(max-width: 681px) 100vw, 681px\" \/><\/figure>\n\n\n\n<p>O pacote de obras inclui macro e microdrenagem de \u00e1guas pluviais, pavimenta\u00e7\u00e3o, meios-fios, passeios e sinaliza\u00e7\u00e3o vi\u00e1ria horizontal e vertical em 14 ruas dos bairros. Ao todo, os logradouros que receber\u00e3o as interven\u00e7\u00f5es s\u00e3o Avenida Paula Lemos (parte), e ruas General Canrobert, Professor Altivo (parte), Padre Nicolau Lu\u00eds, Lib\u00f3rio Viana, \u00c1lvaro Costa, David Alves, Ismael Passos, Cust\u00f3dio Duarte, Capit\u00e3o Crisanto Bastos, Ricardo Jorge, Guimar\u00e3es Passos, Diogo Pereira e uma via sem nome.<\/p>\n\n\n\n<p>As equipes da Secretaria de Desenvolvimento Urbano da Prefeitura de S\u00e3o Gon\u00e7alo, respons\u00e1vel pela obra, j\u00e1 instalaram manilhas para drenagem em algumas dessas ruas, outras ainda est\u00e3o passando pelo procedimento.<\/p>\n\n\n\n<p>&#8220;O objetivo do projeto \u00e9 garantir melhorias na qualidade de vida, acessibilidade, condi\u00e7\u00f5es de higiene e seguran\u00e7a para a toda a regi\u00e3o. Com um investimento de R$ 38 milh\u00f5es, os trabalhos ir\u00e3o englobar mais de 3,8 quil\u00f4metros de extens\u00e3o. O prazo de dura\u00e7\u00e3o das obras \u00e9 de 12 meses&#8221;, afirmou o Executivo no texto.<\/p>\n\n\n\n<p>As novas obras ir\u00e3o beneficiar mais de 10 mil gon\u00e7alenses, entre pessoas que circulam pela regi\u00e3o e moradores. Neste \u00faltimo grupo, est\u00e1 a gon\u00e7alense Jandeina da Silva, de 51 anos. Ela mora no Porto do Rosa desde que tinha 5 anos e j\u00e1 passou por diversos problemas com enchentes no local.<\/p>\n\n\n\n<p>&#8220;Eu j\u00e1 vi tentarem resolver esse problema com obras aqui, mas isso h\u00e1 mais de 25 anos, e n\u00e3o conseguiram. Eu j\u00e1 sofri muito com as enchentes aqui. Entrava muita \u00e1gua na minha casa e o n\u00edvel da \u00e1gua j\u00e1 chegou at\u00e9 a minha cintura. Por isso, eu fiz uma obra aqui e coloquei minha casa no alto. Acho que se a obra for como est\u00e3o prometendo, vai ser \u00f3timo! Tem muita gente que sofre com os alagamentos aqui&#8221;, contou a moradora.<\/p>\n\n\n\n<p>A interven\u00e7\u00e3o integra o eixo Cidade Bem Cuidada e Organizada do Plano Estrat\u00e9gico Novos Rumos, elaborado pela Secretaria de Gest\u00e3o Integrada e Projetos Especiais (Semgipe), para definir as prioridades para a utiliza\u00e7\u00e3o dos recursos oriundos do leil\u00e3o de concess\u00e3o dos servi\u00e7os da Cedae e de emendas parlamentares.\u00a0<\/p>\n\n\n\n<p><em>Fotos: Julio Diniz<\/em><\/p>\n","protected":false},"excerpt":{"rendered":"<p>Obras de infraestrutura incluem os bairros do Mutu\u00e1 e Mutuagua\u00e7u As obras nas 14 ruas dos bairros do Mutu\u00e1, Mutuagua\u00e7u&hellip;<\/p>\n","protected":false},"author":5,"featured_media":6182,"comment_status":"open","ping_status":"open","sticky":false,"template":"","format":"standard","meta":{"fifu_image_url":"","fifu_image_alt":"","footnotes":""},"categories":[3],"tags":[],"class_list":["post-6181","post","type-post","status-publish","format-standard","has-post-thumbnail","hentry","category-sao-goncalo"],"_links":{"self":[{"href":"https:\/\/sgvaimudar.com.br\/index.php\/wp-json\/wp\/v2\/posts\/6181","targetHints":{"allow":["GET"]}}],"collection":[{"href":"https:\/\/sgvaimudar.com.br\/index.php\/wp-json\/wp\/v2\/posts"}],"about":[{"href":"https:\/\/sgvaimudar.com.br\/index.php\/wp-json\/wp\/v2\/types\/post"}],"author":[{"embeddable":true,"href":"https:\/\/sgvaimudar.com.br\/index.php\/wp-json\/wp\/v2\/users\/5"}],"replies":[{"embeddable":true,"href":"https:\/\/sgvaimudar.com.br\/index.php\/wp-json\/wp\/v2\/comments?post=6181"}],"version-history":[{"count":1,"href":"https:\/\/sgvaimudar.com.br\/index.php\/wp-json\/wp\/v2\/posts\/6181\/revisions"}],"predecessor-version":[{"id":6184,"href":"https:\/\/sgvaimudar.com.br\/index.php\/wp-json\/wp\/v2\/posts\/6181\/revisions\/6184"}],"wp:featuredmedia":[{"embeddable":true,"href":"https:\/\/sgvaimudar.com.br\/index.php\/wp-json\/wp\/v2\/media\/6182"}],"wp:attachment":[{"href":"https:\/\/sgvaimudar.com.br\/index.php\/wp-json\/wp\/v2\/media?parent=6181"}],"wp:term":[{"taxonomy":"category","embeddable":true,"href":"https:\/\/sgvaimudar.com.br\/index.php\/wp-json\/wp\/v2\/categories?post=6181"},{"taxonomy":"post_tag","embeddable":true,"href":"https:\/\/sgvaimudar.com.br\/index.php\/wp-json\/wp\/v2\/tags?post=6181"}],"curies":[{"name":"wp","href":"https:\/\/api.w.org\/{rel}","templated":true}]}}